{"id":906,"date":"2021-03-19T16:39:00","date_gmt":"2021-03-19T16:39:00","guid":{"rendered":"https:\/\/www.gucehaber.com\/?p=906"},"modified":"2021-03-19T16:39:02","modified_gmt":"2021-03-19T16:39:02","slug":"gucede-eller-semaya-sehitler-icin-kalkti","status":"publish","type":"post","link":"https:\/\/www.gucehaber.com\/index.php\/2021\/03\/19\/gucede-eller-semaya-sehitler-icin-kalkti\/","title":{"rendered":"G\u00fcce\u2019de Eller Semaya \u015eehitler \u0130\u00e7in Kalkt\u0131"},"content":{"rendered":"\n<p>G\u00fcce il\u00e7esinde 18 Mart \u015eehitleri Anma G\u00fcn\u00fc ve \u00c7anakkale Deniz Zaferi\u2019nin 106. Y\u0131l d\u00f6n\u00fcm\u00fc dolay\u0131s\u0131yla \u015fehitler i\u00e7in mevlit okutuldu.<\/p>\n\n\n\n<figure class=\"wp-block-image size-large\"><img loading=\"lazy\" decoding=\"async\" width=\"1024\" height=\"576\" src=\"https:\/\/www.gucehaber.com\/wp-content\/uploads\/2021\/03\/mev5-1024x576.jpg\" alt=\"\" class=\"wp-image-907\" srcset=\"https:\/\/www.gucehaber.com\/wp-content\/uploads\/2021\/03\/mev5-1024x576.jpg 1024w, https:\/\/www.gucehaber.com\/wp-content\/uploads\/2021\/03\/mev5-300x169.jpg 300w, https:\/\/www.gucehaber.com\/wp-content\/uploads\/2021\/03\/mev5-768x432.jpg 768w, https:\/\/www.gucehaber.com\/wp-content\/uploads\/2021\/03\/mev5.jpg 1440w\" sizes=\"auto, (max-width: 1024px) 100vw, 1024px\" \/><\/figure>\n\n\n\n<p>\u00a0G\u00fcce \u0130l\u00e7e M\u00fcft\u00fcl\u00fc\u011f\u00fcn\u00fcn haz\u0131rlam\u0131\u015f oldu\u011fu \u201c18 Mart \u015eehitleri Anma\u201d Program\u0131nda G\u00fcce Merkez Cami\u2019sinde yeni tip koronavir\u00fcs (Kovid-19) tedbirleri uygulanarak Kur\u2019an-\u0131 Kerim Ziyafeti ve Mevlid-i \u015eerif icras\u0131 ger\u00e7ekle\u015ftirildi.<\/p>\n\n\n\n<figure class=\"wp-block-image size-large\"><img loading=\"lazy\" decoding=\"async\" width=\"960\" height=\"540\" src=\"https:\/\/www.gucehaber.com\/wp-content\/uploads\/2021\/03\/mev3.jpg\" alt=\"\" class=\"wp-image-908\" srcset=\"https:\/\/www.gucehaber.com\/wp-content\/uploads\/2021\/03\/mev3.jpg 960w, https:\/\/www.gucehaber.com\/wp-content\/uploads\/2021\/03\/mev3-300x169.jpg 300w, https:\/\/www.gucehaber.com\/wp-content\/uploads\/2021\/03\/mev3-768x432.jpg 768w\" sizes=\"auto, (max-width: 960px) 100vw, 960px\" \/><\/figure>\n\n\n\n<p>\u00a0\u00a0 Okunan Kur\u2019an\u0131 Kerimin ard\u0131ndan k\u00fcrs\u00fcye gelen \u0130l\u00e7e M\u00fcft\u00fcs\u00fc Mehmet Ay\u0131n, &#8221;Vatan\u0131m\u0131z\u0131 kanlar\u0131yla sulayan ve mukaddes de\u011ferler u\u011fruna \u015fahadet \u015ferbeti i\u00e7en Aziz \u015eehitlerimizi rahmetle ve minnetle y\u00e2d ediyoruz. Mekanlar\u0131 cennet olsun\u201d dedi.<\/p>\n\n\n\n<figure class=\"wp-block-image size-large\"><img loading=\"lazy\" decoding=\"async\" width=\"960\" height=\"540\" src=\"https:\/\/www.gucehaber.com\/wp-content\/uploads\/2021\/03\/mev4.jpg\" alt=\"\" class=\"wp-image-909\" srcset=\"https:\/\/www.gucehaber.com\/wp-content\/uploads\/2021\/03\/mev4.jpg 960w, https:\/\/www.gucehaber.com\/wp-content\/uploads\/2021\/03\/mev4-300x169.jpg 300w, https:\/\/www.gucehaber.com\/wp-content\/uploads\/2021\/03\/mev4-768x432.jpg 768w\" sizes=\"auto, (max-width: 960px) 100vw, 960px\" \/><\/figure>\n","protected":false},"excerpt":{"rendered":"<p>G\u00fcce il\u00e7esinde 18 Mart \u015eehitleri Anma G\u00fcn\u00fc ve \u00c7anakkale Deniz Zaferi\u2019nin 106. Y\u0131l d\u00f6n\u00fcm\u00fc dolay\u0131s\u0131yla \u015fehitler i\u00e7in mevlit okutuldu. \u00a0G\u00fcce \u0130l\u00e7e M\u00fcft\u00fcl\u00fc\u011f\u00fcn\u00fcn haz\u0131rlam\u0131\u015f oldu\u011fu \u201c18 Mart \u015eehitleri Anma\u201d Program\u0131nda G\u00fcce Merkez Cami\u2019sinde yeni tip koronavir\u00fcs (Kovid-19) tedbirleri uygulanarak Kur\u2019an-\u0131 Kerim Ziyafeti ve Mevlid-i \u015eerif icras\u0131 ger\u00e7ekle\u015ftirildi. \u00a0\u00a0 Okunan Kur\u2019an\u0131 Kerimin ard\u0131ndan k\u00fcrs\u00fcye gelen \u0130l\u00e7e M\u00fcft\u00fcs\u00fc [&hellip;]<\/p>\n","protected":false},"author":1,"featured_media":907,"comment_status":"open","ping_status":"open","sticky":false,"template":"","format":"standard","meta":{"footnotes":""},"categories":[7,14],"tags":[],"class_list":["post-906","post","type-post","status-publish","format-standard","has-post-thumbnail","hentry","category-guce","category-ozel"],"aioseo_notices":[],"_links":{"self":[{"href":"https:\/\/www.gucehaber.com\/index.php\/wp-json\/wp\/v2\/posts\/906","targetHints":{"allow":["GET"]}}],"collection":[{"href":"https:\/\/www.gucehaber.com\/index.php\/wp-json\/wp\/v2\/posts"}],"about":[{"href":"https:\/\/www.gucehaber.com\/index.php\/wp-json\/wp\/v2\/types\/post"}],"author":[{"embeddable":true,"href":"https:\/\/www.gucehaber.com\/index.php\/wp-json\/wp\/v2\/users\/1"}],"replies":[{"embeddable":true,"href":"https:\/\/www.gucehaber.com\/index.php\/wp-json\/wp\/v2\/comments?post=906"}],"version-history":[{"count":1,"href":"https:\/\/www.gucehaber.com\/index.php\/wp-json\/wp\/v2\/posts\/906\/revisions"}],"predecessor-version":[{"id":911,"href":"https:\/\/www.gucehaber.com\/index.php\/wp-json\/wp\/v2\/posts\/906\/revisions\/911"}],"wp:featuredmedia":[{"embeddable":true,"href":"https:\/\/www.gucehaber.com\/index.php\/wp-json\/wp\/v2\/media\/907"}],"wp:attachment":[{"href":"https:\/\/www.gucehaber.com\/index.php\/wp-json\/wp\/v2\/media?parent=906"}],"wp:term":[{"taxonomy":"category","embeddable":true,"href":"https:\/\/www.gucehaber.com\/index.php\/wp-json\/wp\/v2\/categories?post=906"},{"taxonomy":"post_tag","embeddable":true,"href":"https:\/\/www.gucehaber.com\/index.php\/wp-json\/wp\/v2\/tags?post=906"}],"curies":[{"name":"wp","href":"https:\/\/api.w.org\/{rel}","templated":true}]}}