{"id":887,"date":"2021-03-12T07:51:27","date_gmt":"2021-03-12T07:51:27","guid":{"rendered":"https:\/\/www.gucehaber.com\/?p=887"},"modified":"2021-03-12T07:52:03","modified_gmt":"2021-03-12T07:52:03","slug":"gucede-kan-bagisi-kampanyasi-duzenlendi","status":"publish","type":"post","link":"https:\/\/www.gucehaber.com\/index.php\/2021\/03\/12\/gucede-kan-bagisi-kampanyasi-duzenlendi\/","title":{"rendered":"G\u00fcce&#8217;de Kan Ba\u011f\u0131\u015f\u0131 Kampanyas\u0131 D\u00fczenlendi"},"content":{"rendered":"\n<p>\u00a0\u00a0 T\u00fcrk K\u0131z\u0131lay\u0131 Giresun Kan Merkezi taraf\u0131nda Osman A\u011fa Meydan\u0131\u2019nda kurdu\u011fu stantta kan ba\u011f\u0131\u015f\u0131 kampanyas\u0131 d\u00fczenledi.<\/p>\n\n\n\n<figure class=\"wp-block-image size-large\"><img loading=\"lazy\" decoding=\"async\" width=\"1024\" height=\"683\" src=\"https:\/\/www.gucehaber.com\/wp-content\/uploads\/2021\/03\/MG_2004-1024x683.jpg\" alt=\"\" class=\"wp-image-888\" srcset=\"https:\/\/www.gucehaber.com\/wp-content\/uploads\/2021\/03\/MG_2004-1024x683.jpg 1024w, https:\/\/www.gucehaber.com\/wp-content\/uploads\/2021\/03\/MG_2004-300x200.jpg 300w, https:\/\/www.gucehaber.com\/wp-content\/uploads\/2021\/03\/MG_2004-768x512.jpg 768w, https:\/\/www.gucehaber.com\/wp-content\/uploads\/2021\/03\/MG_2004.jpg 1152w\" sizes=\"auto, (max-width: 1024px) 100vw, 1024px\" \/><\/figure>\n\n\n\n<p>\u00a0 T\u00fcrk K\u0131z\u0131lay\u0131n Giresun temsilcisi Dr. Mert \u0130lk, kan ba\u011f\u0131\u015f\u0131 ile \u015fifa bekleyen hastalara umut olan vatanda\u015flara te\u015fekk\u00fcr etti.<\/p>\n\n\n\n<figure class=\"wp-block-image size-large\"><img loading=\"lazy\" decoding=\"async\" width=\"1024\" height=\"683\" src=\"https:\/\/www.gucehaber.com\/wp-content\/uploads\/2021\/03\/MG_2007-1024x683.jpg\" alt=\"\" class=\"wp-image-891\" srcset=\"https:\/\/www.gucehaber.com\/wp-content\/uploads\/2021\/03\/MG_2007-1024x683.jpg 1024w, https:\/\/www.gucehaber.com\/wp-content\/uploads\/2021\/03\/MG_2007-300x200.jpg 300w, https:\/\/www.gucehaber.com\/wp-content\/uploads\/2021\/03\/MG_2007-768x512.jpg 768w, https:\/\/www.gucehaber.com\/wp-content\/uploads\/2021\/03\/MG_2007-1536x1024.jpg 1536w, https:\/\/www.gucehaber.com\/wp-content\/uploads\/2021\/03\/MG_2007-2048x1365.jpg 2048w\" sizes=\"auto, (max-width: 1024px) 100vw, 1024px\" \/><\/figure>\n\n\n\n<p>\u00a0 Kan ba\u011f\u0131\u015flar\u0131n artmas\u0131 ve gereken ilginin g\u00f6sterilmesi halinde hi\u00e7bir hastan\u0131n kan nedeniyle ma\u011fdur olmayaca\u011f\u0131na vurgu yapan Dr. \u0130lk, &#8220;Bir \u00fcnite kanla \u00fc\u00e7 cana dokunabiliyoruz. Ayn\u0131 \u015fekilde d\u00fczenli olarak \u00fc\u00e7 ayda bir kan veren bir fert, kalp krizi riskinden y\u00fczde doksan kurtuluyor. Ayn\u0131 \u015fekilde \u00fccretsiz olarak testlerini yapt\u0131r\u0131p, herhangi bir s\u0131k\u0131nt\u0131 olursa \u00f6\u011frenmi\u015f oluyor. Kansere yakalanma riski azal\u0131yor, h\u00fccrelerimiz yenileniyor daha bir\u00e7ok sayamayaca\u011f\u0131m\u0131z faydalar\u0131 var. Bir \u00fcnite kan deyip ge\u00e7meyelim. Verece\u011fimiz bir \u00fcnite kan vatan\u0131 ve milleti i\u00e7in can\u0131n\u0131 feda eden bir Mehmet\u00e7i\u011fe can olabilir.&#8221;<\/p>\n\n\n\n<figure class=\"wp-block-image size-large\"><img loading=\"lazy\" decoding=\"async\" width=\"960\" height=\"540\" src=\"https:\/\/www.gucehaber.com\/wp-content\/uploads\/2021\/03\/kan1.jpg\" alt=\"\" class=\"wp-image-889\" srcset=\"https:\/\/www.gucehaber.com\/wp-content\/uploads\/2021\/03\/kan1.jpg 960w, https:\/\/www.gucehaber.com\/wp-content\/uploads\/2021\/03\/kan1-300x169.jpg 300w, https:\/\/www.gucehaber.com\/wp-content\/uploads\/2021\/03\/kan1-768x432.jpg 768w\" sizes=\"auto, (max-width: 960px) 100vw, 960px\" \/><\/figure>\n","protected":false},"excerpt":{"rendered":"<p>\u00a0\u00a0 T\u00fcrk K\u0131z\u0131lay\u0131 Giresun Kan Merkezi taraf\u0131nda Osman A\u011fa Meydan\u0131\u2019nda kurdu\u011fu stantta kan ba\u011f\u0131\u015f\u0131 kampanyas\u0131 d\u00fczenledi. \u00a0 T\u00fcrk K\u0131z\u0131lay\u0131n Giresun temsilcisi Dr. Mert \u0130lk, kan ba\u011f\u0131\u015f\u0131 ile \u015fifa bekleyen hastalara umut olan vatanda\u015flara te\u015fekk\u00fcr etti. \u00a0 Kan ba\u011f\u0131\u015flar\u0131n artmas\u0131 ve gereken ilginin g\u00f6sterilmesi halinde hi\u00e7bir hastan\u0131n kan nedeniyle ma\u011fdur olmayaca\u011f\u0131na vurgu yapan Dr. \u0130lk, &#8220;Bir [&hellip;]<\/p>\n","protected":false},"author":1,"featured_media":889,"comment_status":"open","ping_status":"open","sticky":false,"template":"","format":"standard","meta":{"footnotes":""},"categories":[7],"tags":[],"class_list":["post-887","post","type-post","status-publish","format-standard","has-post-thumbnail","hentry","category-guce"],"aioseo_notices":[],"_links":{"self":[{"href":"https:\/\/www.gucehaber.com\/index.php\/wp-json\/wp\/v2\/posts\/887","targetHints":{"allow":["GET"]}}],"collection":[{"href":"https:\/\/www.gucehaber.com\/index.php\/wp-json\/wp\/v2\/posts"}],"about":[{"href":"https:\/\/www.gucehaber.com\/index.php\/wp-json\/wp\/v2\/types\/post"}],"author":[{"embeddable":true,"href":"https:\/\/www.gucehaber.com\/index.php\/wp-json\/wp\/v2\/users\/1"}],"replies":[{"embeddable":true,"href":"https:\/\/www.gucehaber.com\/index.php\/wp-json\/wp\/v2\/comments?post=887"}],"version-history":[{"count":2,"href":"https:\/\/www.gucehaber.com\/index.php\/wp-json\/wp\/v2\/posts\/887\/revisions"}],"predecessor-version":[{"id":892,"href":"https:\/\/www.gucehaber.com\/index.php\/wp-json\/wp\/v2\/posts\/887\/revisions\/892"}],"wp:featuredmedia":[{"embeddable":true,"href":"https:\/\/www.gucehaber.com\/index.php\/wp-json\/wp\/v2\/media\/889"}],"wp:attachment":[{"href":"https:\/\/www.gucehaber.com\/index.php\/wp-json\/wp\/v2\/media?parent=887"}],"wp:term":[{"taxonomy":"category","embeddable":true,"href":"https:\/\/www.gucehaber.com\/index.php\/wp-json\/wp\/v2\/categories?post=887"},{"taxonomy":"post_tag","embeddable":true,"href":"https:\/\/www.gucehaber.com\/index.php\/wp-json\/wp\/v2\/tags?post=887"}],"curies":[{"name":"wp","href":"https:\/\/api.w.org\/{rel}","templated":true}]}}