{"id":867,"date":"2021-02-22T19:18:27","date_gmt":"2021-02-22T19:18:27","guid":{"rendered":"https:\/\/www.gucehaber.com\/?p=867"},"modified":"2021-02-22T19:20:46","modified_gmt":"2021-02-22T19:20:46","slug":"guce-belediyesinden-kar-temizleme-calismasi","status":"publish","type":"post","link":"https:\/\/www.gucehaber.com\/index.php\/2021\/02\/22\/guce-belediyesinden-kar-temizleme-calismasi\/","title":{"rendered":"G\u00fcce Belediyesi&#8217;nden Kar Temizleme \u00c7al\u0131\u015fmas\u0131"},"content":{"rendered":"\n<p>G\u00fcce Belediyesi Kar Temizleme \u00c7al\u0131\u015fmalar\u0131na Ba\u015flad\u0131.G\u00fcce il\u00e7esinde etkili olan yo\u011fun kar ya\u011f\u0131\u015f\u0131n\u0131n ard\u0131ndan G\u00fcce Belediyesi karla m\u00fccadele ekipleri, il\u00e7e genelinde kar temizleme \u00e7al\u0131\u015fmalar\u0131na ba\u015flad\u0131.<\/p>\n\n\n\n<figure class=\"wp-block-image size-large\"><img loading=\"lazy\" decoding=\"async\" width=\"960\" height=\"540\" src=\"https:\/\/www.gucehaber.com\/wp-content\/uploads\/2021\/02\/k1-1.jpg\" alt=\"\" class=\"wp-image-868\" srcset=\"https:\/\/www.gucehaber.com\/wp-content\/uploads\/2021\/02\/k1-1.jpg 960w, https:\/\/www.gucehaber.com\/wp-content\/uploads\/2021\/02\/k1-1-300x169.jpg 300w, https:\/\/www.gucehaber.com\/wp-content\/uploads\/2021\/02\/k1-1-768x432.jpg 768w\" sizes=\"auto, (max-width: 960px) 100vw, 960px\" \/><\/figure>\n\n\n\n<p>G\u00fcce Belediye Ba\u015fkan\u0131 Aytekin\u00a0Boduro\u011flu, yapt\u0131\u011f\u0131 a\u00e7\u0131klamada, yo\u011fun kar ya\u011f\u0131\u015f\u0131n\u0131n ard\u0131ndan il\u00e7e genelinde kar temizleme \u00e7al\u0131\u015fmas\u0131 ba\u015flatt\u0131klar\u0131n\u0131 s\u00f6yledi.<\/p>\n\n\n\n<figure class=\"wp-block-image size-large\"><img loading=\"lazy\" decoding=\"async\" width=\"960\" height=\"540\" src=\"https:\/\/www.gucehaber.com\/wp-content\/uploads\/2021\/02\/k4-1.jpg\" alt=\"\" class=\"wp-image-869\" srcset=\"https:\/\/www.gucehaber.com\/wp-content\/uploads\/2021\/02\/k4-1.jpg 960w, https:\/\/www.gucehaber.com\/wp-content\/uploads\/2021\/02\/k4-1-300x169.jpg 300w, https:\/\/www.gucehaber.com\/wp-content\/uploads\/2021\/02\/k4-1-768x432.jpg 768w\" sizes=\"auto, (max-width: 960px) 100vw, 960px\" \/><\/figure>\n\n\n\n<p>\u00a0\u0130l\u00e7ede her kar ya\u011f\u0131\u015f\u0131n\u0131n ard\u0131ndan karla m\u00fccadele ekipleri taraf\u0131ndan temizlik seferberli\u011fi ba\u015flatt\u0131klar\u0131n\u0131 dile getiren Boduro\u011flu, &#8220;\u0130l\u00e7emizde ya\u015fanan yo\u011fun kar ya\u011f\u0131\u015f\u0131ndan dolay\u0131, Ekiplerimiz kar ya\u011f\u0131\u015f\u0131n\u0131n ba\u015flad\u0131\u011f\u0131 saatlerden itibaren \u00e7al\u0131\u015fmalara ba\u015flad\u0131. \u0130l\u00e7e merkezinde ve mahallerimizdeki b\u00fct\u00fcn yollar a\u00e7\u0131k durumdad\u0131r. G\u00fcce\u2019de ula\u015f\u0131m\u0131n rahat bir \u015fekilde sa\u011flanmas\u0131 ve vatanda\u015flar\u0131m\u0131z\u0131n ma\u011fdur olmamas\u0131 i\u00e7in \u00e7al\u0131\u015fmalar\u0131m\u0131za aral\u0131ks\u0131z devam edece\u011fiz.<\/p>\n\n\n\n<figure class=\"wp-block-image size-large\"><img loading=\"lazy\" decoding=\"async\" width=\"528\" height=\"960\" src=\"https:\/\/www.gucehaber.com\/wp-content\/uploads\/2021\/02\/k5.jpg\" alt=\"\" class=\"wp-image-870\" srcset=\"https:\/\/www.gucehaber.com\/wp-content\/uploads\/2021\/02\/k5.jpg 528w, https:\/\/www.gucehaber.com\/wp-content\/uploads\/2021\/02\/k5-165x300.jpg 165w\" sizes=\"auto, (max-width: 528px) 100vw, 528px\" \/><\/figure>\n","protected":false},"excerpt":{"rendered":"<p>G\u00fcce Belediyesi Kar Temizleme \u00c7al\u0131\u015fmalar\u0131na Ba\u015flad\u0131.G\u00fcce il\u00e7esinde etkili olan yo\u011fun kar ya\u011f\u0131\u015f\u0131n\u0131n ard\u0131ndan G\u00fcce Belediyesi karla m\u00fccadele ekipleri, il\u00e7e genelinde kar temizleme \u00e7al\u0131\u015fmalar\u0131na ba\u015flad\u0131. G\u00fcce Belediye Ba\u015fkan\u0131 Aytekin\u00a0Boduro\u011flu, yapt\u0131\u011f\u0131 a\u00e7\u0131klamada, yo\u011fun kar ya\u011f\u0131\u015f\u0131n\u0131n ard\u0131ndan il\u00e7e genelinde kar temizleme \u00e7al\u0131\u015fmas\u0131 ba\u015flatt\u0131klar\u0131n\u0131 s\u00f6yledi. \u00a0\u0130l\u00e7ede her kar ya\u011f\u0131\u015f\u0131n\u0131n ard\u0131ndan karla m\u00fccadele ekipleri taraf\u0131ndan temizlik seferberli\u011fi ba\u015flatt\u0131klar\u0131n\u0131 dile getiren [&hellip;]<\/p>\n","protected":false},"author":1,"featured_media":868,"comment_status":"open","ping_status":"open","sticky":false,"template":"","format":"standard","meta":{"footnotes":""},"categories":[7],"tags":[],"class_list":["post-867","post","type-post","status-publish","format-standard","has-post-thumbnail","hentry","category-guce"],"aioseo_notices":[],"_links":{"self":[{"href":"https:\/\/www.gucehaber.com\/index.php\/wp-json\/wp\/v2\/posts\/867","targetHints":{"allow":["GET"]}}],"collection":[{"href":"https:\/\/www.gucehaber.com\/index.php\/wp-json\/wp\/v2\/posts"}],"about":[{"href":"https:\/\/www.gucehaber.com\/index.php\/wp-json\/wp\/v2\/types\/post"}],"author":[{"embeddable":true,"href":"https:\/\/www.gucehaber.com\/index.php\/wp-json\/wp\/v2\/users\/1"}],"replies":[{"embeddable":true,"href":"https:\/\/www.gucehaber.com\/index.php\/wp-json\/wp\/v2\/comments?post=867"}],"version-history":[{"count":2,"href":"https:\/\/www.gucehaber.com\/index.php\/wp-json\/wp\/v2\/posts\/867\/revisions"}],"predecessor-version":[{"id":872,"href":"https:\/\/www.gucehaber.com\/index.php\/wp-json\/wp\/v2\/posts\/867\/revisions\/872"}],"wp:featuredmedia":[{"embeddable":true,"href":"https:\/\/www.gucehaber.com\/index.php\/wp-json\/wp\/v2\/media\/868"}],"wp:attachment":[{"href":"https:\/\/www.gucehaber.com\/index.php\/wp-json\/wp\/v2\/media?parent=867"}],"wp:term":[{"taxonomy":"category","embeddable":true,"href":"https:\/\/www.gucehaber.com\/index.php\/wp-json\/wp\/v2\/categories?post=867"},{"taxonomy":"post_tag","embeddable":true,"href":"https:\/\/www.gucehaber.com\/index.php\/wp-json\/wp\/v2\/tags?post=867"}],"curies":[{"name":"wp","href":"https:\/\/api.w.org\/{rel}","templated":true}]}}