{"id":81,"date":"2019-09-01T17:48:00","date_gmt":"2019-09-01T17:48:00","guid":{"rendered":"http:\/\/www.gucehaber.com\/?p=81"},"modified":"2020-09-06T18:03:54","modified_gmt":"2020-09-06T18:03:54","slug":"saban-kalesi-tabiat-parki-olarak-turizme-hizmet-edecek","status":"publish","type":"post","link":"https:\/\/www.gucehaber.com\/index.php\/2019\/09\/01\/saban-kalesi-tabiat-parki-olarak-turizme-hizmet-edecek\/","title":{"rendered":"\u2018\u015eaban Kalesi\u2019 Tabiat Park\u0131 Olarak Turizme Hizmet Edecek"},"content":{"rendered":"\n<p>G\u00fcce il\u00e7esinde, 1. D\u00fcnya Sava\u015f\u0131\u2019nda Har\u015fit Vadisi\u2019nde Ruslarla m\u00fccadelede en \u00f6nemli cephelerden biri olan \u015eaban Kalesi ve \u00e7evresi, tabiat park\u0131 olarak y\u00f6re turizminin hizmetine sunulacak. G\u00fcce Belediye Ba\u015fkan\u0131 Aytekin Boduro\u011flu: \u2018\u015eaban Kalesi Tabiat Park\u0131\u2019n\u0131n, gelecek nesillere tarihin ve o g\u00fcnlerde ya\u015fananlar\u0131n anlat\u0131lmas\u0131 noktas\u0131nda \u00f6nemli bir misyon \u00fcstlenece\u011fine inan\u0131yorum\u2019<\/p>\n\n\n\n<figure class=\"wp-block-image size-large\"><img loading=\"lazy\" decoding=\"async\" width=\"1024\" height=\"683\" src=\"http:\/\/www.gucehaber.com\/wp-content\/uploads\/2020\/09\/IMG_5638-1024x683-1.jpg\" alt=\"\" class=\"wp-image-82\" srcset=\"https:\/\/www.gucehaber.com\/wp-content\/uploads\/2020\/09\/IMG_5638-1024x683-1.jpg 1024w, https:\/\/www.gucehaber.com\/wp-content\/uploads\/2020\/09\/IMG_5638-1024x683-1-300x200.jpg 300w, https:\/\/www.gucehaber.com\/wp-content\/uploads\/2020\/09\/IMG_5638-1024x683-1-768x512.jpg 768w\" sizes=\"auto, (max-width: 1024px) 100vw, 1024px\" \/><\/figure>\n\n\n\n<p>Giresun\u2019da 1. D\u00fcnya Sava\u015f\u0131 s\u0131ras\u0131nda Har\u015fit Vadisi\u2019nde Ruslarla m\u00fccadelenin en \u00f6nemli cephelerinden \u015eaban Kalesi ve \u00e7evresinin, tabiat park\u0131 olarak gelecek y\u0131ldan itibaren y\u00f6re turizmine hizmet etmesi hedefleniyor.<\/p>\n\n\n\n<figure class=\"wp-block-image size-large\"><img loading=\"lazy\" decoding=\"async\" width=\"1024\" height=\"683\" src=\"http:\/\/www.gucehaber.com\/wp-content\/uploads\/2020\/09\/IMG_4806-1024x683-1.jpg\" alt=\"\" class=\"wp-image-83\" srcset=\"https:\/\/www.gucehaber.com\/wp-content\/uploads\/2020\/09\/IMG_4806-1024x683-1.jpg 1024w, https:\/\/www.gucehaber.com\/wp-content\/uploads\/2020\/09\/IMG_4806-1024x683-1-300x200.jpg 300w, https:\/\/www.gucehaber.com\/wp-content\/uploads\/2020\/09\/IMG_4806-1024x683-1-768x512.jpg 768w\" sizes=\"auto, (max-width: 1024px) 100vw, 1024px\" \/><\/figure>\n\n\n\n<p>G\u00fcce il\u00e7esi s\u0131n\u0131rlar\u0131 i\u00e7inde yer alan ve g\u00f6r\u00fcn\u00fcm\u00fc kaleyi and\u0131rd\u0131\u011f\u0131 i\u00e7in \u201c\u015eaban Kalesi\u201d olarak adland\u0131r\u0131lan b\u00f6lge, Tar\u0131m ve Orman Bakanl\u0131\u011f\u0131nca bu y\u0131l tabiat park\u0131 ilan edildi.<\/p>\n\n\n\n<figure class=\"wp-block-image size-large\"><img loading=\"lazy\" decoding=\"async\" width=\"1024\" height=\"683\" src=\"http:\/\/www.gucehaber.com\/wp-content\/uploads\/2020\/09\/IMG_4515-1024x683-1.jpg\" alt=\"\" class=\"wp-image-84\" srcset=\"https:\/\/www.gucehaber.com\/wp-content\/uploads\/2020\/09\/IMG_4515-1024x683-1.jpg 1024w, https:\/\/www.gucehaber.com\/wp-content\/uploads\/2020\/09\/IMG_4515-1024x683-1-300x200.jpg 300w, https:\/\/www.gucehaber.com\/wp-content\/uploads\/2020\/09\/IMG_4515-1024x683-1-768x512.jpg 768w\" sizes=\"auto, (max-width: 1024px) 100vw, 1024px\" \/><\/figure>\n\n\n\n<p>Karar\u0131n ard\u0131ndan Do\u011fa Koruma ve Milli Parklar M\u00fcd\u00fcrl\u00fc\u011f\u00fc, Har\u015fit Vadisi\u2019nde Ruslarla m\u00fccadelede en \u00f6nemli cephelerden biri olan ve bug\u00fcne kadar 17 \u015fehit mezar\u0131n\u0131n tespit edildi\u011fi b\u00f6lgede \u00e7al\u0131\u015fmalara ba\u015flad\u0131.<\/p>\n\n\n\n<figure class=\"wp-block-image size-large\"><img loading=\"lazy\" decoding=\"async\" width=\"768\" height=\"512\" src=\"http:\/\/www.gucehaber.com\/wp-content\/uploads\/2020\/09\/IMG_2945-768x512-1.jpg\" alt=\"\" class=\"wp-image-85\" srcset=\"https:\/\/www.gucehaber.com\/wp-content\/uploads\/2020\/09\/IMG_2945-768x512-1.jpg 768w, https:\/\/www.gucehaber.com\/wp-content\/uploads\/2020\/09\/IMG_2945-768x512-1-300x200.jpg 300w\" sizes=\"auto, (max-width: 768px) 100vw, 768px\" \/><\/figure>\n\n\n\n<p>Siperlerin ve \u015fehit mezarlar\u0131n\u0131n d\u00fczenlenmesinin yan\u0131 s\u0131ra y\u00fcr\u00fcy\u00fc\u015f yollar\u0131, seyir teraslar\u0131, \u015fehitlik an\u0131t\u0131 ve cephede ya\u015fananlar\u0131n anlat\u0131ld\u0131\u011f\u0131 ziyaret merkezinin yap\u0131laca\u011f\u0131 tabiat park\u0131ndaki \u00e7al\u0131\u015fmalar\u0131n gelecek y\u0131l tamamlanmas\u0131 planlan\u0131yor.<\/p>\n\n\n\n<figure class=\"wp-block-image size-large\"><img loading=\"lazy\" decoding=\"async\" width=\"1024\" height=\"683\" src=\"http:\/\/www.gucehaber.com\/wp-content\/uploads\/2020\/09\/IMG_0444-1024x683-2.jpg\" alt=\"\" class=\"wp-image-86\" srcset=\"https:\/\/www.gucehaber.com\/wp-content\/uploads\/2020\/09\/IMG_0444-1024x683-2.jpg 1024w, https:\/\/www.gucehaber.com\/wp-content\/uploads\/2020\/09\/IMG_0444-1024x683-2-300x200.jpg 300w, https:\/\/www.gucehaber.com\/wp-content\/uploads\/2020\/09\/IMG_0444-1024x683-2-768x512.jpg 768w\" sizes=\"auto, (max-width: 1024px) 100vw, 1024px\" \/><\/figure>\n\n\n\n<p>\u2013 \u201cBurada d\u00fc\u015fman\u0131n ilerleyi\u015fi durdurulmu\u015f\u201d<\/p>\n\n\n\n<p>G\u00fcce Belediye Ba\u015fkan\u0131 Aytekin Boduro\u011flu, AA muhabirine yapt\u0131\u011f\u0131 a\u00e7\u0131klamada, Ruslar\u0131n 1915 y\u0131l\u0131nda Do\u011fu Karadeniz B\u00f6lgesi\u2019ne ilerleyi\u015fini \u00f6nlemek amac\u0131yla askerler ve y\u00f6re halk\u0131n\u0131n kat\u0131l\u0131m\u0131yla Har\u015fit Vadisi\u2019nde geni\u015f savunma cepheleri olu\u015fturuldu\u011funu s\u00f6yledi.<\/p>\n\n\n\n<figure class=\"wp-block-image size-large\"><img loading=\"lazy\" decoding=\"async\" width=\"1024\" height=\"683\" src=\"http:\/\/www.gucehaber.com\/wp-content\/uploads\/2020\/09\/IMG_0450-1024x683-2.jpg\" alt=\"\" class=\"wp-image-87\" srcset=\"https:\/\/www.gucehaber.com\/wp-content\/uploads\/2020\/09\/IMG_0450-1024x683-2.jpg 1024w, https:\/\/www.gucehaber.com\/wp-content\/uploads\/2020\/09\/IMG_0450-1024x683-2-300x200.jpg 300w, https:\/\/www.gucehaber.com\/wp-content\/uploads\/2020\/09\/IMG_0450-1024x683-2-768x512.jpg 768w\" sizes=\"auto, (max-width: 1024px) 100vw, 1024px\" \/><\/figure>\n\n\n\n<p>\u015eaban Kalesi\u2019nin, bu savunma hatlar\u0131n\u0131n en \u00f6nemlilerinden biri oldu\u011funa dikkati \u00e7eken Boduro\u011flu, \u201cBurada yakla\u015f\u0131k 2 y\u0131l boyunca askerlerimiz ve y\u00f6re halk\u0131 taraf\u0131ndan \u00e7ok ciddi direni\u015f g\u00f6sterilmi\u015f. Sonunda da burada d\u00fc\u015fman\u0131n ilerleyi\u015fi durdurulmu\u015f, geri \u00e7ekilmeleri sa\u011flanm\u0131\u015f ve Do\u011fu Karadeniz tamamen Rus i\u015fgalinden kurtar\u0131lm\u0131\u015ft\u0131r.\u201d diye konu\u015ftu.<\/p>\n\n\n\n<p>Belediye olarak 4 y\u0131l \u00f6nce b\u00f6lgenin tarihi \u00f6nemini ortaya \u00e7\u0131karmak, atalar\u0131n vatan topraklar\u0131 i\u00e7in yapt\u0131klar\u0131 fedakarl\u0131klar\u0131 gelecek nesillere aktarmak ad\u0131na \u015eaban Kalesi ve y\u00f6resinin tabiat park\u0131 haline getirilmesi amac\u0131yla giri\u015fimde bulunduklar\u0131n\u0131 belirten Boduro\u011flu, uzun u\u011fra\u015flar sonucu b\u00f6lgenin tabiat park\u0131 ilan edildi\u011fini aktard\u0131.<\/p>\n\n\n\n<p>Boduro\u011flu, b\u00f6lgedeki \u015fehitliklerle ilgili Milli Savunma Bakanl\u0131\u011f\u0131 ve Genelkurmay Ba\u015fkanl\u0131\u011f\u0131na ba\u015fvurduklar\u0131n\u0131, baz\u0131 \u015fehitlere ait kimlik bilgilerinin al\u0131nd\u0131\u011f\u0131n\u0131 kaydetti.<\/p>\n\n\n\n<figure class=\"wp-block-image size-large\"><img loading=\"lazy\" decoding=\"async\" width=\"1024\" height=\"683\" src=\"http:\/\/www.gucehaber.com\/wp-content\/uploads\/2020\/09\/IMG_6737-1024x683-2.jpg\" alt=\"\" class=\"wp-image-88\" srcset=\"https:\/\/www.gucehaber.com\/wp-content\/uploads\/2020\/09\/IMG_6737-1024x683-2.jpg 1024w, https:\/\/www.gucehaber.com\/wp-content\/uploads\/2020\/09\/IMG_6737-1024x683-2-300x200.jpg 300w, https:\/\/www.gucehaber.com\/wp-content\/uploads\/2020\/09\/IMG_6737-1024x683-2-768x512.jpg 768w\" sizes=\"auto, (max-width: 1024px) 100vw, 1024px\" \/><\/figure>\n\n\n\n<p>Har\u015fit Vadisi\u2019nin, \u00c7anakkale gibi \u00f6nemli bir savunma hatt\u0131 oldu\u011funa i\u015faret eden Boduro\u011flu, \u201cB\u00f6lgedeki Rus ilerleyi\u015finin durduruldu\u011fu yer. Do\u011fu Karadeniz\u2019in d\u00fc\u015fman i\u015fgalinden kurtar\u0131lmas\u0131n\u0131n ba\u015flang\u0131\u00e7 noktas\u0131. O nedenle Har\u015fit Vadisi\u2019ni, \u015eaban Kalesi b\u00f6lgesini Do\u011fu Karadeniz\u2019in \u2018\u00c7anakkale\u2019si olarak nitelendiriyorum.\u201d ifadelerini kulland\u0131.<\/p>\n\n\n\n<p>\u2013 \u201c\u015eehitlerimizin ismi ya\u015fat\u0131lacak\u201d<\/p>\n\n\n\n<p>Do\u011fa Koruma ve Milli Parklar Genel M\u00fcd\u00fcrl\u00fc\u011f\u00fc taraf\u0131ndan s\u00fcrd\u00fcr\u00fclen \u00e7al\u0131\u015fmalar\u0131n gelecek y\u0131l tamamlanmas\u0131n\u0131n hedeflendi\u011fi bilgisini veren Boduro\u011flu, \u015funlar\u0131 kaydetti:<\/p>\n\n\n\n<figure class=\"wp-block-image size-large\"><img loading=\"lazy\" decoding=\"async\" width=\"778\" height=\"518\" src=\"http:\/\/www.gucehaber.com\/wp-content\/uploads\/2020\/09\/saban.jpg\" alt=\"\" class=\"wp-image-89\" srcset=\"https:\/\/www.gucehaber.com\/wp-content\/uploads\/2020\/09\/saban.jpg 778w, https:\/\/www.gucehaber.com\/wp-content\/uploads\/2020\/09\/saban-300x200.jpg 300w, https:\/\/www.gucehaber.com\/wp-content\/uploads\/2020\/09\/saban-768x511.jpg 768w\" sizes=\"auto, (max-width: 778px) 100vw, 778px\" \/><\/figure>\n\n\n\n<p>\u201c\u00c7al\u0131\u015fmalara belediye olarak imkanlar\u0131m\u0131z \u00f6l\u00e7\u00fcs\u00fcnde destek veriyoruz. Bakanl\u0131\u011f\u0131m\u0131z\u0131n, Genel M\u00fcd\u00fcrl\u00fc\u011f\u00fcm\u00fcz\u00fcn buraya \u00e7ok \u00f6nem verdiklerine, \u00f6zel \u00e7al\u0131\u015fma yapt\u0131klar\u0131na \u015fahidim. Burada \u015fehitlerimizin ismi ya\u015fat\u0131lacak. B\u00f6lgede bulunan siperlerin yerleri belirleniyor, d\u00fczenlemeler yap\u0131lacak. \u015eaban Kalesi Tabiat Park\u0131\u2019n\u0131n, gelecek nesillere tarihin ve o g\u00fcnlerde ya\u015fananlar\u0131n anlat\u0131lmas\u0131 noktas\u0131nda \u00f6nemli bir misyon \u00fcstlenece\u011fine inan\u0131yorum. Burada o y\u0131llar\u0131n izleri halen devam ediyor. \u00c7ok \u00f6nemli bir yer buras\u0131. \u00d6\u011frencilerimiz buraya gelip, tarihimize yak\u0131ndan tan\u0131kl\u0131k edebilir, \u015fehit mezarlar\u0131n\u0131 ziyaret edebilir. O g\u00fcnlerde atalar\u0131m\u0131z\u0131n bu vatan i\u00e7in cansiparane m\u00fccadele ettikleri yerleri g\u00f6rmelerini sa\u011flayabiliriz. Bu y\u00f6nden projeyi \u00e7ok faydal\u0131 buluyorum.\u201d<br>Kaynak:AA<\/p>\n","protected":false},"excerpt":{"rendered":"<p>G\u00fcce il\u00e7esinde, 1. D\u00fcnya Sava\u015f\u0131\u2019nda Har\u015fit Vadisi\u2019nde Ruslarla m\u00fccadelede en \u00f6nemli cephelerden biri olan \u015eaban Kalesi ve \u00e7evresi, tabiat park\u0131 olarak y\u00f6re turizminin hizmetine sunulacak. G\u00fcce Belediye Ba\u015fkan\u0131 Aytekin Boduro\u011flu: \u2018\u015eaban Kalesi Tabiat Park\u0131\u2019n\u0131n, gelecek nesillere tarihin ve o g\u00fcnlerde ya\u015fananlar\u0131n anlat\u0131lmas\u0131 noktas\u0131nda \u00f6nemli bir misyon \u00fcstlenece\u011fine inan\u0131yorum\u2019 Giresun\u2019da 1. D\u00fcnya Sava\u015f\u0131 s\u0131ras\u0131nda Har\u015fit Vadisi\u2019nde [&hellip;]<\/p>\n","protected":false},"author":1,"featured_media":82,"comment_status":"open","ping_status":"open","sticky":false,"template":"","format":"standard","meta":{"footnotes":""},"categories":[7],"tags":[],"class_list":["post-81","post","type-post","status-publish","format-standard","has-post-thumbnail","hentry","category-guce"],"aioseo_notices":[],"_links":{"self":[{"href":"https:\/\/www.gucehaber.com\/index.php\/wp-json\/wp\/v2\/posts\/81","targetHints":{"allow":["GET"]}}],"collection":[{"href":"https:\/\/www.gucehaber.com\/index.php\/wp-json\/wp\/v2\/posts"}],"about":[{"href":"https:\/\/www.gucehaber.com\/index.php\/wp-json\/wp\/v2\/types\/post"}],"author":[{"embeddable":true,"href":"https:\/\/www.gucehaber.com\/index.php\/wp-json\/wp\/v2\/users\/1"}],"replies":[{"embeddable":true,"href":"https:\/\/www.gucehaber.com\/index.php\/wp-json\/wp\/v2\/comments?post=81"}],"version-history":[{"count":1,"href":"https:\/\/www.gucehaber.com\/index.php\/wp-json\/wp\/v2\/posts\/81\/revisions"}],"predecessor-version":[{"id":90,"href":"https:\/\/www.gucehaber.com\/index.php\/wp-json\/wp\/v2\/posts\/81\/revisions\/90"}],"wp:featuredmedia":[{"embeddable":true,"href":"https:\/\/www.gucehaber.com\/index.php\/wp-json\/wp\/v2\/media\/82"}],"wp:attachment":[{"href":"https:\/\/www.gucehaber.com\/index.php\/wp-json\/wp\/v2\/media?parent=81"}],"wp:term":[{"taxonomy":"category","embeddable":true,"href":"https:\/\/www.gucehaber.com\/index.php\/wp-json\/wp\/v2\/categories?post=81"},{"taxonomy":"post_tag","embeddable":true,"href":"https:\/\/www.gucehaber.com\/index.php\/wp-json\/wp\/v2\/tags?post=81"}],"curies":[{"name":"wp","href":"https:\/\/api.w.org\/{rel}","templated":true}]}}