{"id":799,"date":"2020-12-28T20:58:56","date_gmt":"2020-12-28T20:58:56","guid":{"rendered":"https:\/\/www.gucehaber.com\/?p=799"},"modified":"2020-12-31T15:31:35","modified_gmt":"2020-12-31T15:31:35","slug":"guce-ilce-muftulugune-atanan-aydingorevine-basladi","status":"publish","type":"post","link":"https:\/\/www.gucehaber.com\/index.php\/2020\/12\/28\/guce-ilce-muftulugune-atanan-aydingorevine-basladi\/","title":{"rendered":"G\u00fcce \u0130l\u00e7e M\u00fcft\u00fcl\u00fc\u011f\u00fcne Atanan Ay\u0131n,G\u00f6revine Ba\u015flad\u0131"},"content":{"rendered":"\n<p>G\u00fcce \u0130l\u00e7e M\u00fcft\u00fcs\u00fc Haydar Bekta\u015fo\u011flu\u2019nun Piraziz \u0130l\u00e7e M\u00fcft\u00fcl\u00fc\u011f\u00fcne atanmas\u0131 ile bo\u015falan G\u00fcce \u0130l\u00e7e M\u00fcft\u00fcl\u00fc\u011f\u00fcne Mehmet Ay\u0131n atand\u0131.\u00a0\u0130l\u00e7eye gelerek g\u00f6revine ba\u015flayan Ay\u0131n, 1997 y\u0131l\u0131ndan bu yana yurt i\u00e7i ve yurt d\u0131\u015f\u0131nda \u00e7e\u015fitli din hizmetlerinde g\u00f6rev ald\u0131\u011f\u0131n\u0131 s\u00f6yledi.<\/p>\n\n\n\n<figure class=\"wp-block-image size-large\"><img loading=\"lazy\" decoding=\"async\" width=\"1024\" height=\"683\" src=\"https:\/\/www.gucehaber.com\/wp-content\/uploads\/2020\/12\/IMG_1980-1024x683.jpg\" alt=\"\" class=\"wp-image-800\" srcset=\"https:\/\/www.gucehaber.com\/wp-content\/uploads\/2020\/12\/IMG_1980-1024x683.jpg 1024w, https:\/\/www.gucehaber.com\/wp-content\/uploads\/2020\/12\/IMG_1980-300x200.jpg 300w, https:\/\/www.gucehaber.com\/wp-content\/uploads\/2020\/12\/IMG_1980-768x512.jpg 768w, https:\/\/www.gucehaber.com\/wp-content\/uploads\/2020\/12\/IMG_1980.jpg 1152w\" sizes=\"auto, (max-width: 1024px) 100vw, 1024px\" \/><\/figure>\n\n\n\n<p>\u00a0 Birlik ve beraberlik ruhu i\u00e7inde, hi\u00e7bir ayr\u0131l\u0131\u011fa f\u0131rsat vermeden din hizmetlerini toplumun tamam\u0131na ula\u015ft\u0131rman\u0131n as\u0131l g\u00f6revleri oldu\u011funu kaydeden Ay\u0131n, \u201c\u015eirin bir il\u00e7eye atanmaktan dolay\u0131 \u00e7ok mutlu oldum. G\u00f6rev s\u00fcremiz boyunca, Dini yap\u0131y\u0131 \u015fekillendirmek amac\u0131yla halk\u0131m\u0131za \u0130slam&#8217;\u0131n genel prensiplerini, ahlak\u0131n\u0131, kitab\u0131 Kur&#8217;an-\u0131 Kerim&#8217;i anlatmak ve \u00f6\u011fretmek bizim temel g\u00f6revimiz olacak. Bu ba\u011flamda imam hatiplerimiz ve Kur&#8217;an kursu \u00f6\u011freticilerimiz ile birlikte bu hizmeti en g\u00fczel \u015fekilde y\u00fcr\u00fctmeye gayret edece\u011fiz.&#8221; dedi.<\/p>\n\n\n\n<p>G\u00fcce \u0130l\u00e7e M\u00fcft\u00fcs\u00fc olarak g\u00f6reve ba\u015flayan Mehmet AYIN;<\/p>\n\n\n\n<p>1978 y\u0131l\u0131nda Ordu\u2019nun Kumru il\u00e7esinde d\u00fcnyaya geldi. \u0130lkokulu k\u00f6y\u00fcnde Orta ve Liseyi Rize \u0130mam-Hatip Lisesinde okudu. 1997 y\u0131l\u0131nda Ankara\u2019n\u0131n Evren il\u00e7esinde \u0130mam-Hatip olarak g\u00f6reve ba\u015flad\u0131. Ayn\u0131 y\u0131l Ankara \u00dcniversitesi \u0130lahiyat Fak\u00fcltesine girdi. Fak\u00fclte sonras\u0131 2002 y\u0131l\u0131ndan itibaren s\u0131ras\u0131yla K\u0131r\u0131kkale Delice ve Ankara Polatl\u0131\u2019da \u0130mam-Hatiplik g\u00f6revine devam etti. 2008 y\u0131l\u0131nda Almanya-Frankfurt Ata\u015feli\u011fi b\u00f6lgesine din g\u00f6revlisi olarak gitti ve uzun d\u00f6nem g\u00f6rev yapt\u0131. 2015\u2019te yurtd\u0131\u015f\u0131ndan d\u00f6n\u00fcnce Ordu-Per\u015fembe\u2019de k\u0131sa bir s\u00fcre Vaiz olarak g\u00f6rev yapt\u0131. 2016 y\u0131l\u0131nda Konya Sel\u00e7uk Dini Y\u00fcksek \u0130htisas Merkezinde 27.d\u00f6nem kursiyeri olarak ba\u015flad\u0131\u011f\u0131 ihtisas e\u011fitimini 2019\u2019da ba\u015far\u0131 ile tamamlayarak \u00c7orum\u2019un Mecit\u00f6z\u00fc il\u00e7esine Vaiz olarak atand\u0131. 2020 y\u0131l\u0131nda Hitit \u00dcniversitesi \u0130slam Tarihi ve Sanatlar\u0131 Ana Bilim Dal\u0131\u2019nda \u0130slam Tarihi alan\u0131nda&nbsp; \u201cH\u00e2kim Biemrill\u00e2h ve Saltanat D\u00f6nemi\u201d adl\u0131 Tez\u2019ini vererek Y\u00fcksek Lisans\u0131n\u0131 tamamlad\u0131. Mecit\u00f6z\u00fc\u2019ndeki 1,5 y\u0131ll\u0131k vaizlik g\u00f6revinin ard\u0131ndan Diyanet \u0130\u015fleri Ba\u015fkanl\u0131\u011f\u0131n\u0131n yapt\u0131\u011f\u0131 m\u00fcft\u00fcl\u00fck s\u0131nav\u0131nda ba\u015far\u0131l\u0131 oldu ve \u0130l\u00e7e &nbsp;M\u00fcft\u00fcs\u00fc olarak G\u00fcce\u2019ye atand\u0131.<\/p>\n\n\n\n<p> Evli ve \u00fc\u00e7 \u00e7ocuk babas\u0131 olan Mehmet AYIN orta derecede Arap\u00e7a ve Almanca bilmektedir.<\/p>\n\n\n\n<figure class=\"wp-block-image size-large\"><img loading=\"lazy\" decoding=\"async\" width=\"200\" height=\"51\" src=\"https:\/\/www.gucehaber.com\/wp-content\/uploads\/2020\/10\/GCHBR.jpg\" alt=\"\" class=\"wp-image-551\"\/><\/figure>\n","protected":false},"excerpt":{"rendered":"<p>G\u00fcce \u0130l\u00e7e M\u00fcft\u00fcs\u00fc Haydar Bekta\u015fo\u011flu\u2019nun Piraziz \u0130l\u00e7e M\u00fcft\u00fcl\u00fc\u011f\u00fcne atanmas\u0131 ile bo\u015falan G\u00fcce \u0130l\u00e7e M\u00fcft\u00fcl\u00fc\u011f\u00fcne Mehmet Ay\u0131n atand\u0131.\u00a0\u0130l\u00e7eye gelerek g\u00f6revine ba\u015flayan Ay\u0131n, 1997 y\u0131l\u0131ndan bu yana yurt i\u00e7i ve yurt d\u0131\u015f\u0131nda \u00e7e\u015fitli din hizmetlerinde g\u00f6rev ald\u0131\u011f\u0131n\u0131 s\u00f6yledi. \u00a0 Birlik ve beraberlik ruhu i\u00e7inde, hi\u00e7bir ayr\u0131l\u0131\u011fa f\u0131rsat vermeden din hizmetlerini toplumun tamam\u0131na ula\u015ft\u0131rman\u0131n as\u0131l g\u00f6revleri oldu\u011funu kaydeden [&hellip;]<\/p>\n","protected":false},"author":1,"featured_media":800,"comment_status":"open","ping_status":"open","sticky":false,"template":"","format":"standard","meta":{"footnotes":""},"categories":[7],"tags":[],"class_list":["post-799","post","type-post","status-publish","format-standard","has-post-thumbnail","hentry","category-guce"],"aioseo_notices":[],"_links":{"self":[{"href":"https:\/\/www.gucehaber.com\/index.php\/wp-json\/wp\/v2\/posts\/799","targetHints":{"allow":["GET"]}}],"collection":[{"href":"https:\/\/www.gucehaber.com\/index.php\/wp-json\/wp\/v2\/posts"}],"about":[{"href":"https:\/\/www.gucehaber.com\/index.php\/wp-json\/wp\/v2\/types\/post"}],"author":[{"embeddable":true,"href":"https:\/\/www.gucehaber.com\/index.php\/wp-json\/wp\/v2\/users\/1"}],"replies":[{"embeddable":true,"href":"https:\/\/www.gucehaber.com\/index.php\/wp-json\/wp\/v2\/comments?post=799"}],"version-history":[{"count":3,"href":"https:\/\/www.gucehaber.com\/index.php\/wp-json\/wp\/v2\/posts\/799\/revisions"}],"predecessor-version":[{"id":803,"href":"https:\/\/www.gucehaber.com\/index.php\/wp-json\/wp\/v2\/posts\/799\/revisions\/803"}],"wp:featuredmedia":[{"embeddable":true,"href":"https:\/\/www.gucehaber.com\/index.php\/wp-json\/wp\/v2\/media\/800"}],"wp:attachment":[{"href":"https:\/\/www.gucehaber.com\/index.php\/wp-json\/wp\/v2\/media?parent=799"}],"wp:term":[{"taxonomy":"category","embeddable":true,"href":"https:\/\/www.gucehaber.com\/index.php\/wp-json\/wp\/v2\/categories?post=799"},{"taxonomy":"post_tag","embeddable":true,"href":"https:\/\/www.gucehaber.com\/index.php\/wp-json\/wp\/v2\/tags?post=799"}],"curies":[{"name":"wp","href":"https:\/\/api.w.org\/{rel}","templated":true}]}}