{"id":621,"date":"2020-11-06T16:36:51","date_gmt":"2020-11-06T16:36:51","guid":{"rendered":"https:\/\/www.gucehaber.com\/?p=621"},"modified":"2020-11-06T16:36:53","modified_gmt":"2020-11-06T16:36:53","slug":"guce-devlet-hastanesine-yeni-bashekim-atandi-2","status":"publish","type":"post","link":"https:\/\/www.gucehaber.com\/index.php\/2020\/11\/06\/guce-devlet-hastanesine-yeni-bashekim-atandi-2\/","title":{"rendered":"G\u00fcce Devlet Hastanesine Yeni Ba\u015fhekim Atand\u0131"},"content":{"rendered":"\n<p>G\u00fcce Devlet Hastanesi ba\u015fhekimli\u011fine atanan Dr. Ercel \u00d6zen\u00e7 g\u00f6revine ba\u015flad\u0131.<\/p>\n\n\n\n<figure class=\"wp-block-image size-large\"><img loading=\"lazy\" decoding=\"async\" width=\"1024\" height=\"682\" src=\"https:\/\/www.gucehaber.com\/wp-content\/uploads\/2020\/11\/dr-1024x682.jpg\" alt=\"\" class=\"wp-image-622\" srcset=\"https:\/\/www.gucehaber.com\/wp-content\/uploads\/2020\/11\/dr-1024x682.jpg 1024w, https:\/\/www.gucehaber.com\/wp-content\/uploads\/2020\/11\/dr-300x200.jpg 300w, https:\/\/www.gucehaber.com\/wp-content\/uploads\/2020\/11\/dr-768x512.jpg 768w, https:\/\/www.gucehaber.com\/wp-content\/uploads\/2020\/11\/dr-1536x1023.jpg 1536w, https:\/\/www.gucehaber.com\/wp-content\/uploads\/2020\/11\/dr.jpg 1732w\" sizes=\"auto, (max-width: 1024px) 100vw, 1024px\" \/><\/figure>\n\n\n\n<p>\u00a0\u00a0Dr. \u00d6zen\u00e7, yapt\u0131\u011f\u0131 a\u00e7\u0131klamada, G\u00fcce&#8217;de g\u00f6revi boyunca il\u00e7e halk\u0131na en iyi ve h\u0131zl\u0131 hizmeti vermeye \u00e7al\u0131\u015faca\u011f\u0131n\u0131 s\u00f6yledi. \u0130l\u00e7ede g\u00f6rev yapacak olmaktan duydu\u011funu memnuniyeti dile getiren \u00d6zen\u00e7, &#8220;G\u00fcce, Karadeniz&#8217;in g\u00fczel il\u00e7elerinden biri. Burada olmaktan mutluyum. \u0130l\u00e7emizde ya\u015fayan insanlar\u0131m\u0131z\u0131n sa\u011fl\u0131\u011f\u0131 bizim i\u00e7in her \u015feyden daha \u00f6nemli. Ben ve t\u00fcm \u00e7al\u0131\u015fma arkada\u015flar\u0131mla birlikte G\u00fcce&#8217;de sa\u011fl\u0131k hizmetlerinde g\u00fczel i\u015fler yapmak istiyoruz. Halk\u0131m\u0131za sorumlu oldu\u011fumuz sa\u011fl\u0131k alandaki en iyi hizmetini sunmaya gayret edece\u011fiz. G\u00fcce halk\u0131 hizmetin en iyisine lay\u0131kt\u0131r.&#8221; dedi.<\/p>\n\n\n\n<p>&nbsp; Dr. Ercel \u00d6zen\u00e7,1991 y\u0131l\u0131nda Bal\u0131kesir\u2019de do\u011fdu. \u0130lkokulu Bal\u0131kesir Susurluk Fatih \u0130lk\u00f6\u011fretim okulunda, Orta \u00f6\u011fretimini ise Bal\u0131kesir S\u0131rr\u0131 Y\u0131rcal\u0131 Anadolu Lisesinde okudu.2011 y\u0131l\u0131nda Samsun 19 May\u0131s T\u0131p Fak\u00fcltesini kazanan Dr. \u00d6zen\u00e7 bu okuldan 2019 y\u0131l\u0131nda mezun oldu. Giresun Dr. Ali Menek\u015fe G\u00f6\u011f\u00fcs Hastanesi\u2019nde, G\u00fcce Devlet Hastanesi\u2019nde ve Alucra Devlet Hastanesinde g\u00f6rev yapt\u0131.<\/p>\n\n\n\n<p>\u00a0\u00a0 G\u00fcce Devlet Hastanesine Ba\u015fhekim olarak atanan Dr.Ercel \u00d6zen\u00e7 g\u00f6revine ba\u015flad\u0131.<\/p>\n\n\n\n<figure class=\"wp-block-image size-large\"><img loading=\"lazy\" decoding=\"async\" width=\"200\" height=\"51\" src=\"https:\/\/www.gucehaber.com\/wp-content\/uploads\/2020\/10\/GCHBR.jpg\" alt=\"\" class=\"wp-image-551\"\/><\/figure>\n","protected":false},"excerpt":{"rendered":"<p>G\u00fcce Devlet Hastanesi ba\u015fhekimli\u011fine atanan Dr. Ercel \u00d6zen\u00e7 g\u00f6revine ba\u015flad\u0131. \u00a0\u00a0Dr. \u00d6zen\u00e7, yapt\u0131\u011f\u0131 a\u00e7\u0131klamada, G\u00fcce&#8217;de g\u00f6revi boyunca il\u00e7e halk\u0131na en iyi ve h\u0131zl\u0131 hizmeti vermeye \u00e7al\u0131\u015faca\u011f\u0131n\u0131 s\u00f6yledi. \u0130l\u00e7ede g\u00f6rev yapacak olmaktan duydu\u011funu memnuniyeti dile getiren \u00d6zen\u00e7, &#8220;G\u00fcce, Karadeniz&#8217;in g\u00fczel il\u00e7elerinden biri. Burada olmaktan mutluyum. \u0130l\u00e7emizde ya\u015fayan insanlar\u0131m\u0131z\u0131n sa\u011fl\u0131\u011f\u0131 bizim i\u00e7in her \u015feyden daha \u00f6nemli. Ben [&hellip;]<\/p>\n","protected":false},"author":1,"featured_media":622,"comment_status":"open","ping_status":"open","sticky":false,"template":"","format":"standard","meta":{"footnotes":""},"categories":[7],"tags":[],"class_list":["post-621","post","type-post","status-publish","format-standard","has-post-thumbnail","hentry","category-guce"],"aioseo_notices":[],"_links":{"self":[{"href":"https:\/\/www.gucehaber.com\/index.php\/wp-json\/wp\/v2\/posts\/621","targetHints":{"allow":["GET"]}}],"collection":[{"href":"https:\/\/www.gucehaber.com\/index.php\/wp-json\/wp\/v2\/posts"}],"about":[{"href":"https:\/\/www.gucehaber.com\/index.php\/wp-json\/wp\/v2\/types\/post"}],"author":[{"embeddable":true,"href":"https:\/\/www.gucehaber.com\/index.php\/wp-json\/wp\/v2\/users\/1"}],"replies":[{"embeddable":true,"href":"https:\/\/www.gucehaber.com\/index.php\/wp-json\/wp\/v2\/comments?post=621"}],"version-history":[{"count":1,"href":"https:\/\/www.gucehaber.com\/index.php\/wp-json\/wp\/v2\/posts\/621\/revisions"}],"predecessor-version":[{"id":623,"href":"https:\/\/www.gucehaber.com\/index.php\/wp-json\/wp\/v2\/posts\/621\/revisions\/623"}],"wp:featuredmedia":[{"embeddable":true,"href":"https:\/\/www.gucehaber.com\/index.php\/wp-json\/wp\/v2\/media\/622"}],"wp:attachment":[{"href":"https:\/\/www.gucehaber.com\/index.php\/wp-json\/wp\/v2\/media?parent=621"}],"wp:term":[{"taxonomy":"category","embeddable":true,"href":"https:\/\/www.gucehaber.com\/index.php\/wp-json\/wp\/v2\/categories?post=621"},{"taxonomy":"post_tag","embeddable":true,"href":"https:\/\/www.gucehaber.com\/index.php\/wp-json\/wp\/v2\/tags?post=621"}],"curies":[{"name":"wp","href":"https:\/\/api.w.org\/{rel}","templated":true}]}}