{"id":598,"date":"2020-11-02T14:52:51","date_gmt":"2020-11-02T14:52:51","guid":{"rendered":"https:\/\/www.gucehaber.com\/?p=598"},"modified":"2020-11-02T14:58:13","modified_gmt":"2020-11-02T14:58:13","slug":"kaybolan-dana-sahibini-gorunce-boynuna-sarildi","status":"publish","type":"post","link":"https:\/\/www.gucehaber.com\/index.php\/2020\/11\/02\/kaybolan-dana-sahibini-gorunce-boynuna-sarildi\/","title":{"rendered":"Kaybolan Dana Sahibini G\u00f6r\u00fcnce Boynuna Sar\u0131ld\u0131"},"content":{"rendered":"\n<p>Espiye il\u00e7esi Cibril mahallesinde kaybolan inek sahibini g\u00f6r\u00fcnce boynuna sar\u0131ld\u0131.<\/p>\n\n\n\n<p>Cibril Mahallesinde ak\u015fam saatlerinde kaybolan danay\u0131 bulamayan sahibi Yakup \u00c7apk\u0131n, mahallenin sesi muhabir olarak bilinen H\u00fcseyin \u00c7apk\u0131n\u2019dan yard\u0131m istedi.<\/p>\n\n\n\n<p>SOSYAL MEDYANIN G\u00dcC\u00dc \u0130LE DANA 1 SAATTE BULUNDU<\/p>\n\n\n\n<p>Mahallenin Facebook grubunda payla\u015f\u0131lan kay\u0131p ilan\u0131ndan sonra ateveklik mevkiinde dana bulundu.<\/p>\n\n\n\n<figure class=\"wp-block-image size-large\"><img loading=\"lazy\" decoding=\"async\" width=\"540\" height=\"960\" src=\"https:\/\/www.gucehaber.com\/wp-content\/uploads\/2020\/11\/dana.jpg\" alt=\"\" class=\"wp-image-599\" srcset=\"https:\/\/www.gucehaber.com\/wp-content\/uploads\/2020\/11\/dana.jpg 540w, https:\/\/www.gucehaber.com\/wp-content\/uploads\/2020\/11\/dana-169x300.jpg 169w\" sizes=\"auto, (max-width: 540px) 100vw, 540px\" \/><\/figure>\n\n\n\n<p>Bulunan Danan\u0131n sahibine hemen haber verildi. Dana ile sahibinin kavu\u015fma an\u0131 g\u00f6renlerin tebess\u00fcm etmesine vesile oldu.<\/p>\n\n\n\n<p>Haber: Taner KARAMAN(Ye\u015filgiresun)<\/p>\n","protected":false},"excerpt":{"rendered":"<p>Espiye il\u00e7esi Cibril mahallesinde kaybolan inek sahibini g\u00f6r\u00fcnce boynuna sar\u0131ld\u0131. Cibril Mahallesinde ak\u015fam saatlerinde kaybolan danay\u0131 bulamayan sahibi Yakup \u00c7apk\u0131n, mahallenin sesi muhabir olarak bilinen H\u00fcseyin \u00c7apk\u0131n\u2019dan yard\u0131m istedi. SOSYAL MEDYANIN G\u00dcC\u00dc \u0130LE DANA 1 SAATTE BULUNDU Mahallenin Facebook grubunda payla\u015f\u0131lan kay\u0131p ilan\u0131ndan sonra ateveklik mevkiinde dana bulundu. Bulunan Danan\u0131n sahibine hemen haber verildi. Dana [&hellip;]<\/p>\n","protected":false},"author":1,"featured_media":602,"comment_status":"open","ping_status":"open","sticky":false,"template":"","format":"standard","meta":{"footnotes":""},"categories":[8],"tags":[],"class_list":["post-598","post","type-post","status-publish","format-standard","has-post-thumbnail","hentry","category-giresun"],"aioseo_notices":[],"_links":{"self":[{"href":"https:\/\/www.gucehaber.com\/index.php\/wp-json\/wp\/v2\/posts\/598","targetHints":{"allow":["GET"]}}],"collection":[{"href":"https:\/\/www.gucehaber.com\/index.php\/wp-json\/wp\/v2\/posts"}],"about":[{"href":"https:\/\/www.gucehaber.com\/index.php\/wp-json\/wp\/v2\/types\/post"}],"author":[{"embeddable":true,"href":"https:\/\/www.gucehaber.com\/index.php\/wp-json\/wp\/v2\/users\/1"}],"replies":[{"embeddable":true,"href":"https:\/\/www.gucehaber.com\/index.php\/wp-json\/wp\/v2\/comments?post=598"}],"version-history":[{"count":1,"href":"https:\/\/www.gucehaber.com\/index.php\/wp-json\/wp\/v2\/posts\/598\/revisions"}],"predecessor-version":[{"id":600,"href":"https:\/\/www.gucehaber.com\/index.php\/wp-json\/wp\/v2\/posts\/598\/revisions\/600"}],"wp:featuredmedia":[{"embeddable":true,"href":"https:\/\/www.gucehaber.com\/index.php\/wp-json\/wp\/v2\/media\/602"}],"wp:attachment":[{"href":"https:\/\/www.gucehaber.com\/index.php\/wp-json\/wp\/v2\/media?parent=598"}],"wp:term":[{"taxonomy":"category","embeddable":true,"href":"https:\/\/www.gucehaber.com\/index.php\/wp-json\/wp\/v2\/categories?post=598"},{"taxonomy":"post_tag","embeddable":true,"href":"https:\/\/www.gucehaber.com\/index.php\/wp-json\/wp\/v2\/tags?post=598"}],"curies":[{"name":"wp","href":"https:\/\/api.w.org\/{rel}","templated":true}]}}