{"id":557,"date":"2020-10-28T16:43:07","date_gmt":"2020-10-28T16:43:07","guid":{"rendered":"https:\/\/www.gucehaber.com\/?p=557"},"modified":"2020-10-28T16:45:25","modified_gmt":"2020-10-28T16:45:25","slug":"gucede-cumhuriyet-bayrami-celenk-sunma-toreni-yapildi","status":"publish","type":"post","link":"https:\/\/www.gucehaber.com\/index.php\/2020\/10\/28\/gucede-cumhuriyet-bayrami-celenk-sunma-toreni-yapildi\/","title":{"rendered":"G\u00fcce\u2019de Cumhuriyet Bayram\u0131 \u00c7elenk Sunma T\u00f6reni Yap\u0131ld\u0131"},"content":{"rendered":"\n<p>Cumhuriyetimizin kurulu\u015funun 97. Y\u0131l d\u00f6n\u00fcm\u00fc kutlama program\u0131 kapsam\u0131nda Belediye binas\u0131 \u00f6n\u00fcndeki Atat\u00fcrk An\u0131t\u0131\u2019na \u00e7elenk sunma t\u00f6reni yap\u0131ld\u0131.<\/p>\n\n\n\n<figure class=\"wp-block-image size-large\"><img loading=\"lazy\" decoding=\"async\" width=\"1024\" height=\"682\" src=\"https:\/\/www.gucehaber.com\/wp-content\/uploads\/2020\/10\/cum-2-1024x682.jpg\" alt=\"\" class=\"wp-image-562\" srcset=\"https:\/\/www.gucehaber.com\/wp-content\/uploads\/2020\/10\/cum-2-1024x682.jpg 1024w, https:\/\/www.gucehaber.com\/wp-content\/uploads\/2020\/10\/cum-2-300x200.jpg 300w, https:\/\/www.gucehaber.com\/wp-content\/uploads\/2020\/10\/cum-2-768x512.jpg 768w, https:\/\/www.gucehaber.com\/wp-content\/uploads\/2020\/10\/cum-2-1536x1023.jpg 1536w, https:\/\/www.gucehaber.com\/wp-content\/uploads\/2020\/10\/cum-2.jpg 1732w\" sizes=\"auto, (max-width: 1024px) 100vw, 1024px\" \/><\/figure>\n\n\n\n<p>G\u00fcce\u2019de d\u00fczenlenen t\u00f6rene; G\u00fcce Kaymakam\u0131 \u015eahin Demir, G\u00fcce Belediye Ba\u015fkan\u0131 Aytekin Boduro\u011flu, \u0130l\u00e7e Emniyet Amiri Ayhan S\u00fcer, \u0130l\u00e7e Jandarma Komutan\u0131 Te\u011fmen G\u00f6khan Varl\u0131k, siyasi parti temsilcileri, daire amirleri, okul m\u00fcd\u00fcrleri, sivil toplum kurulu\u015fu temsilcileri, oda ba\u015fkanlar\u0131 kat\u0131ld\u0131.<\/p>\n\n\n\n<figure class=\"wp-block-image size-large\"><img loading=\"lazy\" decoding=\"async\" width=\"1024\" height=\"682\" src=\"https:\/\/www.gucehaber.com\/wp-content\/uploads\/2020\/10\/cum5-1024x682.jpg\" alt=\"\" class=\"wp-image-559\" srcset=\"https:\/\/www.gucehaber.com\/wp-content\/uploads\/2020\/10\/cum5-1024x682.jpg 1024w, https:\/\/www.gucehaber.com\/wp-content\/uploads\/2020\/10\/cum5-300x200.jpg 300w, https:\/\/www.gucehaber.com\/wp-content\/uploads\/2020\/10\/cum5-768x512.jpg 768w, https:\/\/www.gucehaber.com\/wp-content\/uploads\/2020\/10\/cum5-1536x1023.jpg 1536w, https:\/\/www.gucehaber.com\/wp-content\/uploads\/2020\/10\/cum5.jpg 1732w\" sizes=\"auto, (max-width: 1024px) 100vw, 1024px\" \/><\/figure>\n\n\n\n<p>T\u00f6rende Atat\u00fcrk An\u0131t\u0131\u2019na; Kaymakam \u015eahin Demir Kaymakaml\u0131k \u00c7elenk\u2019ini ve akabinde Belediye Ba\u015fkan\u0131 Aytekin Boduro\u011flu Belediye \u00c7elenk\u2019ini sundular.<\/p>\n\n\n\n<figure class=\"wp-block-image size-large\"><img loading=\"lazy\" decoding=\"async\" width=\"1024\" height=\"682\" src=\"https:\/\/www.gucehaber.com\/wp-content\/uploads\/2020\/10\/cum3-1024x682.jpg\" alt=\"\" class=\"wp-image-560\" srcset=\"https:\/\/www.gucehaber.com\/wp-content\/uploads\/2020\/10\/cum3-1024x682.jpg 1024w, https:\/\/www.gucehaber.com\/wp-content\/uploads\/2020\/10\/cum3-300x200.jpg 300w, https:\/\/www.gucehaber.com\/wp-content\/uploads\/2020\/10\/cum3-768x512.jpg 768w, https:\/\/www.gucehaber.com\/wp-content\/uploads\/2020\/10\/cum3-1536x1023.jpg 1536w, https:\/\/www.gucehaber.com\/wp-content\/uploads\/2020\/10\/cum3.jpg 1732w\" sizes=\"auto, (max-width: 1024px) 100vw, 1024px\" \/><\/figure>\n\n\n\n<p>T\u00f6ren sayg\u0131 duru\u015fu ve \u0130stiklal Mar\u015f\u0131\u2019n\u0131n okunmas\u0131 ard\u0131ndan bayra\u011f\u0131m\u0131z\u0131n g\u00f6ndere \u00e7ekilmesiyle sona erdi.<\/p>\n\n\n\n<figure class=\"wp-block-image size-large\"><img loading=\"lazy\" decoding=\"async\" width=\"1024\" height=\"682\" src=\"https:\/\/www.gucehaber.com\/wp-content\/uploads\/2020\/10\/cum-4-1024x682.jpg\" alt=\"\" class=\"wp-image-561\" srcset=\"https:\/\/www.gucehaber.com\/wp-content\/uploads\/2020\/10\/cum-4-1024x682.jpg 1024w, https:\/\/www.gucehaber.com\/wp-content\/uploads\/2020\/10\/cum-4-300x200.jpg 300w, https:\/\/www.gucehaber.com\/wp-content\/uploads\/2020\/10\/cum-4-768x512.jpg 768w, https:\/\/www.gucehaber.com\/wp-content\/uploads\/2020\/10\/cum-4-1536x1023.jpg 1536w, https:\/\/www.gucehaber.com\/wp-content\/uploads\/2020\/10\/cum-4.jpg 1732w\" sizes=\"auto, (max-width: 1024px) 100vw, 1024px\" \/><\/figure>\n\n\n\n<p><\/p>\n\n\n\n<p><\/p>\n\n\n\n<figure class=\"wp-block-image size-large\"><img loading=\"lazy\" decoding=\"async\" width=\"1024\" height=\"768\" src=\"https:\/\/www.gucehaber.com\/wp-content\/uploads\/2020\/10\/cum6-1024x768.jpg\" alt=\"\" class=\"wp-image-563\" srcset=\"https:\/\/www.gucehaber.com\/wp-content\/uploads\/2020\/10\/cum6-1024x768.jpg 1024w, https:\/\/www.gucehaber.com\/wp-content\/uploads\/2020\/10\/cum6-300x225.jpg 300w, https:\/\/www.gucehaber.com\/wp-content\/uploads\/2020\/10\/cum6-768x576.jpg 768w, https:\/\/www.gucehaber.com\/wp-content\/uploads\/2020\/10\/cum6.jpg 1440w\" sizes=\"auto, (max-width: 1024px) 100vw, 1024px\" \/><\/figure>\n\n\n\n<p><\/p>\n\n\n\n<figure class=\"wp-block-image size-large\"><img loading=\"lazy\" decoding=\"async\" width=\"200\" height=\"51\" src=\"https:\/\/www.gucehaber.com\/wp-content\/uploads\/2020\/10\/GCHBR-1.jpg\" alt=\"\" class=\"wp-image-564\"\/><\/figure>\n","protected":false},"excerpt":{"rendered":"<p>Cumhuriyetimizin kurulu\u015funun 97. Y\u0131l d\u00f6n\u00fcm\u00fc kutlama program\u0131 kapsam\u0131nda Belediye binas\u0131 \u00f6n\u00fcndeki Atat\u00fcrk An\u0131t\u0131\u2019na \u00e7elenk sunma t\u00f6reni yap\u0131ld\u0131. G\u00fcce\u2019de d\u00fczenlenen t\u00f6rene; G\u00fcce Kaymakam\u0131 \u015eahin Demir, G\u00fcce Belediye Ba\u015fkan\u0131 Aytekin Boduro\u011flu, \u0130l\u00e7e Emniyet Amiri Ayhan S\u00fcer, \u0130l\u00e7e Jandarma Komutan\u0131 Te\u011fmen G\u00f6khan Varl\u0131k, siyasi parti temsilcileri, daire amirleri, okul m\u00fcd\u00fcrleri, sivil toplum kurulu\u015fu temsilcileri, oda ba\u015fkanlar\u0131 kat\u0131ld\u0131. T\u00f6rende [&hellip;]<\/p>\n","protected":false},"author":1,"featured_media":563,"comment_status":"open","ping_status":"open","sticky":false,"template":"","format":"standard","meta":{"footnotes":""},"categories":[7],"tags":[],"class_list":["post-557","post","type-post","status-publish","format-standard","has-post-thumbnail","hentry","category-guce"],"aioseo_notices":[],"_links":{"self":[{"href":"https:\/\/www.gucehaber.com\/index.php\/wp-json\/wp\/v2\/posts\/557","targetHints":{"allow":["GET"]}}],"collection":[{"href":"https:\/\/www.gucehaber.com\/index.php\/wp-json\/wp\/v2\/posts"}],"about":[{"href":"https:\/\/www.gucehaber.com\/index.php\/wp-json\/wp\/v2\/types\/post"}],"author":[{"embeddable":true,"href":"https:\/\/www.gucehaber.com\/index.php\/wp-json\/wp\/v2\/users\/1"}],"replies":[{"embeddable":true,"href":"https:\/\/www.gucehaber.com\/index.php\/wp-json\/wp\/v2\/comments?post=557"}],"version-history":[{"count":3,"href":"https:\/\/www.gucehaber.com\/index.php\/wp-json\/wp\/v2\/posts\/557\/revisions"}],"predecessor-version":[{"id":567,"href":"https:\/\/www.gucehaber.com\/index.php\/wp-json\/wp\/v2\/posts\/557\/revisions\/567"}],"wp:featuredmedia":[{"embeddable":true,"href":"https:\/\/www.gucehaber.com\/index.php\/wp-json\/wp\/v2\/media\/563"}],"wp:attachment":[{"href":"https:\/\/www.gucehaber.com\/index.php\/wp-json\/wp\/v2\/media?parent=557"}],"wp:term":[{"taxonomy":"category","embeddable":true,"href":"https:\/\/www.gucehaber.com\/index.php\/wp-json\/wp\/v2\/categories?post=557"},{"taxonomy":"post_tag","embeddable":true,"href":"https:\/\/www.gucehaber.com\/index.php\/wp-json\/wp\/v2\/tags?post=557"}],"curies":[{"name":"wp","href":"https:\/\/api.w.org\/{rel}","templated":true}]}}