{"id":483,"date":"2020-09-20T16:05:46","date_gmt":"2020-09-20T16:05:46","guid":{"rendered":"https:\/\/www.gucehaber.com\/?p=483"},"modified":"2020-09-21T17:20:35","modified_gmt":"2020-09-21T17:20:35","slug":"gucede-yanan-ev-kullanilamaz-hale-geldi-2","status":"publish","type":"post","link":"https:\/\/www.gucehaber.com\/index.php\/2020\/09\/20\/gucede-yanan-ev-kullanilamaz-hale-geldi-2\/","title":{"rendered":"G\u00fcce\u2019de Yanan Ev Kullan\u0131lamaz Hale Geldi"},"content":{"rendered":"\n<p>G\u00fcce il\u00e7esinde yang\u0131n \u00e7\u0131kan tek katl\u0131 ah\u015fap ev kullan\u0131lamaz hale geldi.<\/p>\n\n\n\n<figure class=\"wp-block-image size-large\"><img loading=\"lazy\" decoding=\"async\" width=\"743\" height=\"960\" src=\"https:\/\/www.gucehaber.com\/wp-content\/uploads\/2020\/09\/119969606_4635960833081014_5941458673614466656_o.jpg\" alt=\"\" class=\"wp-image-484\" srcset=\"https:\/\/www.gucehaber.com\/wp-content\/uploads\/2020\/09\/119969606_4635960833081014_5941458673614466656_o.jpg 743w, https:\/\/www.gucehaber.com\/wp-content\/uploads\/2020\/09\/119969606_4635960833081014_5941458673614466656_o-232x300.jpg 232w\" sizes=\"auto, (max-width: 743px) 100vw, 743px\" \/><\/figure>\n\n\n\n<p>&nbsp; Al\u0131nan bilgiye g\u00f6re, il\u00e7eye ba\u011fl\u0131 Tekkek\u00f6y k\u00f6y\u00fcnde, Mehmet Ad\u0131yaman\u2019a (65) ait tek katl\u0131 evin mutfak k\u0131sm\u0131nda hen\u00fcz belirlenemeyen nedenle yang\u0131n \u00e7\u0131kt\u0131.<\/p>\n\n\n\n<figure class=\"wp-block-image size-large\"><img loading=\"lazy\" decoding=\"async\" width=\"614\" height=\"898\" src=\"https:\/\/www.gucehaber.com\/wp-content\/uploads\/2020\/09\/yangin.jpg\" alt=\"\" class=\"wp-image-485\" srcset=\"https:\/\/www.gucehaber.com\/wp-content\/uploads\/2020\/09\/yangin.jpg 614w, https:\/\/www.gucehaber.com\/wp-content\/uploads\/2020\/09\/yangin-205x300.jpg 205w\" sizes=\"auto, (max-width: 614px) 100vw, 614px\" \/><\/figure>\n\n\n\n<p> Mehmet Ad\u0131yaman&#8217;a ait evden alevlerin y\u00fckseldi\u011fini g\u00f6ren k\u00f6yl\u00fc vatanda\u015flar evdeki \u00e7ocuklar\u0131 d\u0131\u015far\u0131ya \u00e7\u0131kararak yang\u0131na m\u00fcdahale etti.<\/p>\n\n\n\n<p>Yang\u0131nda can kayb\u0131 ya\u015fanmazken, ev kullan\u0131lamaz hale geldi.<\/p>\n\n\n\n<p> Yanan evde Mehmet Ad\u0131yaman&#8217;la beraber e\u015fi, o\u011flu, gelini ve 3 de torunu ya\u015fad\u0131\u011f\u0131 \u00f6\u011frenildi. <\/p>\n\n\n\n<p><\/p>\n\n\n\n<p><\/p>\n\n\n\n<figure class=\"wp-block-gallery columns-0 is-cropped wp-block-gallery-1 is-layout-flex wp-block-gallery-is-layout-flex\"><ul class=\"blocks-gallery-grid\"><\/ul><\/figure>\n\n\n\n<figure class=\"wp-block-gallery columns-0 is-cropped wp-block-gallery-2 is-layout-flex wp-block-gallery-is-layout-flex\"><ul class=\"blocks-gallery-grid\"><\/ul><\/figure>\n","protected":false},"excerpt":{"rendered":"<p>G\u00fcce il\u00e7esinde yang\u0131n \u00e7\u0131kan tek katl\u0131 ah\u015fap ev kullan\u0131lamaz hale geldi. &nbsp; Al\u0131nan bilgiye g\u00f6re, il\u00e7eye ba\u011fl\u0131 Tekkek\u00f6y k\u00f6y\u00fcnde, Mehmet Ad\u0131yaman\u2019a (65) ait tek katl\u0131 evin mutfak k\u0131sm\u0131nda hen\u00fcz belirlenemeyen nedenle yang\u0131n \u00e7\u0131kt\u0131. Mehmet Ad\u0131yaman&#8217;a ait evden alevlerin y\u00fckseldi\u011fini g\u00f6ren k\u00f6yl\u00fc vatanda\u015flar evdeki \u00e7ocuklar\u0131 d\u0131\u015far\u0131ya \u00e7\u0131kararak yang\u0131na m\u00fcdahale etti. Yang\u0131nda can kayb\u0131 ya\u015fanmazken, ev kullan\u0131lamaz [&hellip;]<\/p>\n","protected":false},"author":1,"featured_media":485,"comment_status":"open","ping_status":"open","sticky":false,"template":"","format":"standard","meta":{"footnotes":""},"categories":[7],"tags":[],"class_list":["post-483","post","type-post","status-publish","format-standard","has-post-thumbnail","hentry","category-guce"],"aioseo_notices":[],"_links":{"self":[{"href":"https:\/\/www.gucehaber.com\/index.php\/wp-json\/wp\/v2\/posts\/483","targetHints":{"allow":["GET"]}}],"collection":[{"href":"https:\/\/www.gucehaber.com\/index.php\/wp-json\/wp\/v2\/posts"}],"about":[{"href":"https:\/\/www.gucehaber.com\/index.php\/wp-json\/wp\/v2\/types\/post"}],"author":[{"embeddable":true,"href":"https:\/\/www.gucehaber.com\/index.php\/wp-json\/wp\/v2\/users\/1"}],"replies":[{"embeddable":true,"href":"https:\/\/www.gucehaber.com\/index.php\/wp-json\/wp\/v2\/comments?post=483"}],"version-history":[{"count":4,"href":"https:\/\/www.gucehaber.com\/index.php\/wp-json\/wp\/v2\/posts\/483\/revisions"}],"predecessor-version":[{"id":492,"href":"https:\/\/www.gucehaber.com\/index.php\/wp-json\/wp\/v2\/posts\/483\/revisions\/492"}],"wp:featuredmedia":[{"embeddable":true,"href":"https:\/\/www.gucehaber.com\/index.php\/wp-json\/wp\/v2\/media\/485"}],"wp:attachment":[{"href":"https:\/\/www.gucehaber.com\/index.php\/wp-json\/wp\/v2\/media?parent=483"}],"wp:term":[{"taxonomy":"category","embeddable":true,"href":"https:\/\/www.gucehaber.com\/index.php\/wp-json\/wp\/v2\/categories?post=483"},{"taxonomy":"post_tag","embeddable":true,"href":"https:\/\/www.gucehaber.com\/index.php\/wp-json\/wp\/v2\/tags?post=483"}],"curies":[{"name":"wp","href":"https:\/\/api.w.org\/{rel}","templated":true}]}}