{"id":378,"date":"2020-09-01T21:29:00","date_gmt":"2020-09-01T21:29:00","guid":{"rendered":"https:\/\/www.gucehaber.com\/?p=378"},"modified":"2020-09-08T21:30:45","modified_gmt":"2020-09-08T21:30:45","slug":"bakan-pakdemirli-gucede-incelemelerde-bulundu","status":"publish","type":"post","link":"https:\/\/www.gucehaber.com\/index.php\/2020\/09\/01\/bakan-pakdemirli-gucede-incelemelerde-bulundu\/","title":{"rendered":"Bakan Pakdemirli G\u00fcce\u2019de \u0130ncelemelerde Bulundu"},"content":{"rendered":"\n<p>Bakan Pakdemirli, G\u00fcce il\u00e7esini ziyaret ederek afet b\u00f6lgelerinde incelemelerde bulundu.<\/p>\n\n\n\n<figure class=\"wp-block-image size-large\"><img loading=\"lazy\" decoding=\"async\" width=\"960\" height=\"640\" src=\"https:\/\/www.gucehaber.com\/wp-content\/uploads\/2020\/09\/bakan5.jpg\" alt=\"\" class=\"wp-image-379\" srcset=\"https:\/\/www.gucehaber.com\/wp-content\/uploads\/2020\/09\/bakan5.jpg 960w, https:\/\/www.gucehaber.com\/wp-content\/uploads\/2020\/09\/bakan5-300x200.jpg 300w, https:\/\/www.gucehaber.com\/wp-content\/uploads\/2020\/09\/bakan5-768x512.jpg 768w\" sizes=\"auto, (max-width: 960px) 100vw, 960px\" \/><\/figure>\n\n\n\n<p>\u00a0 Tar\u0131m ve Orman Bakan\u0131m\u0131z Say\u0131n Dr. Bekir Pakdemirli, Giresun Milletvekilimiz Cemal \u00d6zt\u00fcrk, DS\u0130 Genel M\u00fcd\u00fcr\u00fc Kaya Y\u0131ld\u0131z, , TMO Genel M\u00fcd\u00fcr\u00fc Ahmet G\u00fcldal, Orman Genel M\u00fcd\u00fcr Yard\u0131mc\u0131s\u0131 Mustafa \u00d6zkaya ve beraberindeki heyet, il\u00e7emizi ziyaret ederek afet b\u00f6lgelerinde incelemelerde bulundular.<\/p>\n\n\n\n<figure class=\"wp-block-image size-large\"><img loading=\"lazy\" decoding=\"async\" width=\"960\" height=\"640\" src=\"https:\/\/www.gucehaber.com\/wp-content\/uploads\/2020\/09\/bakan4.jpg\" alt=\"\" class=\"wp-image-380\" srcset=\"https:\/\/www.gucehaber.com\/wp-content\/uploads\/2020\/09\/bakan4.jpg 960w, https:\/\/www.gucehaber.com\/wp-content\/uploads\/2020\/09\/bakan4-300x200.jpg 300w, https:\/\/www.gucehaber.com\/wp-content\/uploads\/2020\/09\/bakan4-768x512.jpg 768w\" sizes=\"auto, (max-width: 960px) 100vw, 960px\" \/><\/figure>\n\n\n\n<p>Bu zor g\u00fcnlerde verdikleri desteklerden dolay\u0131 kendilerine te\u015fekk\u00fcr ederiz.<\/p>\n\n\n\n<figure class=\"wp-block-image size-large\"><img loading=\"lazy\" decoding=\"async\" width=\"960\" height=\"640\" src=\"https:\/\/www.gucehaber.com\/wp-content\/uploads\/2020\/09\/bakan-3.jpg\" alt=\"\" class=\"wp-image-381\" srcset=\"https:\/\/www.gucehaber.com\/wp-content\/uploads\/2020\/09\/bakan-3.jpg 960w, https:\/\/www.gucehaber.com\/wp-content\/uploads\/2020\/09\/bakan-3-300x200.jpg 300w, https:\/\/www.gucehaber.com\/wp-content\/uploads\/2020\/09\/bakan-3-768x512.jpg 768w\" sizes=\"auto, (max-width: 960px) 100vw, 960px\" \/><\/figure>\n\n\n\n<figure class=\"wp-block-image size-large\"><img loading=\"lazy\" decoding=\"async\" width=\"960\" height=\"640\" src=\"https:\/\/www.gucehaber.com\/wp-content\/uploads\/2020\/09\/bakan-2.jpg\" alt=\"\" class=\"wp-image-382\" srcset=\"https:\/\/www.gucehaber.com\/wp-content\/uploads\/2020\/09\/bakan-2.jpg 960w, https:\/\/www.gucehaber.com\/wp-content\/uploads\/2020\/09\/bakan-2-300x200.jpg 300w, https:\/\/www.gucehaber.com\/wp-content\/uploads\/2020\/09\/bakan-2-768x512.jpg 768w\" sizes=\"auto, (max-width: 960px) 100vw, 960px\" \/><\/figure>\n\n\n\n<figure class=\"wp-block-image size-large\"><img loading=\"lazy\" decoding=\"async\" width=\"960\" height=\"640\" src=\"https:\/\/www.gucehaber.com\/wp-content\/uploads\/2020\/09\/bakan-1.jpg\" alt=\"\" class=\"wp-image-383\" srcset=\"https:\/\/www.gucehaber.com\/wp-content\/uploads\/2020\/09\/bakan-1.jpg 960w, https:\/\/www.gucehaber.com\/wp-content\/uploads\/2020\/09\/bakan-1-300x200.jpg 300w, https:\/\/www.gucehaber.com\/wp-content\/uploads\/2020\/09\/bakan-1-768x512.jpg 768w\" sizes=\"auto, (max-width: 960px) 100vw, 960px\" \/><\/figure>\n","protected":false},"excerpt":{"rendered":"<p>Bakan Pakdemirli, G\u00fcce il\u00e7esini ziyaret ederek afet b\u00f6lgelerinde incelemelerde bulundu. \u00a0 Tar\u0131m ve Orman Bakan\u0131m\u0131z Say\u0131n Dr. Bekir Pakdemirli, Giresun Milletvekilimiz Cemal \u00d6zt\u00fcrk, DS\u0130 Genel M\u00fcd\u00fcr\u00fc Kaya Y\u0131ld\u0131z, , TMO Genel M\u00fcd\u00fcr\u00fc Ahmet G\u00fcldal, Orman Genel M\u00fcd\u00fcr Yard\u0131mc\u0131s\u0131 Mustafa \u00d6zkaya ve beraberindeki heyet, il\u00e7emizi ziyaret ederek afet b\u00f6lgelerinde incelemelerde bulundular. Bu zor g\u00fcnlerde verdikleri desteklerden [&hellip;]<\/p>\n","protected":false},"author":1,"featured_media":380,"comment_status":"open","ping_status":"open","sticky":false,"template":"","format":"standard","meta":{"footnotes":""},"categories":[7],"tags":[],"class_list":["post-378","post","type-post","status-publish","format-standard","has-post-thumbnail","hentry","category-guce"],"aioseo_notices":[],"_links":{"self":[{"href":"https:\/\/www.gucehaber.com\/index.php\/wp-json\/wp\/v2\/posts\/378","targetHints":{"allow":["GET"]}}],"collection":[{"href":"https:\/\/www.gucehaber.com\/index.php\/wp-json\/wp\/v2\/posts"}],"about":[{"href":"https:\/\/www.gucehaber.com\/index.php\/wp-json\/wp\/v2\/types\/post"}],"author":[{"embeddable":true,"href":"https:\/\/www.gucehaber.com\/index.php\/wp-json\/wp\/v2\/users\/1"}],"replies":[{"embeddable":true,"href":"https:\/\/www.gucehaber.com\/index.php\/wp-json\/wp\/v2\/comments?post=378"}],"version-history":[{"count":1,"href":"https:\/\/www.gucehaber.com\/index.php\/wp-json\/wp\/v2\/posts\/378\/revisions"}],"predecessor-version":[{"id":384,"href":"https:\/\/www.gucehaber.com\/index.php\/wp-json\/wp\/v2\/posts\/378\/revisions\/384"}],"wp:featuredmedia":[{"embeddable":true,"href":"https:\/\/www.gucehaber.com\/index.php\/wp-json\/wp\/v2\/media\/380"}],"wp:attachment":[{"href":"https:\/\/www.gucehaber.com\/index.php\/wp-json\/wp\/v2\/media?parent=378"}],"wp:term":[{"taxonomy":"category","embeddable":true,"href":"https:\/\/www.gucehaber.com\/index.php\/wp-json\/wp\/v2\/categories?post=378"},{"taxonomy":"post_tag","embeddable":true,"href":"https:\/\/www.gucehaber.com\/index.php\/wp-json\/wp\/v2\/tags?post=378"}],"curies":[{"name":"wp","href":"https:\/\/api.w.org\/{rel}","templated":true}]}}