{"id":366,"date":"2020-08-28T21:24:00","date_gmt":"2020-08-28T21:24:00","guid":{"rendered":"https:\/\/www.gucehaber.com\/?p=366"},"modified":"2020-09-08T21:26:27","modified_gmt":"2020-09-08T21:26:27","slug":"milletvekilleri-gucede-heyelan-bolgesinde","status":"publish","type":"post","link":"https:\/\/www.gucehaber.com\/index.php\/2020\/08\/28\/milletvekilleri-gucede-heyelan-bolgesinde\/","title":{"rendered":"Milletvekilleri G\u00fcce\u2019de Heyelan B\u00f6lgesinde"},"content":{"rendered":"\n<p>Milletvekili Cemal \u00d6zt\u00fcrk ve Hasan Turan heyelan b\u00f6lgelerinde incelemelrde bulundular.<\/p>\n\n\n\n<figure class=\"wp-block-image size-large\"><img loading=\"lazy\" decoding=\"async\" width=\"960\" height=\"640\" src=\"https:\/\/www.gucehaber.com\/wp-content\/uploads\/2020\/09\/vekil-4.jpg\" alt=\"\" class=\"wp-image-367\" srcset=\"https:\/\/www.gucehaber.com\/wp-content\/uploads\/2020\/09\/vekil-4.jpg 960w, https:\/\/www.gucehaber.com\/wp-content\/uploads\/2020\/09\/vekil-4-300x200.jpg 300w, https:\/\/www.gucehaber.com\/wp-content\/uploads\/2020\/09\/vekil-4-768x512.jpg 768w\" sizes=\"auto, (max-width: 960px) 100vw, 960px\" \/><\/figure>\n\n\n\n<p><br>Ak Parti Giresun Milletvekili Say\u0131n Cemal \u00d6ZT\u00dcRK ile Ak Parti \u0130stanbul Milletvekili Hem\u015fehrimiz Say\u0131n Hasan TURAN, il\u00e7emizi ziyaret ederek afet b\u00f6lgelerinde incelemelerde bulundular.<br><\/p>\n\n\n\n<figure class=\"wp-block-image size-large\"><img loading=\"lazy\" decoding=\"async\" width=\"960\" height=\"640\" src=\"https:\/\/www.gucehaber.com\/wp-content\/uploads\/2020\/09\/vekil-5.jpg\" alt=\"\" class=\"wp-image-368\" srcset=\"https:\/\/www.gucehaber.com\/wp-content\/uploads\/2020\/09\/vekil-5.jpg 960w, https:\/\/www.gucehaber.com\/wp-content\/uploads\/2020\/09\/vekil-5-300x200.jpg 300w, https:\/\/www.gucehaber.com\/wp-content\/uploads\/2020\/09\/vekil-5-768x512.jpg 768w\" sizes=\"auto, (max-width: 960px) 100vw, 960px\" \/><\/figure>\n\n\n\n<p>Bu zor g\u00fcnlerde verdikleri desteklerden dolay\u0131 kendilerine te\u015fekk\u00fcr ediyoruz.<\/p>\n\n\n\n<figure class=\"wp-block-image size-large\"><img loading=\"lazy\" decoding=\"async\" width=\"960\" height=\"640\" src=\"https:\/\/www.gucehaber.com\/wp-content\/uploads\/2020\/09\/vekil33.jpg\" alt=\"\" class=\"wp-image-369\" srcset=\"https:\/\/www.gucehaber.com\/wp-content\/uploads\/2020\/09\/vekil33.jpg 960w, https:\/\/www.gucehaber.com\/wp-content\/uploads\/2020\/09\/vekil33-300x200.jpg 300w, https:\/\/www.gucehaber.com\/wp-content\/uploads\/2020\/09\/vekil33-768x512.jpg 768w\" sizes=\"auto, (max-width: 960px) 100vw, 960px\" \/><\/figure>\n","protected":false},"excerpt":{"rendered":"<p>Milletvekili Cemal \u00d6zt\u00fcrk ve Hasan Turan heyelan b\u00f6lgelerinde incelemelrde bulundular. Ak Parti Giresun Milletvekili Say\u0131n Cemal \u00d6ZT\u00dcRK ile Ak Parti \u0130stanbul Milletvekili Hem\u015fehrimiz Say\u0131n Hasan TURAN, il\u00e7emizi ziyaret ederek afet b\u00f6lgelerinde incelemelerde bulundular. Bu zor g\u00fcnlerde verdikleri desteklerden dolay\u0131 kendilerine te\u015fekk\u00fcr ediyoruz.<\/p>\n","protected":false},"author":1,"featured_media":368,"comment_status":"open","ping_status":"open","sticky":false,"template":"","format":"standard","meta":{"footnotes":""},"categories":[7],"tags":[],"class_list":["post-366","post","type-post","status-publish","format-standard","has-post-thumbnail","hentry","category-guce"],"aioseo_notices":[],"_links":{"self":[{"href":"https:\/\/www.gucehaber.com\/index.php\/wp-json\/wp\/v2\/posts\/366","targetHints":{"allow":["GET"]}}],"collection":[{"href":"https:\/\/www.gucehaber.com\/index.php\/wp-json\/wp\/v2\/posts"}],"about":[{"href":"https:\/\/www.gucehaber.com\/index.php\/wp-json\/wp\/v2\/types\/post"}],"author":[{"embeddable":true,"href":"https:\/\/www.gucehaber.com\/index.php\/wp-json\/wp\/v2\/users\/1"}],"replies":[{"embeddable":true,"href":"https:\/\/www.gucehaber.com\/index.php\/wp-json\/wp\/v2\/comments?post=366"}],"version-history":[{"count":1,"href":"https:\/\/www.gucehaber.com\/index.php\/wp-json\/wp\/v2\/posts\/366\/revisions"}],"predecessor-version":[{"id":370,"href":"https:\/\/www.gucehaber.com\/index.php\/wp-json\/wp\/v2\/posts\/366\/revisions\/370"}],"wp:featuredmedia":[{"embeddable":true,"href":"https:\/\/www.gucehaber.com\/index.php\/wp-json\/wp\/v2\/media\/368"}],"wp:attachment":[{"href":"https:\/\/www.gucehaber.com\/index.php\/wp-json\/wp\/v2\/media?parent=366"}],"wp:term":[{"taxonomy":"category","embeddable":true,"href":"https:\/\/www.gucehaber.com\/index.php\/wp-json\/wp\/v2\/categories?post=366"},{"taxonomy":"post_tag","embeddable":true,"href":"https:\/\/www.gucehaber.com\/index.php\/wp-json\/wp\/v2\/tags?post=366"}],"curies":[{"name":"wp","href":"https:\/\/api.w.org\/{rel}","templated":true}]}}