{"id":35,"date":"2019-03-06T15:46:49","date_gmt":"2019-03-06T15:46:49","guid":{"rendered":"http:\/\/www.gucehaber.com\/?p=35"},"modified":"2020-09-06T16:38:41","modified_gmt":"2020-09-06T16:38:41","slug":"bakan-pakdemirliden-guceye-mujdeli-haber","status":"publish","type":"post","link":"https:\/\/www.gucehaber.com\/index.php\/2019\/03\/06\/bakan-pakdemirliden-guceye-mujdeli-haber\/","title":{"rendered":"Bakan PAKDEM\u0130RL\u0130\u2019den G\u00fcce\u2019ye M\u00fcjdeli Haber"},"content":{"rendered":"\n<p>Y\u0131llard\u0131r \u015eaban Kale \u015eehitleri i\u00e7in d\u00f6rt g\u00f6zle bekledi\u011fimiz m\u00fcjdeli haber Bakan Pakdemirli\u2019den geldi.Tar\u0131m ve Orman Bakan\u0131 Bekir Pakdemirli Giresun\u2019daki konu\u015fmas\u0131nda \u015eaban Kalesi\u2019ne Tabiat Park\u0131\u2019n\u0131 kazand\u0131racaklar\u0131n\u0131n m\u00fcjdesini vererek G\u00fccelileri sevindirdi.<\/p>\n\n\n\n<figure class=\"wp-block-image size-large\"><img loading=\"lazy\" decoding=\"async\" width=\"706\" height=\"431\" src=\"http:\/\/www.gucehaber.com\/wp-content\/uploads\/2020\/09\/bakan-pakdemirli-manisa-da-mujdeleri-arka-arkaya-siraladi_96787-1.jpg\" alt=\"\" class=\"wp-image-36\" srcset=\"https:\/\/www.gucehaber.com\/wp-content\/uploads\/2020\/09\/bakan-pakdemirli-manisa-da-mujdeleri-arka-arkaya-siraladi_96787-1.jpg 706w, https:\/\/www.gucehaber.com\/wp-content\/uploads\/2020\/09\/bakan-pakdemirli-manisa-da-mujdeleri-arka-arkaya-siraladi_96787-1-300x183.jpg 300w\" sizes=\"auto, (max-width: 706px) 100vw, 706px\" \/><\/figure>\n\n\n\n<p>Cumhur Ba\u015fkan\u0131 Recep Tayyip Erdo\u011fan\u2019\u0131n Giresun ziyaretinde halka hitap eden Tar\u0131m ve Orman Bakan\u0131 Bekir Pakdemirli, \u015eaban Kalesi Tabiat Park\u0131n\u0131n yap\u0131laca\u011f\u0131n\u0131 da ilan ederek,2019 y\u0131l\u0131nda \u00e7al\u0131\u015fmalar\u0131n ba\u015flayaca\u011f\u0131n\u0131 s\u00f6yledi.<\/p>\n\n\n\n<p><a href=\"https:\/\/www.gucehaber.com\/\">www.gucehaber.com<\/a>&nbsp;&nbsp;olarak 1917-1918 Osmanl\u0131-Rus Sava\u015f\u0131\u2019nda Har\u015fit Savunmas\u0131n\u0131n yap\u0131ld\u0131\u011f\u0131 \u015eaban Kalesi \u015eehitli\u011finde \u2019nde yap\u0131lacak olan Tabiat Park\u0131 projesinin hayata ge\u00e7mesinde b\u00fcy\u00fck \u00e7abalar sarf eden G\u00fcce Belediye Ba\u015fkan\u0131 Aytekin Ge\u00e7gel\u2019e, Tar\u0131m ve Orman Bakan\u0131 Say\u0131n Bekir Pakdemirli\u2019ye, K\u00fclt\u00fcr Ve Turizm Bakan Yard\u0131mc\u0131s\u0131 Say\u0131n Ahmet Haluk Dursun\u2019a, eme\u011fi ge\u00e7en t\u00fcm kurum m\u00fcd\u00fcrlerine G\u00fcceliler ad\u0131na te\u015fekk\u00fcr ediyoruz.<\/p>\n\n\n\n<figure class=\"wp-block-image size-large is-style-default\"><img loading=\"lazy\" decoding=\"async\" width=\"1024\" height=\"683\" src=\"http:\/\/www.gucehaber.com\/wp-content\/uploads\/2020\/09\/IMG_6737-1024x683-1.jpg\" alt=\"\" class=\"wp-image-22\" srcset=\"https:\/\/www.gucehaber.com\/wp-content\/uploads\/2020\/09\/IMG_6737-1024x683-1.jpg 1024w, https:\/\/www.gucehaber.com\/wp-content\/uploads\/2020\/09\/IMG_6737-1024x683-1-300x200.jpg 300w, https:\/\/www.gucehaber.com\/wp-content\/uploads\/2020\/09\/IMG_6737-1024x683-1-768x512.jpg 768w\" sizes=\"auto, (max-width: 1024px) 100vw, 1024px\" \/><\/figure>\n\n\n\n<p><\/p>\n","protected":false},"excerpt":{"rendered":"<p>Y\u0131llard\u0131r \u015eaban Kale \u015eehitleri i\u00e7in d\u00f6rt g\u00f6zle bekledi\u011fimiz m\u00fcjdeli haber Bakan Pakdemirli\u2019den geldi.Tar\u0131m ve Orman Bakan\u0131 Bekir Pakdemirli Giresun\u2019daki konu\u015fmas\u0131nda \u015eaban Kalesi\u2019ne Tabiat Park\u0131\u2019n\u0131 kazand\u0131racaklar\u0131n\u0131n m\u00fcjdesini vererek G\u00fccelileri sevindirdi. Cumhur Ba\u015fkan\u0131 Recep Tayyip Erdo\u011fan\u2019\u0131n Giresun ziyaretinde halka hitap eden Tar\u0131m ve Orman Bakan\u0131 Bekir Pakdemirli, \u015eaban Kalesi Tabiat Park\u0131n\u0131n yap\u0131laca\u011f\u0131n\u0131 da ilan ederek,2019 y\u0131l\u0131nda \u00e7al\u0131\u015fmalar\u0131n [&hellip;]<\/p>\n","protected":false},"author":1,"featured_media":21,"comment_status":"closed","ping_status":"closed","sticky":false,"template":"","format":"standard","meta":{"footnotes":""},"categories":[7],"tags":[],"class_list":["post-35","post","type-post","status-publish","format-standard","has-post-thumbnail","hentry","category-guce"],"aioseo_notices":[],"_links":{"self":[{"href":"https:\/\/www.gucehaber.com\/index.php\/wp-json\/wp\/v2\/posts\/35","targetHints":{"allow":["GET"]}}],"collection":[{"href":"https:\/\/www.gucehaber.com\/index.php\/wp-json\/wp\/v2\/posts"}],"about":[{"href":"https:\/\/www.gucehaber.com\/index.php\/wp-json\/wp\/v2\/types\/post"}],"author":[{"embeddable":true,"href":"https:\/\/www.gucehaber.com\/index.php\/wp-json\/wp\/v2\/users\/1"}],"replies":[{"embeddable":true,"href":"https:\/\/www.gucehaber.com\/index.php\/wp-json\/wp\/v2\/comments?post=35"}],"version-history":[{"count":2,"href":"https:\/\/www.gucehaber.com\/index.php\/wp-json\/wp\/v2\/posts\/35\/revisions"}],"predecessor-version":[{"id":41,"href":"https:\/\/www.gucehaber.com\/index.php\/wp-json\/wp\/v2\/posts\/35\/revisions\/41"}],"wp:featuredmedia":[{"embeddable":true,"href":"https:\/\/www.gucehaber.com\/index.php\/wp-json\/wp\/v2\/media\/21"}],"wp:attachment":[{"href":"https:\/\/www.gucehaber.com\/index.php\/wp-json\/wp\/v2\/media?parent=35"}],"wp:term":[{"taxonomy":"category","embeddable":true,"href":"https:\/\/www.gucehaber.com\/index.php\/wp-json\/wp\/v2\/categories?post=35"},{"taxonomy":"post_tag","embeddable":true,"href":"https:\/\/www.gucehaber.com\/index.php\/wp-json\/wp\/v2\/tags?post=35"}],"curies":[{"name":"wp","href":"https:\/\/api.w.org\/{rel}","templated":true}]}}