{"id":322,"date":"2020-05-21T21:09:00","date_gmt":"2020-05-21T21:09:00","guid":{"rendered":"https:\/\/www.gucehaber.com\/?p=322"},"modified":"2020-09-08T21:11:21","modified_gmt":"2020-09-08T21:11:21","slug":"gucede-cadde-ve-sokaklar-bombos","status":"publish","type":"post","link":"https:\/\/www.gucehaber.com\/index.php\/2020\/05\/21\/gucede-cadde-ve-sokaklar-bombos\/","title":{"rendered":"G\u00fcce\u2019de Cadde ve Sokaklar Bombo\u015f"},"content":{"rendered":"\n<p><strong>G\u00fcce\u2019de yasa\u011f\u0131n ilk g\u00fcn\u00fc cadde ve sokaklar bombo\u015f.<\/strong><\/p>\n\n\n\n<figure class=\"wp-block-image size-large\"><img loading=\"lazy\" decoding=\"async\" width=\"960\" height=\"720\" src=\"https:\/\/www.gucehaber.com\/wp-content\/uploads\/2020\/09\/sokak3.jpg\" alt=\"\" class=\"wp-image-323\" srcset=\"https:\/\/www.gucehaber.com\/wp-content\/uploads\/2020\/09\/sokak3.jpg 960w, https:\/\/www.gucehaber.com\/wp-content\/uploads\/2020\/09\/sokak3-300x225.jpg 300w, https:\/\/www.gucehaber.com\/wp-content\/uploads\/2020\/09\/sokak3-768x576.jpg 768w\" sizes=\"auto, (max-width: 960px) 100vw, 960px\" \/><\/figure>\n\n\n\n<p>&nbsp; G\u00fcce\u2019de koronavir\u00fcs tedbirler kapsam\u0131nda Bayramda 4 g\u00fcnl\u00fck soka\u011fa \u00e7\u0131kma yasa\u011f\u0131n\u0131n ba\u015flamas\u0131yla en i\u015flek meydan ve caddeler ile sokaklar bo\u015f kald\u0131.<\/p>\n\n\n\n<figure class=\"wp-block-image size-large\"><img loading=\"lazy\" decoding=\"async\" width=\"960\" height=\"720\" src=\"https:\/\/www.gucehaber.com\/wp-content\/uploads\/2020\/09\/sokak-4.jpg\" alt=\"\" class=\"wp-image-324\" srcset=\"https:\/\/www.gucehaber.com\/wp-content\/uploads\/2020\/09\/sokak-4.jpg 960w, https:\/\/www.gucehaber.com\/wp-content\/uploads\/2020\/09\/sokak-4-300x225.jpg 300w, https:\/\/www.gucehaber.com\/wp-content\/uploads\/2020\/09\/sokak-4-768x576.jpg 768w\" sizes=\"auto, (max-width: 960px) 100vw, 960px\" \/><\/figure>\n\n\n\n<p>&nbsp;&nbsp; \u0130\u00e7i\u015fleri Bakanl\u0131\u011f\u0131\u2019nca koronavir\u00fcs tedbirleri kapsam\u0131nda yay\u0131mlanan genelgeyle T\u00fcrkiye\u2019de, Bayramda 4 g\u00fcn s\u00fcreyle soka\u011fa \u00e7\u0131kma yasa\u011f\u0131 ilan edildi.<\/p>\n\n\n\n<figure class=\"wp-block-image size-large\"><img loading=\"lazy\" decoding=\"async\" width=\"960\" height=\"720\" src=\"https:\/\/www.gucehaber.com\/wp-content\/uploads\/2020\/09\/sokak-5.jpg\" alt=\"\" class=\"wp-image-325\" srcset=\"https:\/\/www.gucehaber.com\/wp-content\/uploads\/2020\/09\/sokak-5.jpg 960w, https:\/\/www.gucehaber.com\/wp-content\/uploads\/2020\/09\/sokak-5-300x225.jpg 300w, https:\/\/www.gucehaber.com\/wp-content\/uploads\/2020\/09\/sokak-5-768x576.jpg 768w\" sizes=\"auto, (max-width: 960px) 100vw, 960px\" \/><\/figure>\n\n\n\n<p>&nbsp;&nbsp;8 bin n\u00fcfuslu G\u00fcce\u2019de, yasa\u011f\u0131n ilk g\u00fcn\u00fc sessizlik h\u00e2kim oldu. \u0130l\u00e7enin en yo\u011fun meydan\u0131 Mare\u015fal Fevzi \u00c7akmak Caddesi ve il\u00e7e sokaklar\u0131, bombo\u015f kald\u0131. Polis ekipleri de cadde ve sokaklar ile yollarda denetim ger\u00e7ekle\u015ftirdi. S\u00fcr\u00fcc\u00fc ve yolcular\u0131n izin belgelerini kontrol eden ekipler, yasa\u011f\u0131 ihlal edenler hakk\u0131nda i\u015flem yap\u0131yor.<\/p>\n\n\n\n<figure class=\"wp-block-image size-large\"><img loading=\"lazy\" decoding=\"async\" width=\"960\" height=\"720\" src=\"https:\/\/www.gucehaber.com\/wp-content\/uploads\/2020\/09\/sokakak2.jpg\" alt=\"\" class=\"wp-image-326\" srcset=\"https:\/\/www.gucehaber.com\/wp-content\/uploads\/2020\/09\/sokakak2.jpg 960w, https:\/\/www.gucehaber.com\/wp-content\/uploads\/2020\/09\/sokakak2-300x225.jpg 300w, https:\/\/www.gucehaber.com\/wp-content\/uploads\/2020\/09\/sokakak2-768x576.jpg 768w\" sizes=\"auto, (max-width: 960px) 100vw, 960px\" \/><\/figure>\n\n\n\n<figure class=\"wp-block-image size-large\"><img loading=\"lazy\" decoding=\"async\" width=\"720\" height=\"960\" src=\"https:\/\/www.gucehaber.com\/wp-content\/uploads\/2020\/09\/spokak-6.jpg\" alt=\"\" class=\"wp-image-327\" srcset=\"https:\/\/www.gucehaber.com\/wp-content\/uploads\/2020\/09\/spokak-6.jpg 720w, https:\/\/www.gucehaber.com\/wp-content\/uploads\/2020\/09\/spokak-6-225x300.jpg 225w\" sizes=\"auto, (max-width: 720px) 100vw, 720px\" \/><\/figure>\n\n\n\n<figure class=\"wp-block-image size-large\"><img loading=\"lazy\" decoding=\"async\" width=\"720\" height=\"960\" src=\"https:\/\/www.gucehaber.com\/wp-content\/uploads\/2020\/09\/sokak-1.jpg\" alt=\"\" class=\"wp-image-328\" srcset=\"https:\/\/www.gucehaber.com\/wp-content\/uploads\/2020\/09\/sokak-1.jpg 720w, https:\/\/www.gucehaber.com\/wp-content\/uploads\/2020\/09\/sokak-1-225x300.jpg 225w\" sizes=\"auto, (max-width: 720px) 100vw, 720px\" \/><\/figure>\n","protected":false},"excerpt":{"rendered":"<p>G\u00fcce\u2019de yasa\u011f\u0131n ilk g\u00fcn\u00fc cadde ve sokaklar bombo\u015f. &nbsp; G\u00fcce\u2019de koronavir\u00fcs tedbirler kapsam\u0131nda Bayramda 4 g\u00fcnl\u00fck soka\u011fa \u00e7\u0131kma yasa\u011f\u0131n\u0131n ba\u015flamas\u0131yla en i\u015flek meydan ve caddeler ile sokaklar bo\u015f kald\u0131. &nbsp;&nbsp; \u0130\u00e7i\u015fleri Bakanl\u0131\u011f\u0131\u2019nca koronavir\u00fcs tedbirleri kapsam\u0131nda yay\u0131mlanan genelgeyle T\u00fcrkiye\u2019de, Bayramda 4 g\u00fcn s\u00fcreyle soka\u011fa \u00e7\u0131kma yasa\u011f\u0131 ilan edildi. &nbsp;&nbsp;8 bin n\u00fcfuslu G\u00fcce\u2019de, yasa\u011f\u0131n ilk g\u00fcn\u00fc sessizlik [&hellip;]<\/p>\n","protected":false},"author":1,"featured_media":326,"comment_status":"open","ping_status":"open","sticky":false,"template":"","format":"standard","meta":{"footnotes":""},"categories":[7],"tags":[],"class_list":["post-322","post","type-post","status-publish","format-standard","has-post-thumbnail","hentry","category-guce"],"aioseo_notices":[],"_links":{"self":[{"href":"https:\/\/www.gucehaber.com\/index.php\/wp-json\/wp\/v2\/posts\/322","targetHints":{"allow":["GET"]}}],"collection":[{"href":"https:\/\/www.gucehaber.com\/index.php\/wp-json\/wp\/v2\/posts"}],"about":[{"href":"https:\/\/www.gucehaber.com\/index.php\/wp-json\/wp\/v2\/types\/post"}],"author":[{"embeddable":true,"href":"https:\/\/www.gucehaber.com\/index.php\/wp-json\/wp\/v2\/users\/1"}],"replies":[{"embeddable":true,"href":"https:\/\/www.gucehaber.com\/index.php\/wp-json\/wp\/v2\/comments?post=322"}],"version-history":[{"count":1,"href":"https:\/\/www.gucehaber.com\/index.php\/wp-json\/wp\/v2\/posts\/322\/revisions"}],"predecessor-version":[{"id":329,"href":"https:\/\/www.gucehaber.com\/index.php\/wp-json\/wp\/v2\/posts\/322\/revisions\/329"}],"wp:featuredmedia":[{"embeddable":true,"href":"https:\/\/www.gucehaber.com\/index.php\/wp-json\/wp\/v2\/media\/326"}],"wp:attachment":[{"href":"https:\/\/www.gucehaber.com\/index.php\/wp-json\/wp\/v2\/media?parent=322"}],"wp:term":[{"taxonomy":"category","embeddable":true,"href":"https:\/\/www.gucehaber.com\/index.php\/wp-json\/wp\/v2\/categories?post=322"},{"taxonomy":"post_tag","embeddable":true,"href":"https:\/\/www.gucehaber.com\/index.php\/wp-json\/wp\/v2\/tags?post=322"}],"curies":[{"name":"wp","href":"https:\/\/api.w.org\/{rel}","templated":true}]}}