{"id":260,"date":"2020-03-20T20:35:00","date_gmt":"2020-03-20T20:35:00","guid":{"rendered":"https:\/\/www.gucehaber.com\/?p=260"},"modified":"2020-09-08T21:01:42","modified_gmt":"2020-09-08T21:01:42","slug":"gucede-cicek-acan-dallar-kar-altinda-kaldi","status":"publish","type":"post","link":"https:\/\/www.gucehaber.com\/index.php\/2020\/03\/20\/gucede-cicek-acan-dallar-kar-altinda-kaldi\/","title":{"rendered":"G\u00fcce\u2019de \u00c7i\u00e7ek A\u00e7an Dallar Kar Alt\u0131nda Kald\u0131"},"content":{"rendered":"\n<p>G\u00fcce il\u00e7esinde \u00e7i\u00e7ek a\u00e7an meyve a\u011fa\u00e7lar\u0131 kar alt\u0131nda kald\u0131.<\/p>\n\n\n\n<p>Havalar\u0131n s\u0131cak ve g\u00fcne\u015fli gitmesi nedeniyle erik, \u015feftali ve f\u0131nd\u0131k gibi a\u011fa\u00e7lar\u0131n \u00e7i\u00e7ek ve yaprak a\u00e7an meyve a\u011fa\u00e7lar\u0131 beyaz kar \u00f6rt\u00fcs\u00fc ile kaplanmas\u0131 kartpostall\u0131k g\u00f6r\u00fcnt\u00fclerin olu\u015fmas\u0131na neden oldu.<\/p>\n\n\n\n<figure class=\"wp-block-image size-large\"><img loading=\"lazy\" decoding=\"async\" width=\"954\" height=\"636\" src=\"https:\/\/www.gucehaber.com\/wp-content\/uploads\/2020\/09\/kar-1-3.jpg\" alt=\"\" class=\"wp-image-261\" srcset=\"https:\/\/www.gucehaber.com\/wp-content\/uploads\/2020\/09\/kar-1-3.jpg 954w, https:\/\/www.gucehaber.com\/wp-content\/uploads\/2020\/09\/kar-1-3-300x200.jpg 300w, https:\/\/www.gucehaber.com\/wp-content\/uploads\/2020\/09\/kar-1-3-768x512.jpg 768w\" sizes=\"auto, (max-width: 954px) 100vw, 954px\" \/><\/figure>\n\n\n\n<p>Erken \u00e7i\u00e7ek a\u00e7an meyve a\u011fa\u00e7lar\u0131n\u0131n kar alt\u0131ndaki kartpostall\u0131k g\u00f6r\u00fcnt\u00fcs\u00fc sevindirirken \u00fcreticileri de \u00fczd\u00fc.<br>G\u00fcce\u2019de F\u0131nd\u0131k \u00fcreticileri il\u00e7edeki kar ya\u011f\u0131\u015f\u0131n\u0131n ard\u0131ndan b\u00f6lgede don olay\u0131 ya\u015fanabilece\u011fini s\u00f6ylediler.<\/p>\n\n\n\n<figure class=\"wp-block-image size-large\"><img loading=\"lazy\" decoding=\"async\" width=\"630\" height=\"355\" src=\"https:\/\/www.gucehaber.com\/wp-content\/uploads\/2020\/09\/kar-2-2.jpg\" alt=\"\" class=\"wp-image-262\" srcset=\"https:\/\/www.gucehaber.com\/wp-content\/uploads\/2020\/09\/kar-2-2.jpg 630w, https:\/\/www.gucehaber.com\/wp-content\/uploads\/2020\/09\/kar-2-2-300x169.jpg 300w\" sizes=\"auto, (max-width: 630px) 100vw, 630px\" \/><\/figure>\n\n\n\n<p>\u00dcreticiler, \u201c\u0130l\u00e7enin y\u00fcksek kesimlerindeki f\u0131nd\u0131k \u00fcreticilerimiz ger\u00e7ekle\u015fen don olay\u0131ndan dolay\u0131 endi\u015feli. Umar\u0131z k\u0131\u015f il\u00e7emizde fazla etkili olmaz. Meteorolojiden ald\u0131\u011f\u0131m\u0131z bilgilere g\u00f6re b\u00f6lgemizde hava s\u0131cakl\u0131klar\u0131n 21 Mart Cumartesi g\u00fcn\u00fcnden itibaren mevsim normallerinin \u00fczerinde ger\u00e7ekle\u015fece\u011fi y\u00f6n\u00fcnde. Bu durumu \u00fcreticilerimiz a\u00e7\u0131s\u0131ndan sevindirici buluyoruz\u201d dediler.<\/p>\n","protected":false},"excerpt":{"rendered":"<p>G\u00fcce il\u00e7esinde \u00e7i\u00e7ek a\u00e7an meyve a\u011fa\u00e7lar\u0131 kar alt\u0131nda kald\u0131. Havalar\u0131n s\u0131cak ve g\u00fcne\u015fli gitmesi nedeniyle erik, \u015feftali ve f\u0131nd\u0131k gibi a\u011fa\u00e7lar\u0131n \u00e7i\u00e7ek ve yaprak a\u00e7an meyve a\u011fa\u00e7lar\u0131 beyaz kar \u00f6rt\u00fcs\u00fc ile kaplanmas\u0131 kartpostall\u0131k g\u00f6r\u00fcnt\u00fclerin olu\u015fmas\u0131na neden oldu. Erken \u00e7i\u00e7ek a\u00e7an meyve a\u011fa\u00e7lar\u0131n\u0131n kar alt\u0131ndaki kartpostall\u0131k g\u00f6r\u00fcnt\u00fcs\u00fc sevindirirken \u00fcreticileri de \u00fczd\u00fc.G\u00fcce\u2019de F\u0131nd\u0131k \u00fcreticileri il\u00e7edeki kar ya\u011f\u0131\u015f\u0131n\u0131n [&hellip;]<\/p>\n","protected":false},"author":1,"featured_media":261,"comment_status":"open","ping_status":"open","sticky":false,"template":"","format":"standard","meta":{"footnotes":""},"categories":[7],"tags":[],"class_list":["post-260","post","type-post","status-publish","format-standard","has-post-thumbnail","hentry","category-guce"],"aioseo_notices":[],"_links":{"self":[{"href":"https:\/\/www.gucehaber.com\/index.php\/wp-json\/wp\/v2\/posts\/260","targetHints":{"allow":["GET"]}}],"collection":[{"href":"https:\/\/www.gucehaber.com\/index.php\/wp-json\/wp\/v2\/posts"}],"about":[{"href":"https:\/\/www.gucehaber.com\/index.php\/wp-json\/wp\/v2\/types\/post"}],"author":[{"embeddable":true,"href":"https:\/\/www.gucehaber.com\/index.php\/wp-json\/wp\/v2\/users\/1"}],"replies":[{"embeddable":true,"href":"https:\/\/www.gucehaber.com\/index.php\/wp-json\/wp\/v2\/comments?post=260"}],"version-history":[{"count":1,"href":"https:\/\/www.gucehaber.com\/index.php\/wp-json\/wp\/v2\/posts\/260\/revisions"}],"predecessor-version":[{"id":263,"href":"https:\/\/www.gucehaber.com\/index.php\/wp-json\/wp\/v2\/posts\/260\/revisions\/263"}],"wp:featuredmedia":[{"embeddable":true,"href":"https:\/\/www.gucehaber.com\/index.php\/wp-json\/wp\/v2\/media\/261"}],"wp:attachment":[{"href":"https:\/\/www.gucehaber.com\/index.php\/wp-json\/wp\/v2\/media?parent=260"}],"wp:term":[{"taxonomy":"category","embeddable":true,"href":"https:\/\/www.gucehaber.com\/index.php\/wp-json\/wp\/v2\/categories?post=260"},{"taxonomy":"post_tag","embeddable":true,"href":"https:\/\/www.gucehaber.com\/index.php\/wp-json\/wp\/v2\/tags?post=260"}],"curies":[{"name":"wp","href":"https:\/\/api.w.org\/{rel}","templated":true}]}}