{"id":225,"date":"2020-03-30T20:22:00","date_gmt":"2020-03-30T20:22:00","guid":{"rendered":"https:\/\/www.gucehaber.com\/?p=225"},"modified":"2020-09-08T20:24:11","modified_gmt":"2020-09-08T20:24:11","slug":"guce-iyi-parti-2-olagan-ilce-kongresi-yapildi","status":"publish","type":"post","link":"https:\/\/www.gucehaber.com\/index.php\/2020\/03\/30\/guce-iyi-parti-2-olagan-ilce-kongresi-yapildi\/","title":{"rendered":"G\u00fcce \u0130Y\u0130 Parti 2. Ola\u011fan \u0130l\u00e7e Kongresi Yap\u0131ld\u0131"},"content":{"rendered":"\n<figure class=\"wp-block-image size-large\"><img loading=\"lazy\" decoding=\"async\" width=\"720\" height=\"540\" src=\"https:\/\/www.gucehaber.com\/wp-content\/uploads\/2020\/09\/iyi-5.jpg\" alt=\"\" class=\"wp-image-226\" srcset=\"https:\/\/www.gucehaber.com\/wp-content\/uploads\/2020\/09\/iyi-5.jpg 720w, https:\/\/www.gucehaber.com\/wp-content\/uploads\/2020\/09\/iyi-5-300x225.jpg 300w\" sizes=\"auto, (max-width: 720px) 100vw, 720px\" \/><\/figure>\n\n\n\n<p>Tek listeyle gidilen se\u00e7imde Hayrettin Boduro\u011flu G\u00fcce \u0130yi Parti \u0130l\u00e7e Ba\u015fkan\u0131 se\u00e7ildi.<\/p>\n\n\n\n<figure class=\"wp-block-image size-large\"><img loading=\"lazy\" decoding=\"async\" width=\"834\" height=\"1024\" src=\"https:\/\/www.gucehaber.com\/wp-content\/uploads\/2020\/09\/IYI-834x1024-1.jpg\" alt=\"\" class=\"wp-image-227\" srcset=\"https:\/\/www.gucehaber.com\/wp-content\/uploads\/2020\/09\/IYI-834x1024-1.jpg 834w, https:\/\/www.gucehaber.com\/wp-content\/uploads\/2020\/09\/IYI-834x1024-1-244x300.jpg 244w, https:\/\/www.gucehaber.com\/wp-content\/uploads\/2020\/09\/IYI-834x1024-1-768x943.jpg 768w\" sizes=\"auto, (max-width: 834px) 100vw, 834px\" \/><\/figure>\n\n\n\n<p>Kongrede sayg\u0131 duru\u015fu ve \u0130stiklal Mar\u015f\u0131\u2019n\u0131n okunmas\u0131ndan sonra, g\u00fcndemin di\u011fer maddeleri g\u00f6r\u00fc\u015f\u00fcld\u00fc. \u0130Y\u0130 Parti \u0130l Ba\u015fkan\u0131 Ahmet Memi\u015f,27. D\u00f6nem \u0130Y\u0130 Parti Giresun Milletvekili aday\u0131 \u00dcnzile Y\u00fcksel ve s\u00f6z alan partililer konu\u015fma yapt\u0131, \u0130Y\u0130 Parti Genel Ba\u015fkan\u0131 Meral Ak\u015fener\u2019in mesaj\u0131 okundu ve se\u00e7ime ge\u00e7ildi.<\/p>\n\n\n\n<figure class=\"wp-block-image size-large\"><img loading=\"lazy\" decoding=\"async\" width=\"1000\" height=\"562\" src=\"https:\/\/www.gucehaber.com\/wp-content\/uploads\/2020\/09\/iyiparti-1.jpg\" alt=\"\" class=\"wp-image-228\" srcset=\"https:\/\/www.gucehaber.com\/wp-content\/uploads\/2020\/09\/iyiparti-1.jpg 1000w, https:\/\/www.gucehaber.com\/wp-content\/uploads\/2020\/09\/iyiparti-1-300x169.jpg 300w, https:\/\/www.gucehaber.com\/wp-content\/uploads\/2020\/09\/iyiparti-1-768x432.jpg 768w\" sizes=\"auto, (max-width: 1000px) 100vw, 1000px\" \/><\/figure>\n\n\n\n<p>Yap\u0131lan se\u00e7im sonras\u0131 20 delegeden 13 delegenin oyunu alan Hayrettin Boduro\u011flu, \u0130Y\u0130 Parti G\u00fcce \u0130l\u00e7e Ba\u015fkanl\u0131\u011f\u0131na se\u00e7ildi.<\/p>\n\n\n\n<figure class=\"wp-block-image size-large\"><img loading=\"lazy\" decoding=\"async\" width=\"1000\" height=\"750\" src=\"https:\/\/www.gucehaber.com\/wp-content\/uploads\/2020\/09\/iyiparti-3.jpg\" alt=\"\" class=\"wp-image-229\" srcset=\"https:\/\/www.gucehaber.com\/wp-content\/uploads\/2020\/09\/iyiparti-3.jpg 1000w, https:\/\/www.gucehaber.com\/wp-content\/uploads\/2020\/09\/iyiparti-3-300x225.jpg 300w, https:\/\/www.gucehaber.com\/wp-content\/uploads\/2020\/09\/iyiparti-3-768x576.jpg 768w\" sizes=\"auto, (max-width: 1000px) 100vw, 1000px\" \/><\/figure>\n\n\n\n<p>Hayrettin Boduro\u011flu ba\u015fkanl\u0131\u011f\u0131nda olu\u015fan y\u00f6netim kurulu \u015fu isimlerden olu\u015ftu; Murat Bal, Ha\u015fim Y\u0131lmaz, Fehmi \u00dcnal, Hamza G\u00fcndo\u011fdu, Nurettin Demir, Kemal Demir, Hasbi Top\u00e7u, Mustafa Karaday\u0131, G\u00fclhan\u0131m Karabatak ve S\u00fcleyman Dudu\u2019dan olu\u015ftu.<\/p>\n\n\n\n<figure class=\"wp-block-image size-large\"><img loading=\"lazy\" decoding=\"async\" width=\"1024\" height=\"576\" src=\"https:\/\/www.gucehaber.com\/wp-content\/uploads\/2020\/09\/iyiparti-1024x576-1.jpg\" alt=\"\" class=\"wp-image-230\" srcset=\"https:\/\/www.gucehaber.com\/wp-content\/uploads\/2020\/09\/iyiparti-1024x576-1.jpg 1024w, https:\/\/www.gucehaber.com\/wp-content\/uploads\/2020\/09\/iyiparti-1024x576-1-300x169.jpg 300w, https:\/\/www.gucehaber.com\/wp-content\/uploads\/2020\/09\/iyiparti-1024x576-1-768x432.jpg 768w\" sizes=\"auto, (max-width: 1024px) 100vw, 1024px\" \/><\/figure>\n\n\n\n<p>G\u00fcce \u0130Y\u0130 Parti 2.Ola\u011fan \u0130l\u00e7e kongresine, \u0130Y\u0130 Parti Giresun \u0130l Ba\u015fkan\u0131 Ahmet Memi\u015f, 27. D\u00f6nem \u0130Y\u0130 Parti Giresun Milletvekili aday\u0131 \u00dcnzile Y\u00fcksel, Te\u015fkilat Ba\u015fkan\u0131 Kamil Tokul, \u0130yi Parti \u0130l Y\u00f6netim Kurulu \u00fcyesi \u0130hsan Albayrak, \u0130Y\u0130 Parti Merkez \u0130l\u00e7e Ba\u015fkan\u0131 Abdulkadir Ero\u011flu, \u0130Y\u0130 Parti Ke\u015fap \u0130l\u00e7e Ba\u015fkan\u0131 \u0130hsan Ero\u011flu,\u0130Y\u0130 Parti \u0130l\u00e7e Ba\u015fkan\u0131 Adnan \u015eahan ve partililer kat\u0131ld\u0131.<\/p>\n","protected":false},"excerpt":{"rendered":"<p>Tek listeyle gidilen se\u00e7imde Hayrettin Boduro\u011flu G\u00fcce \u0130yi Parti \u0130l\u00e7e Ba\u015fkan\u0131 se\u00e7ildi. Kongrede sayg\u0131 duru\u015fu ve \u0130stiklal Mar\u015f\u0131\u2019n\u0131n okunmas\u0131ndan sonra, g\u00fcndemin di\u011fer maddeleri g\u00f6r\u00fc\u015f\u00fcld\u00fc. \u0130Y\u0130 Parti \u0130l Ba\u015fkan\u0131 Ahmet Memi\u015f,27. D\u00f6nem \u0130Y\u0130 Parti Giresun Milletvekili aday\u0131 \u00dcnzile Y\u00fcksel ve s\u00f6z alan partililer konu\u015fma yapt\u0131, \u0130Y\u0130 Parti Genel Ba\u015fkan\u0131 Meral Ak\u015fener\u2019in mesaj\u0131 okundu ve se\u00e7ime ge\u00e7ildi. [&hellip;]<\/p>\n","protected":false},"author":1,"featured_media":230,"comment_status":"open","ping_status":"open","sticky":false,"template":"","format":"standard","meta":{"footnotes":""},"categories":[7],"tags":[],"class_list":["post-225","post","type-post","status-publish","format-standard","has-post-thumbnail","hentry","category-guce"],"aioseo_notices":[],"_links":{"self":[{"href":"https:\/\/www.gucehaber.com\/index.php\/wp-json\/wp\/v2\/posts\/225","targetHints":{"allow":["GET"]}}],"collection":[{"href":"https:\/\/www.gucehaber.com\/index.php\/wp-json\/wp\/v2\/posts"}],"about":[{"href":"https:\/\/www.gucehaber.com\/index.php\/wp-json\/wp\/v2\/types\/post"}],"author":[{"embeddable":true,"href":"https:\/\/www.gucehaber.com\/index.php\/wp-json\/wp\/v2\/users\/1"}],"replies":[{"embeddable":true,"href":"https:\/\/www.gucehaber.com\/index.php\/wp-json\/wp\/v2\/comments?post=225"}],"version-history":[{"count":1,"href":"https:\/\/www.gucehaber.com\/index.php\/wp-json\/wp\/v2\/posts\/225\/revisions"}],"predecessor-version":[{"id":231,"href":"https:\/\/www.gucehaber.com\/index.php\/wp-json\/wp\/v2\/posts\/225\/revisions\/231"}],"wp:featuredmedia":[{"embeddable":true,"href":"https:\/\/www.gucehaber.com\/index.php\/wp-json\/wp\/v2\/media\/230"}],"wp:attachment":[{"href":"https:\/\/www.gucehaber.com\/index.php\/wp-json\/wp\/v2\/media?parent=225"}],"wp:term":[{"taxonomy":"category","embeddable":true,"href":"https:\/\/www.gucehaber.com\/index.php\/wp-json\/wp\/v2\/categories?post=225"},{"taxonomy":"post_tag","embeddable":true,"href":"https:\/\/www.gucehaber.com\/index.php\/wp-json\/wp\/v2\/tags?post=225"}],"curies":[{"name":"wp","href":"https:\/\/api.w.org\/{rel}","templated":true}]}}