{"id":1833,"date":"2026-04-29T17:35:53","date_gmt":"2026-04-29T17:35:53","guid":{"rendered":"https:\/\/www.gucehaber.com\/?p=1833"},"modified":"2026-04-29T17:35:54","modified_gmt":"2026-04-29T17:35:54","slug":"kaymakamdan-saglik-calisanlarina-basari-belgesi","status":"publish","type":"post","link":"https:\/\/www.gucehaber.com\/index.php\/2026\/04\/29\/kaymakamdan-saglik-calisanlarina-basari-belgesi\/","title":{"rendered":"Kaymakamdan Sa\u011fl\u0131k \u00c7al\u0131\u015fanlar\u0131na Ba\u015far\u0131 Belgesi"},"content":{"rendered":"\n<p>Giresun\u2019un G\u00fcce il\u00e7esinde g\u00f6rev yapan sa\u011fl\u0131k \u00e7al\u0131\u015fanlar\u0131, \u00f6zverili \u00e7al\u0131\u015fmalar\u0131 dolay\u0131s\u0131yla ba\u015far\u0131 belgesiyle \u00f6d\u00fcllendirildi.<\/p>\n\n\n\n<figure class=\"wp-block-gallery has-nested-images columns-default is-cropped wp-block-gallery-1 is-layout-flex wp-block-gallery-is-layout-flex\">\n<figure class=\"wp-block-image size-large\"><img loading=\"lazy\" decoding=\"async\" width=\"1024\" height=\"893\" data-id=\"1834\" src=\"https:\/\/www.gucehaber.com\/wp-content\/uploads\/2026\/04\/SAGLIK-1-1024x893.jpg\" alt=\"\" class=\"wp-image-1834\" srcset=\"https:\/\/www.gucehaber.com\/wp-content\/uploads\/2026\/04\/SAGLIK-1-1024x893.jpg 1024w, https:\/\/www.gucehaber.com\/wp-content\/uploads\/2026\/04\/SAGLIK-1-300x262.jpg 300w, https:\/\/www.gucehaber.com\/wp-content\/uploads\/2026\/04\/SAGLIK-1-768x670.jpg 768w, https:\/\/www.gucehaber.com\/wp-content\/uploads\/2026\/04\/SAGLIK-1.jpg 1440w\" sizes=\"auto, (max-width: 1024px) 100vw, 1024px\" \/><\/figure>\n<\/figure>\n\n\n\n<p>G\u00fcce Kaymakam\u0131 taraf\u0131ndan d\u00fczenlenen t\u00f6rende, il\u00e7ede sa\u011fl\u0131k hizmetlerinin etkin ve kesintisiz y\u00fcr\u00fct\u00fclmesine katk\u0131 sunan Toplum Sa\u011fl\u0131\u011f\u0131 Merkezi doktorlara ve hem\u015ferilere ba\u015far\u0131 belgeleri takdim edildi.<\/p>\n\n\n\n<figure class=\"wp-block-gallery has-nested-images columns-default is-cropped wp-block-gallery-2 is-layout-flex wp-block-gallery-is-layout-flex\">\n<figure class=\"wp-block-image size-large\"><img loading=\"lazy\" decoding=\"async\" width=\"847\" height=\"1024\" data-id=\"1835\" src=\"https:\/\/www.gucehaber.com\/wp-content\/uploads\/2026\/04\/SAGLIK2-847x1024.jpg\" alt=\"\" class=\"wp-image-1835\" srcset=\"https:\/\/www.gucehaber.com\/wp-content\/uploads\/2026\/04\/SAGLIK2-847x1024.jpg 847w, https:\/\/www.gucehaber.com\/wp-content\/uploads\/2026\/04\/SAGLIK2-248x300.jpg 248w, https:\/\/www.gucehaber.com\/wp-content\/uploads\/2026\/04\/SAGLIK2-768x928.jpg 768w, https:\/\/www.gucehaber.com\/wp-content\/uploads\/2026\/04\/SAGLIK2-1271x1536.jpg 1271w, https:\/\/www.gucehaber.com\/wp-content\/uploads\/2026\/04\/SAGLIK2.jpg 1440w\" sizes=\"auto, (max-width: 847px) 100vw, 847px\" \/><\/figure>\n<\/figure>\n\n\n\n<p>T\u00f6rende konu\u015fan \u0130l\u00e7e Kaymakam\u0131 Ali Can Uluda\u011f, sa\u011fl\u0131k \u00e7al\u0131\u015fanlar\u0131n\u0131n fedak\u00e2rca g\u00f6rev yapt\u0131\u011f\u0131n\u0131 belirterek, \u201cVatanda\u015flar\u0131m\u0131z\u0131n sa\u011fl\u0131\u011f\u0131 i\u00e7in k\u00f6y k\u00f6y,sokak sokak dola\u015farak fark\u0131ndal\u0131k olu\u015fturan,sa\u011fl\u0131k e\u011fitimleri veren,halk\u0131m\u0131z\u0131n hayat kalitesini y\u00fckselten bu kahraman sa\u011fl\u0131k \u00e7al\u0131\u015fanlar\u0131m\u0131zla gurur duyuyoruz. Gece g\u00fcnd\u00fcz demeden \u00e7al\u0131\u015fan t\u00fcm sa\u011fl\u0131k personelimize te\u015fekk\u00fcr ediyorum. G\u00f6sterdikleri gayret ve \u00f6zveri takdire \u015fayand\u0131r.\u201d dedi.<\/p>\n\n\n\n<figure class=\"wp-block-gallery has-nested-images columns-default is-cropped wp-block-gallery-3 is-layout-flex wp-block-gallery-is-layout-flex\">\n<figure class=\"wp-block-image size-large\"><img loading=\"lazy\" decoding=\"async\" width=\"871\" height=\"1024\" data-id=\"1836\" src=\"https:\/\/www.gucehaber.com\/wp-content\/uploads\/2026\/04\/SAGLIK3-871x1024.jpg\" alt=\"\" class=\"wp-image-1836\" srcset=\"https:\/\/www.gucehaber.com\/wp-content\/uploads\/2026\/04\/SAGLIK3-871x1024.jpg 871w, https:\/\/www.gucehaber.com\/wp-content\/uploads\/2026\/04\/SAGLIK3-255x300.jpg 255w, https:\/\/www.gucehaber.com\/wp-content\/uploads\/2026\/04\/SAGLIK3-768x903.jpg 768w, https:\/\/www.gucehaber.com\/wp-content\/uploads\/2026\/04\/SAGLIK3-1306x1536.jpg 1306w, https:\/\/www.gucehaber.com\/wp-content\/uploads\/2026\/04\/SAGLIK3.jpg 1440w\" sizes=\"auto, (max-width: 871px) 100vw, 871px\" \/><\/figure>\n<\/figure>\n\n\n\n<p>Programda, sa\u011fl\u0131k hizmetlerinin kalitesinin art\u0131r\u0131lmas\u0131 ad\u0131na yap\u0131lan \u00e7al\u0131\u015fmalar\u0131n \u00f6nemine dikkat \u00e7ekilirken, \u00e7al\u0131\u015fanlar\u0131n motivasyonunu art\u0131rmaya y\u00f6nelik bu t\u00fcr \u00f6d\u00fcllendirmelerin devam edece\u011fi ifade edildi.<\/p>\n\n\n\n<figure class=\"wp-block-gallery has-nested-images columns-default is-cropped wp-block-gallery-4 is-layout-flex wp-block-gallery-is-layout-flex\">\n<figure class=\"wp-block-image size-large\"><img loading=\"lazy\" decoding=\"async\" width=\"948\" height=\"1024\" data-id=\"1837\" src=\"https:\/\/www.gucehaber.com\/wp-content\/uploads\/2026\/04\/SAGLIK4-948x1024.jpg\" alt=\"\" class=\"wp-image-1837\" srcset=\"https:\/\/www.gucehaber.com\/wp-content\/uploads\/2026\/04\/SAGLIK4-948x1024.jpg 948w, https:\/\/www.gucehaber.com\/wp-content\/uploads\/2026\/04\/SAGLIK4-278x300.jpg 278w, https:\/\/www.gucehaber.com\/wp-content\/uploads\/2026\/04\/SAGLIK4-768x829.jpg 768w, https:\/\/www.gucehaber.com\/wp-content\/uploads\/2026\/04\/SAGLIK4-1422x1536.jpg 1422w, https:\/\/www.gucehaber.com\/wp-content\/uploads\/2026\/04\/SAGLIK4.jpg 1440w\" sizes=\"auto, (max-width: 948px) 100vw, 948px\" \/><\/figure>\n<\/figure>\n\n\n\n<p>&nbsp;&nbsp;&nbsp; Sa\u011fl\u0131k \u00e7al\u0131\u015fanlar\u0131 ise kendilerine verilen ba\u015far\u0131 belgelerinden dolay\u0131 memnuniyet duyduklar\u0131n\u0131 dile getirerek, g\u00f6revlerini ayn\u0131 azim ve kararl\u0131l\u0131kla s\u00fcrd\u00fcreceklerini kaydetti.<\/p>\n","protected":false},"excerpt":{"rendered":"<p>Giresun\u2019un G\u00fcce il\u00e7esinde g\u00f6rev yapan sa\u011fl\u0131k \u00e7al\u0131\u015fanlar\u0131, \u00f6zverili \u00e7al\u0131\u015fmalar\u0131 dolay\u0131s\u0131yla ba\u015far\u0131 belgesiyle \u00f6d\u00fcllendirildi. G\u00fcce Kaymakam\u0131 taraf\u0131ndan d\u00fczenlenen t\u00f6rende, il\u00e7ede sa\u011fl\u0131k hizmetlerinin etkin ve kesintisiz y\u00fcr\u00fct\u00fclmesine katk\u0131 sunan Toplum Sa\u011fl\u0131\u011f\u0131 Merkezi doktorlara ve hem\u015ferilere ba\u015far\u0131 belgeleri takdim edildi. T\u00f6rende konu\u015fan \u0130l\u00e7e Kaymakam\u0131 Ali Can Uluda\u011f, sa\u011fl\u0131k \u00e7al\u0131\u015fanlar\u0131n\u0131n fedak\u00e2rca g\u00f6rev yapt\u0131\u011f\u0131n\u0131 belirterek, \u201cVatanda\u015flar\u0131m\u0131z\u0131n sa\u011fl\u0131\u011f\u0131 i\u00e7in k\u00f6y k\u00f6y,sokak [&hellip;]<\/p>\n","protected":false},"author":1,"featured_media":1834,"comment_status":"open","ping_status":"open","sticky":false,"template":"","format":"standard","meta":{"footnotes":""},"categories":[7],"tags":[],"class_list":["post-1833","post","type-post","status-publish","format-standard","has-post-thumbnail","hentry","category-guce"],"aioseo_notices":[],"_links":{"self":[{"href":"https:\/\/www.gucehaber.com\/index.php\/wp-json\/wp\/v2\/posts\/1833","targetHints":{"allow":["GET"]}}],"collection":[{"href":"https:\/\/www.gucehaber.com\/index.php\/wp-json\/wp\/v2\/posts"}],"about":[{"href":"https:\/\/www.gucehaber.com\/index.php\/wp-json\/wp\/v2\/types\/post"}],"author":[{"embeddable":true,"href":"https:\/\/www.gucehaber.com\/index.php\/wp-json\/wp\/v2\/users\/1"}],"replies":[{"embeddable":true,"href":"https:\/\/www.gucehaber.com\/index.php\/wp-json\/wp\/v2\/comments?post=1833"}],"version-history":[{"count":1,"href":"https:\/\/www.gucehaber.com\/index.php\/wp-json\/wp\/v2\/posts\/1833\/revisions"}],"predecessor-version":[{"id":1838,"href":"https:\/\/www.gucehaber.com\/index.php\/wp-json\/wp\/v2\/posts\/1833\/revisions\/1838"}],"wp:featuredmedia":[{"embeddable":true,"href":"https:\/\/www.gucehaber.com\/index.php\/wp-json\/wp\/v2\/media\/1834"}],"wp:attachment":[{"href":"https:\/\/www.gucehaber.com\/index.php\/wp-json\/wp\/v2\/media?parent=1833"}],"wp:term":[{"taxonomy":"category","embeddable":true,"href":"https:\/\/www.gucehaber.com\/index.php\/wp-json\/wp\/v2\/categories?post=1833"},{"taxonomy":"post_tag","embeddable":true,"href":"https:\/\/www.gucehaber.com\/index.php\/wp-json\/wp\/v2\/tags?post=1833"}],"curies":[{"name":"wp","href":"https:\/\/api.w.org\/{rel}","templated":true}]}}