{"id":1828,"date":"2026-04-29T17:30:22","date_gmt":"2026-04-29T17:30:22","guid":{"rendered":"https:\/\/www.gucehaber.com\/?p=1828"},"modified":"2026-04-29T17:30:24","modified_gmt":"2026-04-29T17:30:24","slug":"guceli-ogrenciler-bilim-fuari-duzenlendi","status":"publish","type":"post","link":"https:\/\/www.gucehaber.com\/index.php\/2026\/04\/29\/guceli-ogrenciler-bilim-fuari-duzenlendi\/","title":{"rendered":"\u00a0\u00a0\u00a0\u00a0\u00a0\u00a0\u00a0\u00a0\u00a0 G\u00fcceli \u00d6\u011frenciler Bilim Fuar\u0131 D\u00fczenlendi"},"content":{"rendered":"\n<p>G\u00fcce \u0130l\u00e7e imam Hatip Ortaokulu \u00f6\u011frencileri taraf\u0131ndan taraf\u0131ndan d\u00fczenlenen bilim fuar\u0131, \u00f6\u011frencilerin haz\u0131rlad\u0131\u011f\u0131 projelerle yo\u011fun ilgi g\u00f6rd\u00fc.<\/p>\n\n\n\n<figure class=\"wp-block-gallery has-nested-images columns-default is-cropped wp-block-gallery-1 is-layout-flex wp-block-gallery-is-layout-flex\">\n<figure class=\"wp-block-image size-large\"><img loading=\"lazy\" decoding=\"async\" width=\"1024\" height=\"683\" data-id=\"1829\" src=\"https:\/\/www.gucehaber.com\/wp-content\/uploads\/2026\/04\/IMG_0890-1024x683.jpg\" alt=\"\" class=\"wp-image-1829\" srcset=\"https:\/\/www.gucehaber.com\/wp-content\/uploads\/2026\/04\/IMG_0890-1024x683.jpg 1024w, https:\/\/www.gucehaber.com\/wp-content\/uploads\/2026\/04\/IMG_0890-300x200.jpg 300w, https:\/\/www.gucehaber.com\/wp-content\/uploads\/2026\/04\/IMG_0890-768x512.jpg 768w, https:\/\/www.gucehaber.com\/wp-content\/uploads\/2026\/04\/IMG_0890.jpg 1152w\" sizes=\"auto, (max-width: 1024px) 100vw, 1024px\" \/><\/figure>\n<\/figure>\n\n\n\n<p>&nbsp;&nbsp; G\u00fcce Belediyesi al Tesislerinde ger\u00e7ekle\u015ftirilen fuarda \u00f6\u011frenciler, y\u0131l boyunca \u00fczerinde \u00e7al\u0131\u015ft\u0131klar\u0131 projeleri sergileyerek ziyaret\u00e7ilere bilgi verdi.<\/p>\n\n\n\n<figure class=\"wp-block-gallery has-nested-images columns-default is-cropped wp-block-gallery-2 is-layout-flex wp-block-gallery-is-layout-flex\">\n<figure class=\"wp-block-image size-large\"><img loading=\"lazy\" decoding=\"async\" width=\"1024\" height=\"683\" data-id=\"1830\" src=\"https:\/\/www.gucehaber.com\/wp-content\/uploads\/2026\/04\/IMG_0896-1024x683.jpg\" alt=\"\" class=\"wp-image-1830\" srcset=\"https:\/\/www.gucehaber.com\/wp-content\/uploads\/2026\/04\/IMG_0896-1024x683.jpg 1024w, https:\/\/www.gucehaber.com\/wp-content\/uploads\/2026\/04\/IMG_0896-300x200.jpg 300w, https:\/\/www.gucehaber.com\/wp-content\/uploads\/2026\/04\/IMG_0896-768x512.jpg 768w, https:\/\/www.gucehaber.com\/wp-content\/uploads\/2026\/04\/IMG_0896.jpg 1152w\" sizes=\"auto, (max-width: 1024px) 100vw, 1024px\" \/><\/figure>\n<\/figure>\n\n\n\n<p>&nbsp;&nbsp; G\u00fcce \u0130l\u00e7e Kaymakam\u0131 Ali Can Uluda\u011f , bilimin ve e\u011fitimin \u00f6nemine dikkat \u00e7ekerek, bu t\u00fcr etkinliklerin \u00f6\u011frencilerin \u00f6zg\u00fcvenini art\u0131rd\u0131\u011f\u0131n\u0131 ve \u00fcretken bireyler yeti\u015fmesine katk\u0131 sa\u011flad\u0131\u011f\u0131n\u0131 s\u00f6yledi.<\/p>\n\n\n\n<p>&nbsp; \u00d6\u011frencilerin ortaya koydu\u011fu projelerin gelecek ad\u0131na umut verici oldu\u011funu belirten Kaymakam, eme\u011fi ge\u00e7en \u00f6\u011fretmen ve \u00f6\u011frencilere te\u015fekk\u00fcr etti.<\/p>\n\n\n\n<figure class=\"wp-block-gallery has-nested-images columns-default is-cropped wp-block-gallery-3 is-layout-flex wp-block-gallery-is-layout-flex\">\n<figure class=\"wp-block-image size-large\"><img loading=\"lazy\" decoding=\"async\" width=\"1024\" height=\"683\" data-id=\"1831\" src=\"https:\/\/www.gucehaber.com\/wp-content\/uploads\/2026\/04\/IMG_0901-1024x683.jpg\" alt=\"\" class=\"wp-image-1831\" srcset=\"https:\/\/www.gucehaber.com\/wp-content\/uploads\/2026\/04\/IMG_0901-1024x683.jpg 1024w, https:\/\/www.gucehaber.com\/wp-content\/uploads\/2026\/04\/IMG_0901-300x200.jpg 300w, https:\/\/www.gucehaber.com\/wp-content\/uploads\/2026\/04\/IMG_0901-768x512.jpg 768w, https:\/\/www.gucehaber.com\/wp-content\/uploads\/2026\/04\/IMG_0901.jpg 1152w\" sizes=\"auto, (max-width: 1024px) 100vw, 1024px\" \/><\/figure>\n<\/figure>\n\n\n\n<p>&nbsp;Projelerini tan\u0131tman\u0131n heyecan\u0131n\u0131 ya\u015fayan \u00f6\u011frenciler ise uzun s\u00fcredir emek verdikleri \u00e7al\u0131\u015fmalar\u0131n\u0131 sergilemekten mutluluk duyduklar\u0131n\u0131 dile getirdi.<\/p>\n\n\n\n<p>Ziyaret\u00e7iler taraf\u0131ndan yo\u011fun ilgi g\u00f6ren fuar, g\u00fcn boyu a\u00e7\u0131k kald\u0131.<\/p>\n\n\n\n<p>&nbsp;&nbsp; Fuar\u0131n a\u00e7\u0131l\u0131\u015f\u0131na G\u00fcce \u0130l\u00e7e Kaymakam\u0131 Ali Can Uluda\u011f, Belediye Ba\u015fkan V. Adnan Kara,Giresun \u0130l Mille E\u011fitim M\u00fcd\u00fcr\u00fc \u00d6zg\u00fcr Tokg\u00f6z, daire amirleri, e\u011fitim camias\u0131 temsilcileri, \u00f6\u011fretmenler, \u00f6\u011frenciler ve veliler kat\u0131ld\u0131.<\/p>\n\n\n\n<p>\u00a0 A\u00e7\u0131l\u0131\u015f\u0131n ard\u0131ndan davetliler stantlar\u0131 gezerek projeleri inceleyip \u00f6\u011frencilerden detayl\u0131 bilgi ald\u0131.           <\/p>\n","protected":false},"excerpt":{"rendered":"<p>G\u00fcce \u0130l\u00e7e imam Hatip Ortaokulu \u00f6\u011frencileri taraf\u0131ndan taraf\u0131ndan d\u00fczenlenen bilim fuar\u0131, \u00f6\u011frencilerin haz\u0131rlad\u0131\u011f\u0131 projelerle yo\u011fun ilgi g\u00f6rd\u00fc. &nbsp;&nbsp; G\u00fcce Belediyesi al Tesislerinde ger\u00e7ekle\u015ftirilen fuarda \u00f6\u011frenciler, y\u0131l boyunca \u00fczerinde \u00e7al\u0131\u015ft\u0131klar\u0131 projeleri sergileyerek ziyaret\u00e7ilere bilgi verdi. &nbsp;&nbsp; G\u00fcce \u0130l\u00e7e Kaymakam\u0131 Ali Can Uluda\u011f , bilimin ve e\u011fitimin \u00f6nemine dikkat \u00e7ekerek, bu t\u00fcr etkinliklerin \u00f6\u011frencilerin \u00f6zg\u00fcvenini art\u0131rd\u0131\u011f\u0131n\u0131 ve [&hellip;]<\/p>\n","protected":false},"author":1,"featured_media":1829,"comment_status":"open","ping_status":"open","sticky":false,"template":"","format":"standard","meta":{"footnotes":""},"categories":[7],"tags":[],"class_list":["post-1828","post","type-post","status-publish","format-standard","has-post-thumbnail","hentry","category-guce"],"aioseo_notices":[],"_links":{"self":[{"href":"https:\/\/www.gucehaber.com\/index.php\/wp-json\/wp\/v2\/posts\/1828","targetHints":{"allow":["GET"]}}],"collection":[{"href":"https:\/\/www.gucehaber.com\/index.php\/wp-json\/wp\/v2\/posts"}],"about":[{"href":"https:\/\/www.gucehaber.com\/index.php\/wp-json\/wp\/v2\/types\/post"}],"author":[{"embeddable":true,"href":"https:\/\/www.gucehaber.com\/index.php\/wp-json\/wp\/v2\/users\/1"}],"replies":[{"embeddable":true,"href":"https:\/\/www.gucehaber.com\/index.php\/wp-json\/wp\/v2\/comments?post=1828"}],"version-history":[{"count":1,"href":"https:\/\/www.gucehaber.com\/index.php\/wp-json\/wp\/v2\/posts\/1828\/revisions"}],"predecessor-version":[{"id":1832,"href":"https:\/\/www.gucehaber.com\/index.php\/wp-json\/wp\/v2\/posts\/1828\/revisions\/1832"}],"wp:featuredmedia":[{"embeddable":true,"href":"https:\/\/www.gucehaber.com\/index.php\/wp-json\/wp\/v2\/media\/1829"}],"wp:attachment":[{"href":"https:\/\/www.gucehaber.com\/index.php\/wp-json\/wp\/v2\/media?parent=1828"}],"wp:term":[{"taxonomy":"category","embeddable":true,"href":"https:\/\/www.gucehaber.com\/index.php\/wp-json\/wp\/v2\/categories?post=1828"},{"taxonomy":"post_tag","embeddable":true,"href":"https:\/\/www.gucehaber.com\/index.php\/wp-json\/wp\/v2\/tags?post=1828"}],"curies":[{"name":"wp","href":"https:\/\/api.w.org\/{rel}","templated":true}]}}