{"id":1805,"date":"2026-03-12T19:16:06","date_gmt":"2026-03-12T19:16:06","guid":{"rendered":"https:\/\/www.gucehaber.com\/?p=1805"},"modified":"2026-03-12T19:21:25","modified_gmt":"2026-03-12T19:21:25","slug":"vali-mustafa-koctan-guce-ilcesine-ziyaret","status":"publish","type":"post","link":"https:\/\/www.gucehaber.com\/index.php\/2026\/03\/12\/vali-mustafa-koctan-guce-ilcesine-ziyaret\/","title":{"rendered":"Vali Mustafa Ko\u00e7&#8217;tan G\u00fcce \u0130l\u00e7esine Ziyaret"},"content":{"rendered":"\n<p>Giresun Valisi&nbsp;Mustafa Ko\u00e7, bir dizi inceleme ve temaslarda bulunmak \u00fczere G\u00fcce il\u00e7esini ziyaret etti.<\/p>\n\n\n\n<figure class=\"wp-block-image size-full\"><img loading=\"lazy\" decoding=\"async\" width=\"1152\" height=\"768\" src=\"https:\/\/www.gucehaber.com\/wp-content\/uploads\/2026\/03\/1.jpg\" alt=\"\" class=\"wp-image-1807\" srcset=\"https:\/\/www.gucehaber.com\/wp-content\/uploads\/2026\/03\/1.jpg 1152w, https:\/\/www.gucehaber.com\/wp-content\/uploads\/2026\/03\/1-300x200.jpg 300w, https:\/\/www.gucehaber.com\/wp-content\/uploads\/2026\/03\/1-1024x683.jpg 1024w, https:\/\/www.gucehaber.com\/wp-content\/uploads\/2026\/03\/1-768x512.jpg 768w\" sizes=\"auto, (max-width: 1152px) 100vw, 1152px\" \/><\/figure>\n\n\n\n<p>Vali Mustafa Ko\u00e7, G\u00fcce program\u0131na Kaymakaml\u0131\u011f\u0131 ziyaret ederek ba\u015flad\u0131. Kaymakam Ali Can Uluda\u011f, il\u00e7enin sosyo-ekonomik yap\u0131s\u0131, e\u011fitim, sa\u011fl\u0131k ve devam eden kamu yat\u0131r\u0131mlar\u0131 hakk\u0131nda brifing alan Vali Ko\u00e7, ard\u0131ndan G\u00fcce Belediye Ba\u015fkanl\u0131\u011f\u0131na ge\u00e7erek Belediye Ba\u015fkan\u0131 Aytekin Boduro\u011flu ve meclis \u00fcyeleriyle bir araya geldi.&nbsp;<\/p>\n\n\n\n<figure class=\"wp-block-image size-full\"><img loading=\"lazy\" decoding=\"async\" width=\"825\" height=\"768\" src=\"https:\/\/www.gucehaber.com\/wp-content\/uploads\/2026\/03\/11.jpg\" alt=\"\" class=\"wp-image-1811\" srcset=\"https:\/\/www.gucehaber.com\/wp-content\/uploads\/2026\/03\/11.jpg 825w, https:\/\/www.gucehaber.com\/wp-content\/uploads\/2026\/03\/11-300x279.jpg 300w, https:\/\/www.gucehaber.com\/wp-content\/uploads\/2026\/03\/11-768x715.jpg 768w\" sizes=\"auto, (max-width: 825px) 100vw, 825px\" \/><\/figure>\n\n\n\n<p>Belediye ziyaretinde il\u00e7enin altyap\u0131, ula\u015f\u0131m ve sosyal belediyecilik projeleri \u00fczerine de\u011ferlendirmeler yap\u0131ld\u0131.&nbsp;<\/p>\n\n\n\n<figure class=\"wp-block-image size-full\"><img loading=\"lazy\" decoding=\"async\" width=\"1152\" height=\"768\" src=\"https:\/\/www.gucehaber.com\/wp-content\/uploads\/2026\/03\/2.jpg\" alt=\"\" class=\"wp-image-1808\" srcset=\"https:\/\/www.gucehaber.com\/wp-content\/uploads\/2026\/03\/2.jpg 1152w, https:\/\/www.gucehaber.com\/wp-content\/uploads\/2026\/03\/2-300x200.jpg 300w, https:\/\/www.gucehaber.com\/wp-content\/uploads\/2026\/03\/2-1024x683.jpg 1024w, https:\/\/www.gucehaber.com\/wp-content\/uploads\/2026\/03\/2-768x512.jpg 768w\" sizes=\"auto, (max-width: 1152px) 100vw, 1152px\" \/><\/figure>\n\n\n\n<p>Daha sonra esnaf\u0131 ziyaret eden Vali Ko\u00e7, vatanda\u015flarla sohbet ederek sorunlar\u0131n\u0131 dinledi.<\/p>\n\n\n\n<figure class=\"wp-block-image size-full\"><img loading=\"lazy\" decoding=\"async\" width=\"1152\" height=\"768\" src=\"https:\/\/www.gucehaber.com\/wp-content\/uploads\/2026\/03\/3.jpg\" alt=\"\" class=\"wp-image-1809\" srcset=\"https:\/\/www.gucehaber.com\/wp-content\/uploads\/2026\/03\/3.jpg 1152w, https:\/\/www.gucehaber.com\/wp-content\/uploads\/2026\/03\/3-300x200.jpg 300w, https:\/\/www.gucehaber.com\/wp-content\/uploads\/2026\/03\/3-1024x683.jpg 1024w, https:\/\/www.gucehaber.com\/wp-content\/uploads\/2026\/03\/3-768x512.jpg 768w\" sizes=\"auto, (max-width: 1152px) 100vw, 1152px\" \/><\/figure>\n\n\n\n<p>Vali Mustafa Ko\u00e7, G\u00fcce temaslar\u0131n\u0131 anlaml\u0131 bir ziyaretle sonland\u0131rd\u0131. Giyimli Mahallesinde ya\u015fayan 94 ya\u015f\u0131ndaki Ali Demirel ve ailesini evlerinde ziyaret ederek il\u00e7e ziyaretini tamamlad\u0131.<\/p>\n\n\n\n<figure class=\"wp-block-gallery has-nested-images columns-default is-cropped wp-block-gallery-1 is-layout-flex wp-block-gallery-is-layout-flex\">\n<figure class=\"wp-block-image size-full\"><img loading=\"lazy\" decoding=\"async\" width=\"1152\" height=\"768\" data-id=\"1810\" src=\"https:\/\/www.gucehaber.com\/wp-content\/uploads\/2026\/03\/5.jpg\" alt=\"\" class=\"wp-image-1810\" srcset=\"https:\/\/www.gucehaber.com\/wp-content\/uploads\/2026\/03\/5.jpg 1152w, https:\/\/www.gucehaber.com\/wp-content\/uploads\/2026\/03\/5-300x200.jpg 300w, https:\/\/www.gucehaber.com\/wp-content\/uploads\/2026\/03\/5-1024x683.jpg 1024w, https:\/\/www.gucehaber.com\/wp-content\/uploads\/2026\/03\/5-768x512.jpg 768w\" sizes=\"auto, (max-width: 1152px) 100vw, 1152px\" \/><\/figure>\n<\/figure>\n","protected":false},"excerpt":{"rendered":"<p>Giresun Valisi&nbsp;Mustafa Ko\u00e7, bir dizi inceleme ve temaslarda bulunmak \u00fczere G\u00fcce il\u00e7esini ziyaret etti. Vali Mustafa Ko\u00e7, G\u00fcce program\u0131na Kaymakaml\u0131\u011f\u0131 ziyaret ederek ba\u015flad\u0131. Kaymakam Ali Can Uluda\u011f, il\u00e7enin sosyo-ekonomik yap\u0131s\u0131, e\u011fitim, sa\u011fl\u0131k ve devam eden kamu yat\u0131r\u0131mlar\u0131 hakk\u0131nda brifing alan Vali Ko\u00e7, ard\u0131ndan G\u00fcce Belediye Ba\u015fkanl\u0131\u011f\u0131na ge\u00e7erek Belediye Ba\u015fkan\u0131 Aytekin Boduro\u011flu ve meclis \u00fcyeleriyle bir [&hellip;]<\/p>\n","protected":false},"author":1,"featured_media":0,"comment_status":"open","ping_status":"open","sticky":false,"template":"","format":"standard","meta":{"footnotes":""},"categories":[7],"tags":[],"class_list":["post-1805","post","type-post","status-publish","format-standard","hentry","category-guce"],"aioseo_notices":[],"_links":{"self":[{"href":"https:\/\/www.gucehaber.com\/index.php\/wp-json\/wp\/v2\/posts\/1805","targetHints":{"allow":["GET"]}}],"collection":[{"href":"https:\/\/www.gucehaber.com\/index.php\/wp-json\/wp\/v2\/posts"}],"about":[{"href":"https:\/\/www.gucehaber.com\/index.php\/wp-json\/wp\/v2\/types\/post"}],"author":[{"embeddable":true,"href":"https:\/\/www.gucehaber.com\/index.php\/wp-json\/wp\/v2\/users\/1"}],"replies":[{"embeddable":true,"href":"https:\/\/www.gucehaber.com\/index.php\/wp-json\/wp\/v2\/comments?post=1805"}],"version-history":[{"count":6,"href":"https:\/\/www.gucehaber.com\/index.php\/wp-json\/wp\/v2\/posts\/1805\/revisions"}],"predecessor-version":[{"id":1819,"href":"https:\/\/www.gucehaber.com\/index.php\/wp-json\/wp\/v2\/posts\/1805\/revisions\/1819"}],"wp:attachment":[{"href":"https:\/\/www.gucehaber.com\/index.php\/wp-json\/wp\/v2\/media?parent=1805"}],"wp:term":[{"taxonomy":"category","embeddable":true,"href":"https:\/\/www.gucehaber.com\/index.php\/wp-json\/wp\/v2\/categories?post=1805"},{"taxonomy":"post_tag","embeddable":true,"href":"https:\/\/www.gucehaber.com\/index.php\/wp-json\/wp\/v2\/tags?post=1805"}],"curies":[{"name":"wp","href":"https:\/\/api.w.org\/{rel}","templated":true}]}}