{"id":178,"date":"2020-01-17T20:05:00","date_gmt":"2020-01-17T20:05:00","guid":{"rendered":"https:\/\/www.gucehaber.com\/?p=178"},"modified":"2020-09-08T20:08:07","modified_gmt":"2020-09-08T20:08:07","slug":"gucede-bin-98-ogrenci-karne-heyecani-yasadi","status":"publish","type":"post","link":"https:\/\/www.gucehaber.com\/index.php\/2020\/01\/17\/gucede-bin-98-ogrenci-karne-heyecani-yasadi\/","title":{"rendered":"G\u00fcce\u2019de Bin 98 \u00d6\u011frenci Karne Heyecan\u0131 Ya\u015fad\u0131"},"content":{"rendered":"\n<p>G\u00fcce il\u00e7esinde 856 temel e\u011fitim 242 orta \u00f6\u011fretimde e\u011fitim g\u00f6ren 1098 \u00f6\u011frenci, e\u011fitim \u00f6\u011fretim d\u00f6neminin yar\u0131y\u0131l\u0131n\u0131n tamamlanmas\u0131 dolay\u0131s\u0131yla karne sevinci ya\u015fad\u0131.<\/p>\n\n\n\n<figure class=\"wp-block-image size-large\"><img loading=\"lazy\" decoding=\"async\" width=\"1024\" height=\"683\" src=\"https:\/\/www.gucehaber.com\/wp-content\/uploads\/2020\/09\/IMG_1321-1024x683-1.jpg\" alt=\"\" class=\"wp-image-179\" srcset=\"https:\/\/www.gucehaber.com\/wp-content\/uploads\/2020\/09\/IMG_1321-1024x683-1.jpg 1024w, https:\/\/www.gucehaber.com\/wp-content\/uploads\/2020\/09\/IMG_1321-1024x683-1-300x200.jpg 300w, https:\/\/www.gucehaber.com\/wp-content\/uploads\/2020\/09\/IMG_1321-1024x683-1-768x512.jpg 768w\" sizes=\"auto, (max-width: 1024px) 100vw, 1024px\" \/><\/figure>\n\n\n\n<p>G\u00fcce \u0130l\u00e7e Kaymakam\u0131 Ahmet Ra\u015fit Orhan, 2019\u20132020 e\u011fitim ve \u00f6\u011fretim d\u00f6neminin ilk yar\u0131s\u0131n\u0131n son g\u00fcn\u00fcnde G\u00fcce Z\u00fcbeyde Han\u0131m Yat\u0131l\u0131 B\u00f6lge Ortaokulunda d\u00fczenlenen karne da\u011f\u0131t\u0131m t\u00f6renine kat\u0131larak \u00f6\u011frencilerin karne heyecan\u0131na ortak oldu.<\/p>\n\n\n\n<figure class=\"wp-block-image size-large\"><img loading=\"lazy\" decoding=\"async\" width=\"1024\" height=\"683\" src=\"https:\/\/www.gucehaber.com\/wp-content\/uploads\/2020\/09\/IMG_1306-1024x683-1.jpg\" alt=\"\" class=\"wp-image-180\" srcset=\"https:\/\/www.gucehaber.com\/wp-content\/uploads\/2020\/09\/IMG_1306-1024x683-1.jpg 1024w, https:\/\/www.gucehaber.com\/wp-content\/uploads\/2020\/09\/IMG_1306-1024x683-1-300x200.jpg 300w, https:\/\/www.gucehaber.com\/wp-content\/uploads\/2020\/09\/IMG_1306-1024x683-1-768x512.jpg 768w\" sizes=\"auto, (max-width: 1024px) 100vw, 1024px\" \/><\/figure>\n\n\n\n<p>Da\u011f\u0131t\u0131m t\u00f6reninde s\u0131n\u0131flar\u0131 gezerek \u00f6\u011frencilere karnelerini veren \u0130l\u00e7e Kaymakam\u0131 Ahmet Ra\u015fit Orhan, yar\u0131y\u0131l tatilinin eksikliklerini tamamlamalar\u0131 konusunda \u00f6\u011frenciler i\u00e7in \u00e7ok \u00f6nemli bir f\u0131rsat oldu\u011funu, bu nedenle tatili \u00e7ok iyi de\u011ferlendirmeleri gerekti\u011fini s\u00f6yledi.<\/p>\n\n\n\n<figure class=\"wp-block-image size-large\"><img loading=\"lazy\" decoding=\"async\" width=\"1024\" height=\"683\" src=\"https:\/\/www.gucehaber.com\/wp-content\/uploads\/2020\/09\/IMG_1311-1024x683-1.jpg\" alt=\"\" class=\"wp-image-181\" srcset=\"https:\/\/www.gucehaber.com\/wp-content\/uploads\/2020\/09\/IMG_1311-1024x683-1.jpg 1024w, https:\/\/www.gucehaber.com\/wp-content\/uploads\/2020\/09\/IMG_1311-1024x683-1-300x200.jpg 300w, https:\/\/www.gucehaber.com\/wp-content\/uploads\/2020\/09\/IMG_1311-1024x683-1-768x512.jpg 768w\" sizes=\"auto, (max-width: 1024px) 100vw, 1024px\" \/><\/figure>\n\n\n\n<p>Okul M\u00fcd\u00fcr\u00fc Dursun Top\u00e7u, \u0130ki haftal\u0131k tatilin iyi de\u011ferlendirilmesi gerekti\u011fini s\u00f6yledi.<\/p>\n\n\n\n<figure class=\"wp-block-image size-large\"><img loading=\"lazy\" decoding=\"async\" width=\"1024\" height=\"683\" src=\"https:\/\/www.gucehaber.com\/wp-content\/uploads\/2020\/09\/IMG_1318-1024x683-1.jpg\" alt=\"\" class=\"wp-image-182\" srcset=\"https:\/\/www.gucehaber.com\/wp-content\/uploads\/2020\/09\/IMG_1318-1024x683-1.jpg 1024w, https:\/\/www.gucehaber.com\/wp-content\/uploads\/2020\/09\/IMG_1318-1024x683-1-300x200.jpg 300w, https:\/\/www.gucehaber.com\/wp-content\/uploads\/2020\/09\/IMG_1318-1024x683-1-768x512.jpg 768w\" sizes=\"auto, (max-width: 1024px) 100vw, 1024px\" \/><\/figure>\n\n\n\n<p>Okul idarecileri olarak \u00f6\u011frencilerin en iyi ortamlarda e\u011fitim g\u00f6rmeleri i\u00e7in ellerinden geleni yapt\u0131klar\u0131n\u0131 belirten Top\u00e7u,\u201d Karne \u00f6\u011frencilerimizin ula\u015fmak istedikleri heyecanlar\u0131ndan bir tanesidir.&nbsp; Takdir ve te\u015fekk\u00fcr alan \u00f6\u011frencilerimizi tebrik ediyorum. Karnesinde k\u0131r\u0131k notu olanlar \u00fcz\u00fclmesin. Sizlerin d\u00fc\u015f\u00fck olan notlar\u0131n\u0131z\u0131 \u00e7al\u0131\u015fma ile d\u00fczeltece\u011finize inan\u0131yorum. D\u00f6nem boyu yo\u011fun emekler vererek \u00f6\u011fretilen ve \u00f6\u011frendi\u011finiz bilgilerin unutulmamas\u0131 i\u00e7in derslerinizide ihmal etmeyin. Hepinize iyi tatiller diliyorum\u201d dedi.<\/p>\n\n\n\n<figure class=\"wp-block-image size-large\"><img loading=\"lazy\" decoding=\"async\" width=\"1024\" height=\"683\" src=\"https:\/\/www.gucehaber.com\/wp-content\/uploads\/2020\/09\/IMG_1290-1024x683-1.jpg\" alt=\"\" class=\"wp-image-183\" srcset=\"https:\/\/www.gucehaber.com\/wp-content\/uploads\/2020\/09\/IMG_1290-1024x683-1.jpg 1024w, https:\/\/www.gucehaber.com\/wp-content\/uploads\/2020\/09\/IMG_1290-1024x683-1-300x200.jpg 300w, https:\/\/www.gucehaber.com\/wp-content\/uploads\/2020\/09\/IMG_1290-1024x683-1-768x512.jpg 768w\" sizes=\"auto, (max-width: 1024px) 100vw, 1024px\" \/><\/figure>\n\n\n\n<p>Daha sonra \u00f6\u011frencilerin karne sevincine ortak olan Kaymakam Ahmet Ra\u015fit Orhan, \u0130l\u00e7e Milli E\u011fitim M\u00fcd\u00fcr\u00fc Kahir Al ve idarecilerle birlikte ba\u015far\u0131l\u0131 \u00f6\u011frencilere \u00f6d\u00fcllerinin verilmesinin ard\u0131ndan \u00f6\u011frencilere karnelerini da\u011f\u0131tt\u0131.<\/p>\n\n\n\n<figure class=\"wp-block-image size-large\"><img loading=\"lazy\" decoding=\"async\" width=\"1024\" height=\"683\" src=\"https:\/\/www.gucehaber.com\/wp-content\/uploads\/2020\/09\/IMG_1297-1024x683-1.jpg\" alt=\"\" class=\"wp-image-184\" srcset=\"https:\/\/www.gucehaber.com\/wp-content\/uploads\/2020\/09\/IMG_1297-1024x683-1.jpg 1024w, https:\/\/www.gucehaber.com\/wp-content\/uploads\/2020\/09\/IMG_1297-1024x683-1-300x200.jpg 300w, https:\/\/www.gucehaber.com\/wp-content\/uploads\/2020\/09\/IMG_1297-1024x683-1-768x512.jpg 768w\" sizes=\"auto, (max-width: 1024px) 100vw, 1024px\" \/><\/figure>\n\n\n\n<p>G\u00fcce Z\u00fcbeyde Han\u0131m Yat\u0131l\u0131 B\u00f6lge Ortaokulu\u2019nda d\u00fczenlenen karne da\u011f\u0131t\u0131m t\u00f6renine \u0130l\u00e7e Kaymakam\u0131 Ahmet Ra\u015fit Orhan, \u0130l\u00e7e Jandarma B\u00f6l\u00fck Komutan\u0131 G\u00fcltekin \u00c7olak, \u0130l\u00e7e Milli E\u011fitim M\u00fcd\u00fcr\u00fc Kahir Al, \u015eube M\u00fcd\u00fcr\u00fc Hamza \u00c7anak, \u00f6\u011fretmenler, \u00f6\u011frenciler ve \u00f6\u011frenci velileri kat\u0131ld\u0131.<\/p>\n","protected":false},"excerpt":{"rendered":"<p>G\u00fcce il\u00e7esinde 856 temel e\u011fitim 242 orta \u00f6\u011fretimde e\u011fitim g\u00f6ren 1098 \u00f6\u011frenci, e\u011fitim \u00f6\u011fretim d\u00f6neminin yar\u0131y\u0131l\u0131n\u0131n tamamlanmas\u0131 dolay\u0131s\u0131yla karne sevinci ya\u015fad\u0131. G\u00fcce \u0130l\u00e7e Kaymakam\u0131 Ahmet Ra\u015fit Orhan, 2019\u20132020 e\u011fitim ve \u00f6\u011fretim d\u00f6neminin ilk yar\u0131s\u0131n\u0131n son g\u00fcn\u00fcnde G\u00fcce Z\u00fcbeyde Han\u0131m Yat\u0131l\u0131 B\u00f6lge Ortaokulunda d\u00fczenlenen karne da\u011f\u0131t\u0131m t\u00f6renine kat\u0131larak \u00f6\u011frencilerin karne heyecan\u0131na ortak oldu. Da\u011f\u0131t\u0131m t\u00f6reninde s\u0131n\u0131flar\u0131 [&hellip;]<\/p>\n","protected":false},"author":1,"featured_media":179,"comment_status":"open","ping_status":"open","sticky":false,"template":"","format":"standard","meta":{"footnotes":""},"categories":[7],"tags":[],"class_list":["post-178","post","type-post","status-publish","format-standard","has-post-thumbnail","hentry","category-guce"],"aioseo_notices":[],"_links":{"self":[{"href":"https:\/\/www.gucehaber.com\/index.php\/wp-json\/wp\/v2\/posts\/178","targetHints":{"allow":["GET"]}}],"collection":[{"href":"https:\/\/www.gucehaber.com\/index.php\/wp-json\/wp\/v2\/posts"}],"about":[{"href":"https:\/\/www.gucehaber.com\/index.php\/wp-json\/wp\/v2\/types\/post"}],"author":[{"embeddable":true,"href":"https:\/\/www.gucehaber.com\/index.php\/wp-json\/wp\/v2\/users\/1"}],"replies":[{"embeddable":true,"href":"https:\/\/www.gucehaber.com\/index.php\/wp-json\/wp\/v2\/comments?post=178"}],"version-history":[{"count":1,"href":"https:\/\/www.gucehaber.com\/index.php\/wp-json\/wp\/v2\/posts\/178\/revisions"}],"predecessor-version":[{"id":185,"href":"https:\/\/www.gucehaber.com\/index.php\/wp-json\/wp\/v2\/posts\/178\/revisions\/185"}],"wp:featuredmedia":[{"embeddable":true,"href":"https:\/\/www.gucehaber.com\/index.php\/wp-json\/wp\/v2\/media\/179"}],"wp:attachment":[{"href":"https:\/\/www.gucehaber.com\/index.php\/wp-json\/wp\/v2\/media?parent=178"}],"wp:term":[{"taxonomy":"category","embeddable":true,"href":"https:\/\/www.gucehaber.com\/index.php\/wp-json\/wp\/v2\/categories?post=178"},{"taxonomy":"post_tag","embeddable":true,"href":"https:\/\/www.gucehaber.com\/index.php\/wp-json\/wp\/v2\/tags?post=178"}],"curies":[{"name":"wp","href":"https:\/\/api.w.org\/{rel}","templated":true}]}}