{"id":170,"date":"2020-01-13T20:03:00","date_gmt":"2020-01-13T20:03:00","guid":{"rendered":"https:\/\/www.gucehaber.com\/?p=170"},"modified":"2020-09-08T20:04:56","modified_gmt":"2020-09-08T20:04:56","slug":"chp-guce-ilce-kongresi-yapildi","status":"publish","type":"post","link":"https:\/\/www.gucehaber.com\/index.php\/2020\/01\/13\/chp-guce-ilce-kongresi-yapildi\/","title":{"rendered":"CHP G\u00fcce \u0130l\u00e7e Kongresi yap\u0131ld\u0131"},"content":{"rendered":"\n<p>Cumhuriyet Halk Partisi (CHP) G\u00fcce \u0130l\u00e7e Kongresi ger\u00e7ekle\u015ftirildi.<\/p>\n\n\n\n<figure class=\"wp-block-image size-large\"><img loading=\"lazy\" decoding=\"async\" width=\"1024\" height=\"683\" src=\"https:\/\/www.gucehaber.com\/wp-content\/uploads\/2020\/09\/IMG_1257-1024x683-1.jpg\" alt=\"\" class=\"wp-image-171\" srcset=\"https:\/\/www.gucehaber.com\/wp-content\/uploads\/2020\/09\/IMG_1257-1024x683-1.jpg 1024w, https:\/\/www.gucehaber.com\/wp-content\/uploads\/2020\/09\/IMG_1257-1024x683-1-300x200.jpg 300w, https:\/\/www.gucehaber.com\/wp-content\/uploads\/2020\/09\/IMG_1257-1024x683-1-768x512.jpg 768w\" sizes=\"auto, (max-width: 1024px) 100vw, 1024px\" \/><\/figure>\n\n\n\n<p>2 aday\u0131n il\u00e7e ba\u015fkanl\u0131\u011f\u0131 i\u00e7in yar\u0131\u015ft\u0131\u011f\u0131 kongrede yap\u0131lan se\u00e7imler sonucunda Av. Ahmet Usta CHP G\u00fcce \u0130l\u00e7e Ba\u015fkan\u0131 oldu.<\/p>\n\n\n\n<figure class=\"wp-block-image size-large\"><img loading=\"lazy\" decoding=\"async\" width=\"1024\" height=\"683\" src=\"https:\/\/www.gucehaber.com\/wp-content\/uploads\/2020\/09\/IMG_1269-1024x683-1.jpg\" alt=\"\" class=\"wp-image-172\" srcset=\"https:\/\/www.gucehaber.com\/wp-content\/uploads\/2020\/09\/IMG_1269-1024x683-1.jpg 1024w, https:\/\/www.gucehaber.com\/wp-content\/uploads\/2020\/09\/IMG_1269-1024x683-1-300x200.jpg 300w, https:\/\/www.gucehaber.com\/wp-content\/uploads\/2020\/09\/IMG_1269-1024x683-1-768x512.jpg 768w\" sizes=\"auto, (max-width: 1024px) 100vw, 1024px\" \/><\/figure>\n\n\n\n<p>G\u00fcce \u00c7ok Ama\u00e7l\u0131 K\u00fclt\u00fcr Merkezi Salonunda \u0130l\u00e7e Ba\u015fkanl\u0131\u011f\u0131 i\u00e7in iki aday\u0131n yar\u0131\u015ft\u0131\u011f\u0131 kongrede 53 delegeden 40 kay\u0131tl\u0131 delegenin oy kulland\u0131\u011f\u0131 se\u00e7imde 24 delegenin oyunu alan Av. Ahmet Usta il\u00e7e ba\u015fkan\u0131 se\u00e7ilirken, Necati Mert ise 16 oy ald\u0131.<\/p>\n\n\n\n<figure class=\"wp-block-image size-large\"><img loading=\"lazy\" decoding=\"async\" width=\"1024\" height=\"683\" src=\"https:\/\/www.gucehaber.com\/wp-content\/uploads\/2020\/09\/IMG_1251-1024x683-1.jpg\" alt=\"\" class=\"wp-image-173\" srcset=\"https:\/\/www.gucehaber.com\/wp-content\/uploads\/2020\/09\/IMG_1251-1024x683-1.jpg 1024w, https:\/\/www.gucehaber.com\/wp-content\/uploads\/2020\/09\/IMG_1251-1024x683-1-300x200.jpg 300w, https:\/\/www.gucehaber.com\/wp-content\/uploads\/2020\/09\/IMG_1251-1024x683-1-768x512.jpg 768w\" sizes=\"auto, (max-width: 1024px) 100vw, 1024px\" \/><\/figure>\n\n\n\n<p>Kongrede bir te\u015fekk\u00fcr konu\u015fmas\u0131 yapan CHP G\u00fcce \u0130l\u00e7e Ba\u015fkan\u0131 se\u00e7ilen Av. Ahmet Usta, herkese te\u015fekk\u00fcr ederek, \u201cYap\u0131lan kongremizin il\u00e7emize, ilimize ve \u00fclkemize hay\u0131rlar getirmesini diliyorum. \u0130lk g\u00fcnk\u00fc a\u015fkla partimizi iktidar yapana kadar gece g\u00fcnd\u00fcz \u00e7al\u0131\u015fmalar\u0131m\u0131za devam edece\u011fiz.\u201d dedi.<\/p>\n\n\n\n<figure class=\"wp-block-image size-large\"><img loading=\"lazy\" decoding=\"async\" width=\"1024\" height=\"683\" src=\"https:\/\/www.gucehaber.com\/wp-content\/uploads\/2020\/09\/IMG_1274-1024x683-1.jpg\" alt=\"\" class=\"wp-image-174\" srcset=\"https:\/\/www.gucehaber.com\/wp-content\/uploads\/2020\/09\/IMG_1274-1024x683-1.jpg 1024w, https:\/\/www.gucehaber.com\/wp-content\/uploads\/2020\/09\/IMG_1274-1024x683-1-300x200.jpg 300w, https:\/\/www.gucehaber.com\/wp-content\/uploads\/2020\/09\/IMG_1274-1024x683-1-768x512.jpg 768w\" sizes=\"auto, (max-width: 1024px) 100vw, 1024px\" \/><\/figure>\n\n\n\n<p>G\u00fcce K\u00fclt\u00fcr Merkezi Salonunda yap\u0131lan Kongreye, CHP Giresun \u0130l Ba\u015fkan\u0131 Fikri Bilge, &nbsp;&nbsp;&nbsp;&nbsp;&nbsp;&nbsp;&nbsp;&nbsp; Eski Millet Vekillerinden E\u015fref Karaibrahim, B\u00fclent Bekta\u015fo\u011flu, CHP Giresun \u0130l\u00e7e Ba\u015fkanlar\u0131, CHP Giresun \u0130l Y\u00f6netim Kurulu \u00dcyeleri ve \u00e7ok say\u0131da partililer kat\u0131ld\u0131.<\/p>\n\n\n\n<figure class=\"wp-block-image size-large\"><img loading=\"lazy\" decoding=\"async\" width=\"1024\" height=\"683\" src=\"https:\/\/www.gucehaber.com\/wp-content\/uploads\/2020\/09\/IMG_1278-1024x683-1.jpg\" alt=\"\" class=\"wp-image-175\" srcset=\"https:\/\/www.gucehaber.com\/wp-content\/uploads\/2020\/09\/IMG_1278-1024x683-1.jpg 1024w, https:\/\/www.gucehaber.com\/wp-content\/uploads\/2020\/09\/IMG_1278-1024x683-1-300x200.jpg 300w, https:\/\/www.gucehaber.com\/wp-content\/uploads\/2020\/09\/IMG_1278-1024x683-1-768x512.jpg 768w\" sizes=\"auto, (max-width: 1024px) 100vw, 1024px\" \/><\/figure>\n\n\n\n<p>Av. Ahmet Usta ba\u015fkanl\u0131\u011f\u0131ndaki y\u00f6netim kurulu, Ahmet Kara, Dursun Co\u015fkun, Emin Karabatak, Emin Ko\u00e7, Mehmet Salih Bahad\u0131r, B\u00fclent Bahad\u0131r, Erdo\u011fan K\u0131l\u0131\u00e7, \u015eerif Demiral, Emin Karabatak, Dursun Y\u0131lmaz\u2019dan olu\u015ftu.<\/p>\n\n\n\n<figure class=\"wp-block-image size-large\"><img loading=\"lazy\" decoding=\"async\" width=\"1024\" height=\"683\" src=\"https:\/\/www.gucehaber.com\/wp-content\/uploads\/2020\/09\/IMG_1272-1024x683-1.jpg\" alt=\"\" class=\"wp-image-176\" srcset=\"https:\/\/www.gucehaber.com\/wp-content\/uploads\/2020\/09\/IMG_1272-1024x683-1.jpg 1024w, https:\/\/www.gucehaber.com\/wp-content\/uploads\/2020\/09\/IMG_1272-1024x683-1-300x200.jpg 300w, https:\/\/www.gucehaber.com\/wp-content\/uploads\/2020\/09\/IMG_1272-1024x683-1-768x512.jpg 768w\" sizes=\"auto, (max-width: 1024px) 100vw, 1024px\" \/><\/figure>\n","protected":false},"excerpt":{"rendered":"<p>Cumhuriyet Halk Partisi (CHP) G\u00fcce \u0130l\u00e7e Kongresi ger\u00e7ekle\u015ftirildi. 2 aday\u0131n il\u00e7e ba\u015fkanl\u0131\u011f\u0131 i\u00e7in yar\u0131\u015ft\u0131\u011f\u0131 kongrede yap\u0131lan se\u00e7imler sonucunda Av. Ahmet Usta CHP G\u00fcce \u0130l\u00e7e Ba\u015fkan\u0131 oldu. G\u00fcce \u00c7ok Ama\u00e7l\u0131 K\u00fclt\u00fcr Merkezi Salonunda \u0130l\u00e7e Ba\u015fkanl\u0131\u011f\u0131 i\u00e7in iki aday\u0131n yar\u0131\u015ft\u0131\u011f\u0131 kongrede 53 delegeden 40 kay\u0131tl\u0131 delegenin oy kulland\u0131\u011f\u0131 se\u00e7imde 24 delegenin oyunu alan Av. Ahmet Usta il\u00e7e [&hellip;]<\/p>\n","protected":false},"author":1,"featured_media":175,"comment_status":"open","ping_status":"open","sticky":false,"template":"","format":"standard","meta":{"footnotes":""},"categories":[7],"tags":[],"class_list":["post-170","post","type-post","status-publish","format-standard","has-post-thumbnail","hentry","category-guce"],"aioseo_notices":[],"_links":{"self":[{"href":"https:\/\/www.gucehaber.com\/index.php\/wp-json\/wp\/v2\/posts\/170","targetHints":{"allow":["GET"]}}],"collection":[{"href":"https:\/\/www.gucehaber.com\/index.php\/wp-json\/wp\/v2\/posts"}],"about":[{"href":"https:\/\/www.gucehaber.com\/index.php\/wp-json\/wp\/v2\/types\/post"}],"author":[{"embeddable":true,"href":"https:\/\/www.gucehaber.com\/index.php\/wp-json\/wp\/v2\/users\/1"}],"replies":[{"embeddable":true,"href":"https:\/\/www.gucehaber.com\/index.php\/wp-json\/wp\/v2\/comments?post=170"}],"version-history":[{"count":1,"href":"https:\/\/www.gucehaber.com\/index.php\/wp-json\/wp\/v2\/posts\/170\/revisions"}],"predecessor-version":[{"id":177,"href":"https:\/\/www.gucehaber.com\/index.php\/wp-json\/wp\/v2\/posts\/170\/revisions\/177"}],"wp:featuredmedia":[{"embeddable":true,"href":"https:\/\/www.gucehaber.com\/index.php\/wp-json\/wp\/v2\/media\/175"}],"wp:attachment":[{"href":"https:\/\/www.gucehaber.com\/index.php\/wp-json\/wp\/v2\/media?parent=170"}],"wp:term":[{"taxonomy":"category","embeddable":true,"href":"https:\/\/www.gucehaber.com\/index.php\/wp-json\/wp\/v2\/categories?post=170"},{"taxonomy":"post_tag","embeddable":true,"href":"https:\/\/www.gucehaber.com\/index.php\/wp-json\/wp\/v2\/tags?post=170"}],"curies":[{"name":"wp","href":"https:\/\/api.w.org\/{rel}","templated":true}]}}