{"id":1683,"date":"2025-12-11T18:26:51","date_gmt":"2025-12-11T18:26:51","guid":{"rendered":"https:\/\/www.gucehaber.com\/?p=1683"},"modified":"2025-12-11T18:26:52","modified_gmt":"2025-12-11T18:26:52","slug":"gucede-kan-bagisi-kampanyasi-duzenlendi-2","status":"publish","type":"post","link":"https:\/\/www.gucehaber.com\/index.php\/2025\/12\/11\/gucede-kan-bagisi-kampanyasi-duzenlendi-2\/","title":{"rendered":"\u00a0\u00a0\u00a0\u00a0\u00a0G\u00fcce\u2019de Kan Ba\u011f\u0131\u015f\u0131 Kampanyas\u0131 D\u00fczenlendi"},"content":{"rendered":"\n<p>G\u00fcce Osman A\u011fa Meydan\u0131nda T\u00fcrk K\u0131z\u0131lay Giresun \u015eubesi taraf\u0131ndan kan ba\u011f\u0131\u015f\u0131 kampanyas\u0131 d\u00fczenlendi.<\/p>\n\n\n\n<p>\u00a0\u00a0 \u00a0G\u00fcce \u015eehit \u0130smail \u00dcnal \u00c7ok Programl\u0131 Anadolu Lisesi K\u0131z\u0131lay ve Kan Ba\u011f\u0131\u015f\u0131 Kul\u00fcb\u00fc Ba\u015fkan\u0131 \u00f6\u011fretmen Dilek Kahya taraf\u0131ndan organize edilen T\u00fcrk K\u0131z\u0131lay\u0131 taraf\u0131ndan d\u00fczenlenen kan ba\u011f\u0131\u015f\u0131 kampanyas\u0131na vatanda\u015flar yo\u011fun ilgi g\u00f6sterdi.<\/p>\n\n\n\n<figure class=\"wp-block-image size-large\"><img loading=\"lazy\" decoding=\"async\" width=\"1024\" height=\"683\" src=\"https:\/\/www.gucehaber.com\/wp-content\/uploads\/2025\/12\/IMG_0623-1024x683.jpg\" alt=\"\" class=\"wp-image-1684\" srcset=\"https:\/\/www.gucehaber.com\/wp-content\/uploads\/2025\/12\/IMG_0623-1024x683.jpg 1024w, https:\/\/www.gucehaber.com\/wp-content\/uploads\/2025\/12\/IMG_0623-300x200.jpg 300w, https:\/\/www.gucehaber.com\/wp-content\/uploads\/2025\/12\/IMG_0623-768x512.jpg 768w, https:\/\/www.gucehaber.com\/wp-content\/uploads\/2025\/12\/IMG_0623.jpg 1152w\" sizes=\"auto, (max-width: 1024px) 100vw, 1024px\" \/><\/figure>\n\n\n\n<p>&nbsp;&nbsp; &nbsp;&nbsp;G\u00fcce\u2019de d\u00fczenlenen kan ba\u011f\u0131\u015f\u0131 kampanyas\u0131na \u0130l\u00e7e Kaymakam\u0131 Ali Can Uluda\u011f destek vererek kan ba\u011f\u0131\u015f\u0131nda bulundu.<\/p>\n\n\n\n<p>&nbsp;&nbsp;&nbsp;&nbsp; Etkinlik alan\u0131n\u0131 gezen \u0130l\u00e7e Kaymakam\u0131 Ali Can Uluda\u011f, T\u00fcrk K\u0131z\u0131lay Giresun \u015eubesi sorumlu Dr. \u00d6m\u00fcr Alg\u00fcl\u2019den kan ba\u011f\u0131\u015f\u0131 kampanyas\u0131yla ilgili bilgi ald\u0131.<\/p>\n\n\n\n<p>&nbsp;&nbsp;&nbsp;&nbsp; \u0130nsanlar\u0131n sa\u011fl\u0131kl\u0131 bir ya\u015fam s\u00fcrmeleri i\u00e7in, kan vermesi gerekti\u011fini s\u00f6yledi.<\/p>\n\n\n\n<figure class=\"wp-block-image size-large\"><img loading=\"lazy\" decoding=\"async\" width=\"1024\" height=\"683\" src=\"https:\/\/www.gucehaber.com\/wp-content\/uploads\/2025\/12\/IMG_0633-1024x683.jpg\" alt=\"\" class=\"wp-image-1685\" srcset=\"https:\/\/www.gucehaber.com\/wp-content\/uploads\/2025\/12\/IMG_0633-1024x683.jpg 1024w, https:\/\/www.gucehaber.com\/wp-content\/uploads\/2025\/12\/IMG_0633-300x200.jpg 300w, https:\/\/www.gucehaber.com\/wp-content\/uploads\/2025\/12\/IMG_0633-768x512.jpg 768w, https:\/\/www.gucehaber.com\/wp-content\/uploads\/2025\/12\/IMG_0633.jpg 1152w\" sizes=\"auto, (max-width: 1024px) 100vw, 1024px\" \/><\/figure>\n\n\n\n<p>&nbsp;&nbsp;&nbsp;&nbsp; Kan ba\u011f\u0131\u015f\u0131n\u0131n artmas\u0131 ve gereken ilginin g\u00f6sterilmesi halinde hi\u00e7bir hastan\u0131n kan nedeniyle ma\u011fdur olmayaca\u011f\u0131n\u0131 belirten Kaymakam Uluda\u011f,\u201d&#8221;Herkesi kan ba\u011f\u0131\u015f\u0131nda bulunmaya davet ediyorum. Bir\u00e7ok kez umursamadan ge\u00e7ti\u011fimiz kan ba\u011f\u0131\u015f stantlar\u0131nda toplanan kan, belki de&nbsp;<a href=\"https:\/\/www.yesilgiresun.com.tr\/etiket\/bir\" target=\"_blank\" rel=\"noreferrer noopener\">bir<\/a>&nbsp;g\u00fcn o ki\u015finin hayat\u0131n\u0131 kurtaracakt\u0131r ve ayr\u0131ca verece\u011fimiz bir \u00fcnite kan vatan\u0131 ve milleti i\u00e7in can\u0131n\u0131 feda eden bir Mehmet\u00e7i\u011fe&nbsp;<a href=\"https:\/\/www.yesilgiresun.com.tr\/etiket\/can\" target=\"_blank\" rel=\"noreferrer noopener\">can<\/a>&nbsp;olabilir.&#8221; dedi.<\/p>\n\n\n\n<p>&nbsp;T\u00fcrk K\u0131z\u0131lay&nbsp;<a href=\"https:\/\/www.yesilgiresun.com.tr\/etiket\/giresun\" target=\"_blank\" rel=\"noreferrer noopener\">Giresun<\/a>&nbsp;\u015eubesi&#8217;nde g\u00f6revli Dr. \u00d6m\u00fcr Alg\u00fcl, kan ba\u011f\u0131\u015f\u0131 yaparak \u015fifa bekleyen hastalara umut olan vatanda\u015flara te\u015fekk\u00fcr&nbsp;<a href=\"https:\/\/www.yesilgiresun.com.tr\/etiket\/etti\" target=\"_blank\" rel=\"noreferrer noopener\">etti<\/a>.<\/p>\n","protected":false},"excerpt":{"rendered":"<p>G\u00fcce Osman A\u011fa Meydan\u0131nda T\u00fcrk K\u0131z\u0131lay Giresun \u015eubesi taraf\u0131ndan kan ba\u011f\u0131\u015f\u0131 kampanyas\u0131 d\u00fczenlendi. \u00a0\u00a0 \u00a0G\u00fcce \u015eehit \u0130smail \u00dcnal \u00c7ok Programl\u0131 Anadolu Lisesi K\u0131z\u0131lay ve Kan Ba\u011f\u0131\u015f\u0131 Kul\u00fcb\u00fc Ba\u015fkan\u0131 \u00f6\u011fretmen Dilek Kahya taraf\u0131ndan organize edilen T\u00fcrk K\u0131z\u0131lay\u0131 taraf\u0131ndan d\u00fczenlenen kan ba\u011f\u0131\u015f\u0131 kampanyas\u0131na vatanda\u015flar yo\u011fun ilgi g\u00f6sterdi. &nbsp;&nbsp; &nbsp;&nbsp;G\u00fcce\u2019de d\u00fczenlenen kan ba\u011f\u0131\u015f\u0131 kampanyas\u0131na \u0130l\u00e7e Kaymakam\u0131 Ali Can [&hellip;]<\/p>\n","protected":false},"author":1,"featured_media":1684,"comment_status":"open","ping_status":"open","sticky":false,"template":"","format":"standard","meta":{"footnotes":""},"categories":[7],"tags":[],"class_list":["post-1683","post","type-post","status-publish","format-standard","has-post-thumbnail","hentry","category-guce"],"aioseo_notices":[],"_links":{"self":[{"href":"https:\/\/www.gucehaber.com\/index.php\/wp-json\/wp\/v2\/posts\/1683","targetHints":{"allow":["GET"]}}],"collection":[{"href":"https:\/\/www.gucehaber.com\/index.php\/wp-json\/wp\/v2\/posts"}],"about":[{"href":"https:\/\/www.gucehaber.com\/index.php\/wp-json\/wp\/v2\/types\/post"}],"author":[{"embeddable":true,"href":"https:\/\/www.gucehaber.com\/index.php\/wp-json\/wp\/v2\/users\/1"}],"replies":[{"embeddable":true,"href":"https:\/\/www.gucehaber.com\/index.php\/wp-json\/wp\/v2\/comments?post=1683"}],"version-history":[{"count":1,"href":"https:\/\/www.gucehaber.com\/index.php\/wp-json\/wp\/v2\/posts\/1683\/revisions"}],"predecessor-version":[{"id":1686,"href":"https:\/\/www.gucehaber.com\/index.php\/wp-json\/wp\/v2\/posts\/1683\/revisions\/1686"}],"wp:featuredmedia":[{"embeddable":true,"href":"https:\/\/www.gucehaber.com\/index.php\/wp-json\/wp\/v2\/media\/1684"}],"wp:attachment":[{"href":"https:\/\/www.gucehaber.com\/index.php\/wp-json\/wp\/v2\/media?parent=1683"}],"wp:term":[{"taxonomy":"category","embeddable":true,"href":"https:\/\/www.gucehaber.com\/index.php\/wp-json\/wp\/v2\/categories?post=1683"},{"taxonomy":"post_tag","embeddable":true,"href":"https:\/\/www.gucehaber.com\/index.php\/wp-json\/wp\/v2\/tags?post=1683"}],"curies":[{"name":"wp","href":"https:\/\/api.w.org\/{rel}","templated":true}]}}