{"id":1677,"date":"2025-12-11T18:21:58","date_gmt":"2025-12-11T18:21:58","guid":{"rendered":"https:\/\/www.gucehaber.com\/?p=1677"},"modified":"2025-12-11T18:22:01","modified_gmt":"2025-12-11T18:22:01","slug":"gulparlilar-derneginin-yeni-baskani-birol-bahadir-oldu","status":"publish","type":"post","link":"https:\/\/www.gucehaber.com\/index.php\/2025\/12\/11\/gulparlilar-derneginin-yeni-baskani-birol-bahadir-oldu\/","title":{"rendered":"Gulparl\u0131lar Derne\u011finin Yeni Ba\u015fkan\u0131 Birol Bahad\u0131r Oldu"},"content":{"rendered":"\n<p>Bursa kurulu bulunan Bursa Giresun G\u00fcce Gulparl\u0131lar Derne\u011fi olan genel kurulu sonras\u0131nda mevcut ba\u015fkan Ali \u0130hsan Bahad\u0131r g\u00f6revini Birol Bahad\u0131r\u2019a devretti.<\/p>\n\n\n\n<figure class=\"wp-block-image size-full\"><img loading=\"lazy\" decoding=\"async\" width=\"962\" height=\"930\" src=\"https:\/\/www.gucehaber.com\/wp-content\/uploads\/2025\/12\/birol-2.jpg\" alt=\"\" class=\"wp-image-1678\" srcset=\"https:\/\/www.gucehaber.com\/wp-content\/uploads\/2025\/12\/birol-2.jpg 962w, https:\/\/www.gucehaber.com\/wp-content\/uploads\/2025\/12\/birol-2-300x290.jpg 300w, https:\/\/www.gucehaber.com\/wp-content\/uploads\/2025\/12\/birol-2-768x742.jpg 768w\" sizes=\"auto, (max-width: 962px) 100vw, 962px\" \/><\/figure>\n\n\n\n<p>Yap\u0131lan se\u00e7imler sonucunda Birol Bahad\u0131r dernek ba\u015fkan\u0131 olurken, \u015eeref Sevindik ba\u015fkan yard\u0131mc\u0131l\u0131\u011f\u0131na, Serdar Bahad\u0131r ise sekreterli\u011fe se\u00e7ildi. Yeni y\u00f6netim kurulunda Yavuz Ahmet Uyar, Deniz Kufaci, Fahrettin Y\u0131lmaz ve Ayhan Y\u0131lmaz yer ald\u0131.<\/p>\n\n\n\n<figure class=\"wp-block-image size-large\"><img loading=\"lazy\" decoding=\"async\" width=\"1024\" height=\"576\" src=\"https:\/\/www.gucehaber.com\/wp-content\/uploads\/2025\/12\/bas1-1024x576.jpg\" alt=\"\" class=\"wp-image-1679\" srcset=\"https:\/\/www.gucehaber.com\/wp-content\/uploads\/2025\/12\/bas1-1024x576.jpg 1024w, https:\/\/www.gucehaber.com\/wp-content\/uploads\/2025\/12\/bas1-300x169.jpg 300w, https:\/\/www.gucehaber.com\/wp-content\/uploads\/2025\/12\/bas1-768x432.jpg 768w, https:\/\/www.gucehaber.com\/wp-content\/uploads\/2025\/12\/bas1-1536x864.jpg 1536w, https:\/\/www.gucehaber.com\/wp-content\/uploads\/2025\/12\/bas1.jpg 1600w\" sizes=\"auto, (max-width: 1024px) 100vw, 1024px\" \/><\/figure>\n\n\n\n<p>Kuruldu\u011fu g\u00fcnden bu yana ger\u00e7ekle\u015ftirdi\u011fi etkinlikler ve \u00f6zg\u00fcn organizasyonlar\u0131yla dikkat \u00e7eken Gulparl\u0131lar Derne\u011fi, dernek\u00e7ilik anlay\u0131\u015f\u0131na farkl\u0131 bir bak\u0131\u015f a\u00e7\u0131s\u0131 kazand\u0131rmay\u0131 ba\u015fard\u0131. Al\u0131\u015f\u0131lm\u0131\u015f\u0131n d\u0131\u015f\u0131nda \u00e7al\u0131\u015fmalar\u0131yla \u00f6ne \u00e7\u0131kan dernek, k\u0131sa s\u00fcrede geni\u015f kitlelere ula\u015farak \u00f6nemli bir etki alan\u0131 olu\u015fturdu.<\/p>\n\n\n\n<figure class=\"wp-block-image size-large\"><img loading=\"lazy\" decoding=\"async\" width=\"1024\" height=\"768\" src=\"https:\/\/www.gucehaber.com\/wp-content\/uploads\/2025\/12\/bas2-1024x768.jpg\" alt=\"\" class=\"wp-image-1680\" srcset=\"https:\/\/www.gucehaber.com\/wp-content\/uploads\/2025\/12\/bas2-1024x768.jpg 1024w, https:\/\/www.gucehaber.com\/wp-content\/uploads\/2025\/12\/bas2-300x225.jpg 300w, https:\/\/www.gucehaber.com\/wp-content\/uploads\/2025\/12\/bas2-768x576.jpg 768w, https:\/\/www.gucehaber.com\/wp-content\/uploads\/2025\/12\/bas2-1536x1152.jpg 1536w, https:\/\/www.gucehaber.com\/wp-content\/uploads\/2025\/12\/bas2.jpg 1600w\" sizes=\"auto, (max-width: 1024px) 100vw, 1024px\" \/><\/figure>\n\n\n\n<p>G\u00f6revi devralan Ba\u015fkan Birol Bahad\u0131r, yeni y\u00f6netim kurulu ile birlikte gen\u00e7lerle daha g\u00fc\u00e7l\u00fc ba\u011f kuran, daha fonksiyonel ve toplumun her kesimine hitap eden bir anlay\u0131\u015fla \u00e7al\u0131\u015fmalar\u0131n\u0131 s\u00fcrd\u00fcreceklerini belirtti. Yeni y\u00f6netim, \u201cherkesin derne\u011fi\u201d olma hedefi do\u011frultusunda faaliyetlerine devam edeceklerini vurgulad\u0131.<\/p>\n\n\n\n<figure class=\"wp-block-image size-large\"><img loading=\"lazy\" decoding=\"async\" width=\"1024\" height=\"768\" src=\"https:\/\/www.gucehaber.com\/wp-content\/uploads\/2025\/12\/bas3-1024x768.jpg\" alt=\"\" class=\"wp-image-1681\" srcset=\"https:\/\/www.gucehaber.com\/wp-content\/uploads\/2025\/12\/bas3-1024x768.jpg 1024w, https:\/\/www.gucehaber.com\/wp-content\/uploads\/2025\/12\/bas3-300x225.jpg 300w, https:\/\/www.gucehaber.com\/wp-content\/uploads\/2025\/12\/bas3-768x576.jpg 768w, https:\/\/www.gucehaber.com\/wp-content\/uploads\/2025\/12\/bas3-1536x1152.jpg 1536w, https:\/\/www.gucehaber.com\/wp-content\/uploads\/2025\/12\/bas3.jpg 2048w\" sizes=\"auto, (max-width: 1024px) 100vw, 1024px\" \/><\/figure>\n\n\n\n<p><strong>Ya\u011f\u0131\u015fl\u0131 Havaya Ra\u011fmen Yo\u011fun Kat\u0131l\u0131m Ger\u00e7ekle\u015fti<\/strong><\/p>\n\n\n\n<p>Genel kurulun ard\u0131ndan derne\u011fin yeni hizmet binas\u0131n\u0131n a\u00e7\u0131l\u0131\u015f\u0131 ger\u00e7ekle\u015ftirilirken, a\u00e7\u0131l\u0131\u015fa&nbsp;<strong>AK Parti Bursa Milletvekili Ahmet K\u0131l\u0131\u00e7<\/strong>, Ak Parti Bursa \u0130l y\u00f6neticileri Salih Bahad\u0131r, Fatih Akdo\u011fan, C<strong>umhuriyet Halk Partisi &nbsp;STK\u2019lardan Sorumlu \u0130l Ba\u015fkan Yard\u0131mc\u0131s\u0131 Ekrem \u015een<\/strong>,&nbsp;<strong>Anahtar Parti \u0130l Ba\u015fkan Yard\u0131mc\u0131s\u0131 Fatih Y\u0131lmaz,<\/strong>&nbsp;&nbsp;<strong>AK Parti Osmangazi \u0130l\u00e7e Ba\u015fkan\u0131 Adnan Kurtulu\u015f<\/strong>,&nbsp;<strong>CHP Osmangazi \u0130l\u00e7e Ba\u015fkan\u0131 Ra\u015fit G\u00fcrb\u00fcz,&nbsp;<\/strong>Anahtar Parti Osmangazi \u0130l\u00e7e Ba\u015fkan\u0131 \u0130smail Demir,&nbsp;<strong>Giresun Federasyonu Ba\u015fkan\u0131 \u00dczeyir Akta\u015f<\/strong>&nbsp;ve \u00e7ok say\u0131da davetli kat\u0131l\u0131m sa\u011flad\u0131.<\/p>\n\n\n\n<p>:Giresun Havadis<\/p>\n","protected":false},"excerpt":{"rendered":"<p>Bursa kurulu bulunan Bursa Giresun G\u00fcce Gulparl\u0131lar Derne\u011fi olan genel kurulu sonras\u0131nda mevcut ba\u015fkan Ali \u0130hsan Bahad\u0131r g\u00f6revini Birol Bahad\u0131r\u2019a devretti. Yap\u0131lan se\u00e7imler sonucunda Birol Bahad\u0131r dernek ba\u015fkan\u0131 olurken, \u015eeref Sevindik ba\u015fkan yard\u0131mc\u0131l\u0131\u011f\u0131na, Serdar Bahad\u0131r ise sekreterli\u011fe se\u00e7ildi. Yeni y\u00f6netim kurulunda Yavuz Ahmet Uyar, Deniz Kufaci, Fahrettin Y\u0131lmaz ve Ayhan Y\u0131lmaz yer ald\u0131. Kuruldu\u011fu g\u00fcnden [&hellip;]<\/p>\n","protected":false},"author":1,"featured_media":1679,"comment_status":"open","ping_status":"open","sticky":false,"template":"","format":"standard","meta":{"footnotes":""},"categories":[7],"tags":[],"class_list":["post-1677","post","type-post","status-publish","format-standard","has-post-thumbnail","hentry","category-guce"],"aioseo_notices":[],"_links":{"self":[{"href":"https:\/\/www.gucehaber.com\/index.php\/wp-json\/wp\/v2\/posts\/1677","targetHints":{"allow":["GET"]}}],"collection":[{"href":"https:\/\/www.gucehaber.com\/index.php\/wp-json\/wp\/v2\/posts"}],"about":[{"href":"https:\/\/www.gucehaber.com\/index.php\/wp-json\/wp\/v2\/types\/post"}],"author":[{"embeddable":true,"href":"https:\/\/www.gucehaber.com\/index.php\/wp-json\/wp\/v2\/users\/1"}],"replies":[{"embeddable":true,"href":"https:\/\/www.gucehaber.com\/index.php\/wp-json\/wp\/v2\/comments?post=1677"}],"version-history":[{"count":1,"href":"https:\/\/www.gucehaber.com\/index.php\/wp-json\/wp\/v2\/posts\/1677\/revisions"}],"predecessor-version":[{"id":1682,"href":"https:\/\/www.gucehaber.com\/index.php\/wp-json\/wp\/v2\/posts\/1677\/revisions\/1682"}],"wp:featuredmedia":[{"embeddable":true,"href":"https:\/\/www.gucehaber.com\/index.php\/wp-json\/wp\/v2\/media\/1679"}],"wp:attachment":[{"href":"https:\/\/www.gucehaber.com\/index.php\/wp-json\/wp\/v2\/media?parent=1677"}],"wp:term":[{"taxonomy":"category","embeddable":true,"href":"https:\/\/www.gucehaber.com\/index.php\/wp-json\/wp\/v2\/categories?post=1677"},{"taxonomy":"post_tag","embeddable":true,"href":"https:\/\/www.gucehaber.com\/index.php\/wp-json\/wp\/v2\/tags?post=1677"}],"curies":[{"name":"wp","href":"https:\/\/api.w.org\/{rel}","templated":true}]}}