{"id":1672,"date":"2025-12-10T12:56:23","date_gmt":"2025-12-10T12:56:23","guid":{"rendered":"https:\/\/www.gucehaber.com\/?p=1672"},"modified":"2025-12-10T12:56:24","modified_gmt":"2025-12-10T12:56:24","slug":"vali-serdengectiden-guce-ilcesine-ziyaret","status":"publish","type":"post","link":"https:\/\/www.gucehaber.com\/index.php\/2025\/12\/10\/vali-serdengectiden-guce-ilcesine-ziyaret\/","title":{"rendered":"Vali Serdenge\u00e7ti\u2019den G\u00fcce \u0130l\u00e7esine Ziyaret"},"content":{"rendered":"\n<p>Vali Mehmet Fatih Serdenge\u00e7ti G\u00fcce il\u00e7esini ziyaret ederek \u00f6nemli temaslarda bulundu.<\/p>\n\n\n\n<figure class=\"wp-block-image size-large\"><img loading=\"lazy\" decoding=\"async\" width=\"1024\" height=\"683\" src=\"https:\/\/www.gucehaber.com\/wp-content\/uploads\/2025\/12\/vali2-1024x683.jpg\" alt=\"\" class=\"wp-image-1673\" srcset=\"https:\/\/www.gucehaber.com\/wp-content\/uploads\/2025\/12\/vali2-1024x683.jpg 1024w, https:\/\/www.gucehaber.com\/wp-content\/uploads\/2025\/12\/vali2-300x200.jpg 300w, https:\/\/www.gucehaber.com\/wp-content\/uploads\/2025\/12\/vali2-768x512.jpg 768w, https:\/\/www.gucehaber.com\/wp-content\/uploads\/2025\/12\/vali2-1536x1025.jpg 1536w, https:\/\/www.gucehaber.com\/wp-content\/uploads\/2025\/12\/vali2.jpg 2048w\" sizes=\"auto, (max-width: 1024px) 100vw, 1024px\" \/><\/figure>\n\n\n\n<p>&nbsp;&nbsp; Vali Serdenge\u00e7ti G\u00fcce il\u00e7esini ziyaret ederek g\u00f6reve yeni ba\u015flayan Kaymakam Ali Can Uluda\u011f\u2019a hay\u0131rl\u0131 olsun ziyaretinde bulundu.<\/p>\n\n\n\n<figure class=\"wp-block-image size-large\"><img loading=\"lazy\" decoding=\"async\" width=\"1024\" height=\"683\" src=\"https:\/\/www.gucehaber.com\/wp-content\/uploads\/2025\/12\/vali-1-1024x683.jpg\" alt=\"\" class=\"wp-image-1674\" srcset=\"https:\/\/www.gucehaber.com\/wp-content\/uploads\/2025\/12\/vali-1-1024x683.jpg 1024w, https:\/\/www.gucehaber.com\/wp-content\/uploads\/2025\/12\/vali-1-300x200.jpg 300w, https:\/\/www.gucehaber.com\/wp-content\/uploads\/2025\/12\/vali-1-768x512.jpg 768w, https:\/\/www.gucehaber.com\/wp-content\/uploads\/2025\/12\/vali-1-1536x1025.jpg 1536w, https:\/\/www.gucehaber.com\/wp-content\/uploads\/2025\/12\/vali-1.jpg 2048w\" sizes=\"auto, (max-width: 1024px) 100vw, 1024px\" \/><\/figure>\n\n\n\n<p>&nbsp;&nbsp; Vali Serdenge\u00e7ti, makam ziyaretinin ard\u0131ndan &nbsp;, \u0130l\u00e7e protokol\u00fcyle birlikte yak\u0131n zamanda il\u00e7emizde faaliyete ge\u00e7ecek olan Ya\u015fl\u0131 Bak\u0131m ve Rehabilitasyon Merkezinde incelemelerde bulundu.<\/p>\n\n\n\n<figure class=\"wp-block-image size-large\"><img loading=\"lazy\" decoding=\"async\" width=\"1024\" height=\"683\" src=\"https:\/\/www.gucehaber.com\/wp-content\/uploads\/2025\/12\/vali3-1024x683.jpg\" alt=\"\" class=\"wp-image-1675\" srcset=\"https:\/\/www.gucehaber.com\/wp-content\/uploads\/2025\/12\/vali3-1024x683.jpg 1024w, https:\/\/www.gucehaber.com\/wp-content\/uploads\/2025\/12\/vali3-300x200.jpg 300w, https:\/\/www.gucehaber.com\/wp-content\/uploads\/2025\/12\/vali3-768x512.jpg 768w, https:\/\/www.gucehaber.com\/wp-content\/uploads\/2025\/12\/vali3-1536x1025.jpg 1536w, https:\/\/www.gucehaber.com\/wp-content\/uploads\/2025\/12\/vali3.jpg 2048w\" sizes=\"auto, (max-width: 1024px) 100vw, 1024px\" \/><\/figure>\n\n\n\n<p>\u00a0\u00a0 Vali Serdenge\u00e7ti, G\u00fcce il\u00e7esinin geli\u015fimine katk\u0131 sunan t\u00fcm \u00e7al\u0131\u015fmalar\u0131 yak\u0131ndan takip etti\u011fini s\u00f6zlerine ekleyerek, Bu t\u00fcr ziyaretler, valilik taraf\u0131ndan y\u00fcr\u00fct\u00fclen hizmetlerin yerinde incelenmesi ve yerel idarecilerden bilgi al\u0131nmas\u0131 a\u00e7\u0131s\u0131ndan \u00f6nem ta\u015f\u0131maktad\u0131r.<\/p>\n\n\n\n<p><\/p>\n","protected":false},"excerpt":{"rendered":"<p>Vali Mehmet Fatih Serdenge\u00e7ti G\u00fcce il\u00e7esini ziyaret ederek \u00f6nemli temaslarda bulundu. &nbsp;&nbsp; Vali Serdenge\u00e7ti G\u00fcce il\u00e7esini ziyaret ederek g\u00f6reve yeni ba\u015flayan Kaymakam Ali Can Uluda\u011f\u2019a hay\u0131rl\u0131 olsun ziyaretinde bulundu. &nbsp;&nbsp; Vali Serdenge\u00e7ti, makam ziyaretinin ard\u0131ndan &nbsp;, \u0130l\u00e7e protokol\u00fcyle birlikte yak\u0131n zamanda il\u00e7emizde faaliyete ge\u00e7ecek olan Ya\u015fl\u0131 Bak\u0131m ve Rehabilitasyon Merkezinde incelemelerde bulundu. \u00a0\u00a0 Vali Serdenge\u00e7ti, [&hellip;]<\/p>\n","protected":false},"author":1,"featured_media":1673,"comment_status":"open","ping_status":"open","sticky":false,"template":"","format":"standard","meta":{"footnotes":""},"categories":[8,10],"tags":[],"class_list":["post-1672","post","type-post","status-publish","format-standard","has-post-thumbnail","hentry","category-giresun","category-kose"],"aioseo_notices":[],"_links":{"self":[{"href":"https:\/\/www.gucehaber.com\/index.php\/wp-json\/wp\/v2\/posts\/1672","targetHints":{"allow":["GET"]}}],"collection":[{"href":"https:\/\/www.gucehaber.com\/index.php\/wp-json\/wp\/v2\/posts"}],"about":[{"href":"https:\/\/www.gucehaber.com\/index.php\/wp-json\/wp\/v2\/types\/post"}],"author":[{"embeddable":true,"href":"https:\/\/www.gucehaber.com\/index.php\/wp-json\/wp\/v2\/users\/1"}],"replies":[{"embeddable":true,"href":"https:\/\/www.gucehaber.com\/index.php\/wp-json\/wp\/v2\/comments?post=1672"}],"version-history":[{"count":1,"href":"https:\/\/www.gucehaber.com\/index.php\/wp-json\/wp\/v2\/posts\/1672\/revisions"}],"predecessor-version":[{"id":1676,"href":"https:\/\/www.gucehaber.com\/index.php\/wp-json\/wp\/v2\/posts\/1672\/revisions\/1676"}],"wp:featuredmedia":[{"embeddable":true,"href":"https:\/\/www.gucehaber.com\/index.php\/wp-json\/wp\/v2\/media\/1673"}],"wp:attachment":[{"href":"https:\/\/www.gucehaber.com\/index.php\/wp-json\/wp\/v2\/media?parent=1672"}],"wp:term":[{"taxonomy":"category","embeddable":true,"href":"https:\/\/www.gucehaber.com\/index.php\/wp-json\/wp\/v2\/categories?post=1672"},{"taxonomy":"post_tag","embeddable":true,"href":"https:\/\/www.gucehaber.com\/index.php\/wp-json\/wp\/v2\/tags?post=1672"}],"curies":[{"name":"wp","href":"https:\/\/api.w.org\/{rel}","templated":true}]}}