{"id":1663,"date":"2025-12-07T18:46:45","date_gmt":"2025-12-07T18:46:45","guid":{"rendered":"https:\/\/www.gucehaber.com\/?p=1663"},"modified":"2025-12-07T18:46:47","modified_gmt":"2025-12-07T18:46:47","slug":"gucede-koylulerin-telefon-cilesi-sona-eriyor","status":"publish","type":"post","link":"https:\/\/www.gucehaber.com\/index.php\/2025\/12\/07\/gucede-koylulerin-telefon-cilesi-sona-eriyor\/","title":{"rendered":"G\u00fcce\u2019de K\u00f6yl\u00fclerin Telefon \u00c7ilesi Sona Eriyor"},"content":{"rendered":"\n<p>Giresun\u2019un G\u00fcce il\u00e7esine ba\u011fl\u0131 Tekkek\u00f6y ve Boncuk\u00e7ukur k\u00f6ylerinde uzun y\u0131llard\u0131r ya\u015fanan telefon \u015febekesi sorunu \u00e7\u00f6z\u00fcme kavu\u015fuyor.<\/p>\n\n\n\n<figure class=\"wp-block-image size-large\"><img loading=\"lazy\" decoding=\"async\" width=\"768\" height=\"1024\" src=\"https:\/\/www.gucehaber.com\/wp-content\/uploads\/2025\/12\/GSM2-768x1024.jpg\" alt=\"\" class=\"wp-image-1665\" srcset=\"https:\/\/www.gucehaber.com\/wp-content\/uploads\/2025\/12\/GSM2-768x1024.jpg 768w, https:\/\/www.gucehaber.com\/wp-content\/uploads\/2025\/12\/GSM2-225x300.jpg 225w, https:\/\/www.gucehaber.com\/wp-content\/uploads\/2025\/12\/GSM2-1152x1536.jpg 1152w, https:\/\/www.gucehaber.com\/wp-content\/uploads\/2025\/12\/GSM2.jpg 1200w\" sizes=\"auto, (max-width: 768px) 100vw, 768px\" \/><\/figure>\n\n\n\n<p>\u015eebeke \u00e7ekmedi\u011fi i\u00e7in cep telefonuyla g\u00f6r\u00fc\u015fme yapmak \u00fczere k\u00f6ylerin y\u00fcksek noktalar\u0131na \u00e7\u0131kmak zorunda kalan vatanda\u015flar, y\u0131llard\u0131r s\u00fcren ileti\u015fim sorunlar\u0131n\u0131n giderilmesinde b\u00fcy\u00fck emekleri bulunan AK Parti G\u00fcce \u0130l\u00e7e Ba\u015fkan\u0131 \u00d6zg\u00fcn T\u00fcredi\u2019ye te\u015fekk\u00fcr ettiler. Sorunun \u00e7\u00f6z\u00fclmesinden duyduklar\u0131 memnuniyeti dile getiren k\u00f6yl\u00fcler, \u201c\u015eebeke sorunu nedeniyle k\u00f6ylerinden g\u00f6\u00e7 etmek zorunda kalan t\u00fcm Boncuk\u00e7ukur ve Tekkek\u00f6y sakinlerinin art\u0131k evlerine, do\u011fup b\u00fcy\u00fcd\u00fckleri topraklara geri d\u00f6nmesini istiyoruz. Art\u0131k \u015fehre de\u011fil, k\u00f6ylerimize g\u00f6\u00e7 zaman\u0131\u201d ifadelerini kulland\u0131lar.<\/p>\n\n\n\n<figure class=\"wp-block-image size-large\"><img loading=\"lazy\" decoding=\"async\" width=\"1024\" height=\"718\" src=\"https:\/\/www.gucehaber.com\/wp-content\/uploads\/2025\/12\/OZGUN-1024x718.jpg\" alt=\"\" class=\"wp-image-1664\" srcset=\"https:\/\/www.gucehaber.com\/wp-content\/uploads\/2025\/12\/OZGUN-1024x718.jpg 1024w, https:\/\/www.gucehaber.com\/wp-content\/uploads\/2025\/12\/OZGUN-300x210.jpg 300w, https:\/\/www.gucehaber.com\/wp-content\/uploads\/2025\/12\/OZGUN-768x538.jpg 768w, https:\/\/www.gucehaber.com\/wp-content\/uploads\/2025\/12\/OZGUN.jpg 1200w\" sizes=\"auto, (max-width: 1024px) 100vw, 1024px\" \/><\/figure>\n\n\n\n<p>Konuya ili\u015fkin a\u00e7\u0131klamada bulunan AK Parti G\u00fcce \u0130l\u00e7e Ba\u015fkan\u0131 \u00d6zg\u00fcn T\u00fcredi, \u201cBug\u00fcn 800 rak\u0131mda bulunan Boncuk\u00e7ukur ve Tekkek\u00f6y k\u00f6ylerimizin telefon \u015febekesi sorunu tarihe kar\u0131\u015ft\u0131. Uzun zamand\u0131r k\u00f6ylerimiz taraf\u0131ndan talep edilen baz istasyonu yap\u0131m\u0131 tamamland\u0131 ve hizmete girdi. Her iki k\u00f6y\u00fcm\u00fcze de hay\u0131rl\u0131 olsun\u201d dedi.<br>T\u00fcredi ayr\u0131ca, desteklerinden \u00f6t\u00fcr\u00fc Cumhurba\u015fkan\u0131 Recep Tayyip Erdo\u011fan\u2019a, Ula\u015ft\u0131rma ve Altyap\u0131 Bakan\u0131 Abdulkadir Uralo\u011flu\u2019na, AK Parti Giresun Milletvekilleri Prof. Dr. Naz\u0131m Elmas ile Ali Temur\u2019a ve G\u00fcce Belediye Ba\u015fkan\u0131 Aytekin Boduro\u011flu\u2019na te\u015fekk\u00fcr ettiklerini belirtti.<\/p>\n\n\n\n<hr class=\"wp-block-separator has-alpha-channel-opacity\"\/>\n\n\n\n\n\n<p>\u201cY\u00fcksek Tepelere \u00c7\u0131kmaktan Kurtulaca\u011f\u0131z\u201d<\/p>\n\n\n\n<p>K\u00f6y halk\u0131n\u0131n b\u00fcy\u00fck bir s\u0131k\u0131nt\u0131s\u0131n\u0131n giderildi\u011fini belirten K\u00f6y Muhtar\u0131 Cabir Fazl\u0131, \u015funlar\u0131 s\u00f6yledi:<\/p>\n\n\n\n<p>\u201cK\u00f6ye \u015febeke santrali kuruldu. K\u00f6y sakinleri olarak bu telefon hasretinin sona erecek olmas\u0131ndan \u00e7ok memnunuz. Art\u0131k cami minaresine, a\u011fa\u00e7lara ve y\u00fcksek tepelere \u00e7\u0131kmaktan kurtulaca\u011f\u0131z. Evlerimizde rahat\u00e7a oturup sevdiklerimizle konu\u015fabilece\u011fiz. Uzun zamand\u0131r ileti\u015fim a\u011f\u0131m\u0131z yoktu; \u00e7ocuklar\u0131m\u0131z d\u0131\u015far\u0131dayd\u0131, onlarla bile g\u00f6r\u00fc\u015femiyorduk. G\u00fcn\u00fcm\u00fcz\u00fcn b\u00fcy\u00fck k\u0131sm\u0131 k\u00f6y\u00fcn y\u00fcksek tepelerinde ge\u00e7iyordu. \u015eimdi ise k\u00f6ye baz istasyonu kuruldu. Eme\u011fi ge\u00e7en herkese \u00e7ok te\u015fekk\u00fcr ediyorum.\u201d<\/p>\n\n\n\n<p><\/p>\n","protected":false},"excerpt":{"rendered":"<p>Giresun\u2019un G\u00fcce il\u00e7esine ba\u011fl\u0131 Tekkek\u00f6y ve Boncuk\u00e7ukur k\u00f6ylerinde uzun y\u0131llard\u0131r ya\u015fanan telefon \u015febekesi sorunu \u00e7\u00f6z\u00fcme kavu\u015fuyor. \u015eebeke \u00e7ekmedi\u011fi i\u00e7in cep telefonuyla g\u00f6r\u00fc\u015fme yapmak \u00fczere k\u00f6ylerin y\u00fcksek noktalar\u0131na \u00e7\u0131kmak zorunda kalan vatanda\u015flar, y\u0131llard\u0131r s\u00fcren ileti\u015fim sorunlar\u0131n\u0131n giderilmesinde b\u00fcy\u00fck emekleri bulunan AK Parti G\u00fcce \u0130l\u00e7e Ba\u015fkan\u0131 \u00d6zg\u00fcn T\u00fcredi\u2019ye te\u015fekk\u00fcr ettiler. Sorunun \u00e7\u00f6z\u00fclmesinden duyduklar\u0131 memnuniyeti dile getiren k\u00f6yl\u00fcler, [&hellip;]<\/p>\n","protected":false},"author":1,"featured_media":1665,"comment_status":"open","ping_status":"open","sticky":false,"template":"","format":"standard","meta":{"footnotes":""},"categories":[7,1],"tags":[],"class_list":["post-1663","post","type-post","status-publish","format-standard","has-post-thumbnail","hentry","category-guce","category-uncategorized"],"aioseo_notices":[],"_links":{"self":[{"href":"https:\/\/www.gucehaber.com\/index.php\/wp-json\/wp\/v2\/posts\/1663","targetHints":{"allow":["GET"]}}],"collection":[{"href":"https:\/\/www.gucehaber.com\/index.php\/wp-json\/wp\/v2\/posts"}],"about":[{"href":"https:\/\/www.gucehaber.com\/index.php\/wp-json\/wp\/v2\/types\/post"}],"author":[{"embeddable":true,"href":"https:\/\/www.gucehaber.com\/index.php\/wp-json\/wp\/v2\/users\/1"}],"replies":[{"embeddable":true,"href":"https:\/\/www.gucehaber.com\/index.php\/wp-json\/wp\/v2\/comments?post=1663"}],"version-history":[{"count":1,"href":"https:\/\/www.gucehaber.com\/index.php\/wp-json\/wp\/v2\/posts\/1663\/revisions"}],"predecessor-version":[{"id":1666,"href":"https:\/\/www.gucehaber.com\/index.php\/wp-json\/wp\/v2\/posts\/1663\/revisions\/1666"}],"wp:featuredmedia":[{"embeddable":true,"href":"https:\/\/www.gucehaber.com\/index.php\/wp-json\/wp\/v2\/media\/1665"}],"wp:attachment":[{"href":"https:\/\/www.gucehaber.com\/index.php\/wp-json\/wp\/v2\/media?parent=1663"}],"wp:term":[{"taxonomy":"category","embeddable":true,"href":"https:\/\/www.gucehaber.com\/index.php\/wp-json\/wp\/v2\/categories?post=1663"},{"taxonomy":"post_tag","embeddable":true,"href":"https:\/\/www.gucehaber.com\/index.php\/wp-json\/wp\/v2\/tags?post=1663"}],"curies":[{"name":"wp","href":"https:\/\/api.w.org\/{rel}","templated":true}]}}