{"id":1660,"date":"2025-12-03T15:36:16","date_gmt":"2025-12-03T15:36:16","guid":{"rendered":"https:\/\/www.gucehaber.com\/?p=1660"},"modified":"2025-12-03T15:36:17","modified_gmt":"2025-12-03T15:36:17","slug":"savci-boduroglu-gucenin-gururu-oldu","status":"publish","type":"post","link":"https:\/\/www.gucehaber.com\/index.php\/2025\/12\/03\/savci-boduroglu-gucenin-gururu-oldu\/","title":{"rendered":"\u00a0\u00a0\u00a0 Savc\u0131 Boduro\u011flu G\u00fcce\u2019nin Gururu Oldu"},"content":{"rendered":"\n<p>G\u00fcce \u0130l\u00e7esinin yeti\u015ftirdi\u011fi gen\u00e7 hukuk\u00e7u Muhammed Baki Boduro\u011flu Hakimler ve Savc\u0131lar Kurulu (HSK) taraf\u0131ndan Cumhuriyet Savc\u0131s\u0131 olarak atand\u0131.<\/p>\n\n\n\n<figure class=\"wp-block-image size-large\"><img loading=\"lazy\" decoding=\"async\" width=\"744\" height=\"1024\" src=\"https:\/\/www.gucehaber.com\/wp-content\/uploads\/2025\/12\/589813327_25421035327526772_2926277993151184933_n-744x1024.jpg\" alt=\"\" class=\"wp-image-1661\" srcset=\"https:\/\/www.gucehaber.com\/wp-content\/uploads\/2025\/12\/589813327_25421035327526772_2926277993151184933_n-744x1024.jpg 744w, https:\/\/www.gucehaber.com\/wp-content\/uploads\/2025\/12\/589813327_25421035327526772_2926277993151184933_n-218x300.jpg 218w, https:\/\/www.gucehaber.com\/wp-content\/uploads\/2025\/12\/589813327_25421035327526772_2926277993151184933_n-768x1057.jpg 768w, https:\/\/www.gucehaber.com\/wp-content\/uploads\/2025\/12\/589813327_25421035327526772_2926277993151184933_n.jpg 1080w\" sizes=\"auto, (max-width: 744px) 100vw, 744px\" \/><\/figure>\n\n\n\n<p>G\u00fcce\u2019nin yeti\u015ftirdi\u011fi ba\u015far\u0131l\u0131 gen\u00e7 hukuk\u00e7u, Ankara Cumhurba\u015fkanl\u0131\u011f\u0131 K\u00fclliyesi\u2019nde Cumhurba\u015fkan\u0131 Recep Tayyip Erdo\u011fan taraf\u0131ndan \u00e7ekilen kura sonucunda \u00c7orum ili Sungurlu il\u00e7esine atanarak il\u00e7emize b\u00fcy\u00fck bir gurur ya\u015fatt\u0131.<\/p>\n\n\n\n<p>\u00a0 Muhammed Baki Boduro\u011flu, G\u00fcce \u0130lkokulu ve Ortaokulu e\u011fitiminin ard\u0131nda Ke\u015fap Fen lisesinden mezun oldu. Ankara Gazi \u00dcniversitesi Hukuk Fak\u00fcltesinden mezun olan gen\u00e7 hukuk\u00e7umuz, kurayla \u00c7orum ili Sungurlu il\u00e7esine Cumhuriyet Savc\u0131s\u0131 olarak g\u00f6reve atand\u0131.<\/p>\n\n\n\n<p> G\u00fcce Merkez\u00a0 Mahallesi sakini olan Muhammed Baki Boduro\u011flu, G\u00fcce Mahallesi Merkez Cami \u0130mam Hatibi Ahmet Boduro\u011flu\u2019nun o\u011flu.<\/p>\n\n\n\n<p>&nbsp;&nbsp;&nbsp; Hukuk alan\u0131nda g\u00f6sterdi\u011fi ba\u015far\u0131yla G\u00fcce\u2019nin ad\u0131n\u0131 bir kez daha duyuran gen\u00e7 hem\u015fehrimize yeni g\u00f6revlerinde ba\u015far\u0131lar diliyoruz.<\/p>\n\n\n\n<p>\u00a0\u0130l\u00e7emizin gururusun Savc\u0131 Muhammed Baki Boduro\u011flu!<\/p>\n","protected":false},"excerpt":{"rendered":"<p>G\u00fcce \u0130l\u00e7esinin yeti\u015ftirdi\u011fi gen\u00e7 hukuk\u00e7u Muhammed Baki Boduro\u011flu Hakimler ve Savc\u0131lar Kurulu (HSK) taraf\u0131ndan Cumhuriyet Savc\u0131s\u0131 olarak atand\u0131. G\u00fcce\u2019nin yeti\u015ftirdi\u011fi ba\u015far\u0131l\u0131 gen\u00e7 hukuk\u00e7u, Ankara Cumhurba\u015fkanl\u0131\u011f\u0131 K\u00fclliyesi\u2019nde Cumhurba\u015fkan\u0131 Recep Tayyip Erdo\u011fan taraf\u0131ndan \u00e7ekilen kura sonucunda \u00c7orum ili Sungurlu il\u00e7esine atanarak il\u00e7emize b\u00fcy\u00fck bir gurur ya\u015fatt\u0131. \u00a0 Muhammed Baki Boduro\u011flu, G\u00fcce \u0130lkokulu ve Ortaokulu e\u011fitiminin ard\u0131nda Ke\u015fap [&hellip;]<\/p>\n","protected":false},"author":1,"featured_media":1661,"comment_status":"open","ping_status":"open","sticky":false,"template":"","format":"standard","meta":{"footnotes":""},"categories":[7],"tags":[],"class_list":["post-1660","post","type-post","status-publish","format-standard","has-post-thumbnail","hentry","category-guce"],"aioseo_notices":[],"_links":{"self":[{"href":"https:\/\/www.gucehaber.com\/index.php\/wp-json\/wp\/v2\/posts\/1660","targetHints":{"allow":["GET"]}}],"collection":[{"href":"https:\/\/www.gucehaber.com\/index.php\/wp-json\/wp\/v2\/posts"}],"about":[{"href":"https:\/\/www.gucehaber.com\/index.php\/wp-json\/wp\/v2\/types\/post"}],"author":[{"embeddable":true,"href":"https:\/\/www.gucehaber.com\/index.php\/wp-json\/wp\/v2\/users\/1"}],"replies":[{"embeddable":true,"href":"https:\/\/www.gucehaber.com\/index.php\/wp-json\/wp\/v2\/comments?post=1660"}],"version-history":[{"count":1,"href":"https:\/\/www.gucehaber.com\/index.php\/wp-json\/wp\/v2\/posts\/1660\/revisions"}],"predecessor-version":[{"id":1662,"href":"https:\/\/www.gucehaber.com\/index.php\/wp-json\/wp\/v2\/posts\/1660\/revisions\/1662"}],"wp:featuredmedia":[{"embeddable":true,"href":"https:\/\/www.gucehaber.com\/index.php\/wp-json\/wp\/v2\/media\/1661"}],"wp:attachment":[{"href":"https:\/\/www.gucehaber.com\/index.php\/wp-json\/wp\/v2\/media?parent=1660"}],"wp:term":[{"taxonomy":"category","embeddable":true,"href":"https:\/\/www.gucehaber.com\/index.php\/wp-json\/wp\/v2\/categories?post=1660"},{"taxonomy":"post_tag","embeddable":true,"href":"https:\/\/www.gucehaber.com\/index.php\/wp-json\/wp\/v2\/tags?post=1660"}],"curies":[{"name":"wp","href":"https:\/\/api.w.org\/{rel}","templated":true}]}}