{"id":1565,"date":"2025-09-03T15:29:49","date_gmt":"2025-09-03T15:29:49","guid":{"rendered":"https:\/\/www.gucehaber.com\/?p=1565"},"modified":"2025-09-03T15:29:51","modified_gmt":"2025-09-03T15:29:51","slug":"gucede-bal-festivali-coskuyla-gerceklestirildi","status":"publish","type":"post","link":"https:\/\/www.gucehaber.com\/index.php\/2025\/09\/03\/gucede-bal-festivali-coskuyla-gerceklestirildi\/","title":{"rendered":"G\u00fcce&#8217;de Bal Festivali Co\u015fkuyla Ger\u00e7ekle\u015ftirildi"},"content":{"rendered":"\n<p>G\u00fcce il\u00e7esinde ilk defa ger\u00e7ekle\u015ftirilen Bal Festivali yo\u011fun ilgi g\u00f6rd\u00fc.<\/p>\n\n\n\n<figure class=\"wp-block-image size-large\"><img loading=\"lazy\" decoding=\"async\" width=\"1024\" height=\"683\" src=\"https:\/\/www.gucehaber.com\/wp-content\/uploads\/2025\/09\/IMG_0420-1024x683.jpg\" alt=\"\" class=\"wp-image-1566\" srcset=\"https:\/\/www.gucehaber.com\/wp-content\/uploads\/2025\/09\/IMG_0420-1024x683.jpg 1024w, https:\/\/www.gucehaber.com\/wp-content\/uploads\/2025\/09\/IMG_0420-300x200.jpg 300w, https:\/\/www.gucehaber.com\/wp-content\/uploads\/2025\/09\/IMG_0420-768x512.jpg 768w, https:\/\/www.gucehaber.com\/wp-content\/uploads\/2025\/09\/IMG_0420.jpg 1152w\" sizes=\"auto, (max-width: 1024px) 100vw, 1024px\" \/><\/figure>\n\n\n\n<p>G\u00fcce Boncuk\u00e7ukur K\u00f6y\u00fc Derne\u011fi taraf\u0131ndan organize edilen G\u00fcce Bal Festivali, G\u00fcce\u2019nin Boncuk\u00e7ukur K\u00f6y\u00fc Tezb\u00fck\u00fc mevkiinde ger\u00e7ekle\u015ftirildi.<\/p>\n\n\n\n<figure class=\"wp-block-image size-large\"><img loading=\"lazy\" decoding=\"async\" width=\"1024\" height=\"683\" src=\"https:\/\/www.gucehaber.com\/wp-content\/uploads\/2025\/09\/IMG_0419-1024x683.jpg\" alt=\"\" class=\"wp-image-1567\" srcset=\"https:\/\/www.gucehaber.com\/wp-content\/uploads\/2025\/09\/IMG_0419-1024x683.jpg 1024w, https:\/\/www.gucehaber.com\/wp-content\/uploads\/2025\/09\/IMG_0419-300x200.jpg 300w, https:\/\/www.gucehaber.com\/wp-content\/uploads\/2025\/09\/IMG_0419-768x512.jpg 768w, https:\/\/www.gucehaber.com\/wp-content\/uploads\/2025\/09\/IMG_0419.jpg 1152w\" sizes=\"auto, (max-width: 1024px) 100vw, 1024px\" \/><\/figure>\n\n\n\n<p>&nbsp;\u0130l\u00e7e protokol\u00fc ve vatanda\u015flar\u0131n kat\u0131l\u0131m\u0131yla a\u00e7\u0131l\u0131\u015f\u0131 ger\u00e7ekle\u015ftirilen 1. G\u00fcce Bal Festivali&#8217;nde, il\u00e7ede \u00fcretim yapan ar\u0131c\u0131lar\u0131n a\u00e7t\u0131klar\u0131 stantlar yo\u011fun ilgi g\u00f6rd\u00fc.<\/p>\n\n\n\n<figure class=\"wp-block-image size-large\"><img loading=\"lazy\" decoding=\"async\" width=\"1024\" height=\"683\" src=\"https:\/\/www.gucehaber.com\/wp-content\/uploads\/2025\/09\/IMG_0424-1024x683.jpg\" alt=\"\" class=\"wp-image-1568\" srcset=\"https:\/\/www.gucehaber.com\/wp-content\/uploads\/2025\/09\/IMG_0424-1024x683.jpg 1024w, https:\/\/www.gucehaber.com\/wp-content\/uploads\/2025\/09\/IMG_0424-300x200.jpg 300w, https:\/\/www.gucehaber.com\/wp-content\/uploads\/2025\/09\/IMG_0424-768x512.jpg 768w, https:\/\/www.gucehaber.com\/wp-content\/uploads\/2025\/09\/IMG_0424.jpg 1152w\" sizes=\"auto, (max-width: 1024px) 100vw, 1024px\" \/><\/figure>\n\n\n\n<p>&nbsp;&nbsp;&nbsp; Boncuk\u00e7ukur K\u00f6y\u00fc Derne\u011fi Ba\u015fkan\u0131 Yakup \u00c7ukur, a\u00e7\u0131l\u0131\u015fta yapt\u0131\u011f\u0131 konu\u015fmada, Do\u011fall\u0131\u011f\u0131 ve e\u015fsiz aromas\u0131yla tan\u0131nan G\u00fcce bal\u0131n\u0131 tan\u0131tmak, k\u00fclt\u00fcrel de\u011ferleri ya\u015fatmak ve toplumsal birlikteli\u011fi g\u00fc\u00e7lendirmek amac\u0131yla ger\u00e7ekle\u015ftirildi\u011fini s\u00f6yledi.<\/p>\n\n\n\n<figure class=\"wp-block-image size-large\"><img loading=\"lazy\" decoding=\"async\" width=\"1024\" height=\"683\" src=\"https:\/\/www.gucehaber.com\/wp-content\/uploads\/2025\/09\/IMG_0423-1024x683.jpg\" alt=\"\" class=\"wp-image-1569\" srcset=\"https:\/\/www.gucehaber.com\/wp-content\/uploads\/2025\/09\/IMG_0423-1024x683.jpg 1024w, https:\/\/www.gucehaber.com\/wp-content\/uploads\/2025\/09\/IMG_0423-300x200.jpg 300w, https:\/\/www.gucehaber.com\/wp-content\/uploads\/2025\/09\/IMG_0423-768x512.jpg 768w, https:\/\/www.gucehaber.com\/wp-content\/uploads\/2025\/09\/IMG_0423.jpg 1152w\" sizes=\"auto, (max-width: 1024px) 100vw, 1024px\" \/><\/figure>\n\n\n\n<p>&nbsp; \u0130l\u00e7ede d\u00fczenlenen Bal Festivalinin hepimize \u00f6zellikle \u00fcreticilerimize e\u011fitici mahiyette bir yol g\u00f6sterici olaca\u011f\u0131n\u0131 belirten Ba\u015fkan Yakup \u201cSahip oldu\u011fumuz e\u015fsiz co\u011frafyan\u0131n \u00e7ok de\u011ferli bir \u00fcr\u00fcn\u00fc olan G\u00fcce bal\u0131, T\u00fcrkiye&#8217;de ve d\u00fcnyada hak etti\u011fi yere getirebilmek i\u00e7in m\u00fccadele ediyoruz. G\u00fcce bal\u0131n\u0131 uluslararas\u0131 boyuta ta\u015f\u0131yacak ger\u00e7ek de\u011ferini hep birlikte d\u00fcnyaya duyuraca\u011f\u0131z. Bal festivali de bu a\u00e7\u0131dan \u00f6nemli bir etkinlik. \u0130lerleyen y\u0131llarda daha iyi ve daha kapsaml\u0131 \u015fekilde festivallerimize devam etmeyi d\u00fc\u015f\u00fcn\u00fcyoruz. Festivale destek ve eme\u011fi ge\u00e7en b\u00fct\u00fcn kurum ve kurulu\u015flar\u0131m\u0131za te\u015fekk\u00fcr ediyorum.&#8221; dedi.<\/p>\n\n\n\n<figure class=\"wp-block-image size-large\"><img loading=\"lazy\" decoding=\"async\" width=\"1024\" height=\"683\" src=\"https:\/\/www.gucehaber.com\/wp-content\/uploads\/2025\/09\/IMG_0415-1024x683.jpg\" alt=\"\" class=\"wp-image-1570\" srcset=\"https:\/\/www.gucehaber.com\/wp-content\/uploads\/2025\/09\/IMG_0415-1024x683.jpg 1024w, https:\/\/www.gucehaber.com\/wp-content\/uploads\/2025\/09\/IMG_0415-300x200.jpg 300w, https:\/\/www.gucehaber.com\/wp-content\/uploads\/2025\/09\/IMG_0415-768x512.jpg 768w, https:\/\/www.gucehaber.com\/wp-content\/uploads\/2025\/09\/IMG_0415.jpg 1152w\" sizes=\"auto, (max-width: 1024px) 100vw, 1024px\" \/><\/figure>\n\n\n\n<p>&nbsp;&nbsp;&nbsp; G\u00fcce il\u00e7esi k\u0131rsal\u0131nda 09-07-2018 y\u0131l\u0131nda ter\u00f6r \u00f6rg\u00fct\u00fc mensuplar\u0131yla \u00e7\u0131kan \u00e7at\u0131\u015fmada \u015fehit d\u00fc\u015fen ve &nbsp;G\u00fcce Bal\u0131n\u0131n \u00fcretildi\u011fi do\u011faya ismi verilen Konyal\u0131 \u015eehit Ali Cevizcinin e\u015fi ve o\u011fluda \u00f6zel davetli olarak kat\u0131larak yo\u011fun ilgi g\u00f6rd\u00fc.<\/p>\n\n\n\n<p>&nbsp;&nbsp; Konu\u015fmalar\u0131n ard\u0131ndan eme\u011fi ge\u00e7enlere plaketler verildi ve y\u00f6resel sanat\u00e7\u0131lar\u0131n bir birinden g\u00fczel s\u00f6yledikleri t\u00fcrk\u00fclerle kat\u0131l\u0131mc\u0131lar horon teperek g\u00f6n\u00fcllerince e\u011flendiler.<\/p>\n\n\n\n<p>&nbsp;&nbsp; G\u00fcce il\u00e7esinde d\u00fczenlenen festivale, G\u00fcce Belediye Ba\u015fkan\u0131 Aytekin Boduro\u011flu, siyasi parti il\u00e7e ba\u015fkanlar\u0131 ve \u00e7ok say\u0131da vatanda\u015f kat\u0131ld\u0131.<\/p>\n","protected":false},"excerpt":{"rendered":"<p>G\u00fcce il\u00e7esinde ilk defa ger\u00e7ekle\u015ftirilen Bal Festivali yo\u011fun ilgi g\u00f6rd\u00fc. G\u00fcce Boncuk\u00e7ukur K\u00f6y\u00fc Derne\u011fi taraf\u0131ndan organize edilen G\u00fcce Bal Festivali, G\u00fcce\u2019nin Boncuk\u00e7ukur K\u00f6y\u00fc Tezb\u00fck\u00fc mevkiinde ger\u00e7ekle\u015ftirildi. &nbsp;\u0130l\u00e7e protokol\u00fc ve vatanda\u015flar\u0131n kat\u0131l\u0131m\u0131yla a\u00e7\u0131l\u0131\u015f\u0131 ger\u00e7ekle\u015ftirilen 1. G\u00fcce Bal Festivali&#8217;nde, il\u00e7ede \u00fcretim yapan ar\u0131c\u0131lar\u0131n a\u00e7t\u0131klar\u0131 stantlar yo\u011fun ilgi g\u00f6rd\u00fc. &nbsp;&nbsp;&nbsp; Boncuk\u00e7ukur K\u00f6y\u00fc Derne\u011fi Ba\u015fkan\u0131 Yakup \u00c7ukur, a\u00e7\u0131l\u0131\u015fta yapt\u0131\u011f\u0131 [&hellip;]<\/p>\n","protected":false},"author":1,"featured_media":1566,"comment_status":"open","ping_status":"open","sticky":false,"template":"","format":"standard","meta":{"footnotes":""},"categories":[7],"tags":[],"class_list":["post-1565","post","type-post","status-publish","format-standard","has-post-thumbnail","hentry","category-guce"],"aioseo_notices":[],"_links":{"self":[{"href":"https:\/\/www.gucehaber.com\/index.php\/wp-json\/wp\/v2\/posts\/1565","targetHints":{"allow":["GET"]}}],"collection":[{"href":"https:\/\/www.gucehaber.com\/index.php\/wp-json\/wp\/v2\/posts"}],"about":[{"href":"https:\/\/www.gucehaber.com\/index.php\/wp-json\/wp\/v2\/types\/post"}],"author":[{"embeddable":true,"href":"https:\/\/www.gucehaber.com\/index.php\/wp-json\/wp\/v2\/users\/1"}],"replies":[{"embeddable":true,"href":"https:\/\/www.gucehaber.com\/index.php\/wp-json\/wp\/v2\/comments?post=1565"}],"version-history":[{"count":1,"href":"https:\/\/www.gucehaber.com\/index.php\/wp-json\/wp\/v2\/posts\/1565\/revisions"}],"predecessor-version":[{"id":1571,"href":"https:\/\/www.gucehaber.com\/index.php\/wp-json\/wp\/v2\/posts\/1565\/revisions\/1571"}],"wp:featuredmedia":[{"embeddable":true,"href":"https:\/\/www.gucehaber.com\/index.php\/wp-json\/wp\/v2\/media\/1566"}],"wp:attachment":[{"href":"https:\/\/www.gucehaber.com\/index.php\/wp-json\/wp\/v2\/media?parent=1565"}],"wp:term":[{"taxonomy":"category","embeddable":true,"href":"https:\/\/www.gucehaber.com\/index.php\/wp-json\/wp\/v2\/categories?post=1565"},{"taxonomy":"post_tag","embeddable":true,"href":"https:\/\/www.gucehaber.com\/index.php\/wp-json\/wp\/v2\/tags?post=1565"}],"curies":[{"name":"wp","href":"https:\/\/api.w.org\/{rel}","templated":true}]}}