{"id":1528,"date":"2025-05-20T16:28:11","date_gmt":"2025-05-20T16:28:11","guid":{"rendered":"https:\/\/www.gucehaber.com\/?p=1528"},"modified":"2025-05-20T16:29:38","modified_gmt":"2025-05-20T16:29:38","slug":"gucede-sabankale-sehitleri-icin-yuruyus-duzenlendi","status":"publish","type":"post","link":"https:\/\/www.gucehaber.com\/index.php\/2025\/05\/20\/gucede-sabankale-sehitleri-icin-yuruyus-duzenlendi\/","title":{"rendered":"G\u00fcce&#8217;de \u015eabankale \u015eehitleri \u0130\u00e7in Y\u00fcr\u00fcy\u00fc\u015f D\u00fczenlendi"},"content":{"rendered":"\n<p>G\u00fcce il\u00e7esinde, 19 May\u0131s Atat\u00fcrk&#8217;\u00fc Anma, Gen\u00e7lik ve Spor Bayram\u0131 etkinlikleri kapsam\u0131nda \u015eabankale \u015fehitleri i\u00e7in y\u00fcr\u00fcy\u00fc\u015f d\u00fczenlendi.<\/p>\n\n\n\n<figure class=\"wp-block-image size-large\"><img loading=\"lazy\" decoding=\"async\" width=\"1024\" height=\"706\" src=\"https:\/\/www.gucehaber.com\/wp-content\/uploads\/2025\/05\/IMG_0130-1024x706.jpg\" alt=\"\" class=\"wp-image-1529\" srcset=\"https:\/\/www.gucehaber.com\/wp-content\/uploads\/2025\/05\/IMG_0130-1024x706.jpg 1024w, https:\/\/www.gucehaber.com\/wp-content\/uploads\/2025\/05\/IMG_0130-300x207.jpg 300w, https:\/\/www.gucehaber.com\/wp-content\/uploads\/2025\/05\/IMG_0130-768x529.jpg 768w, https:\/\/www.gucehaber.com\/wp-content\/uploads\/2025\/05\/IMG_0130.jpg 1114w\" sizes=\"auto, (max-width: 1024px) 100vw, 1024px\" \/><\/figure>\n\n\n\n<p>\u0130l\u00e7e Kaymakaml\u0131\u011f\u0131 koordinesinde, Gen\u00e7lik ve Spor \u0130l\u00e7e M\u00fcd\u00fcrl\u00fc\u011f\u00fcnce organize edilen y\u00fcr\u00fcy\u00fc\u015f Giyimli Mahallesi&#8217;nden ba\u015flad\u0131.<\/p>\n\n\n\n<figure class=\"wp-block-image size-large\"><img loading=\"lazy\" decoding=\"async\" width=\"1024\" height=\"683\" src=\"https:\/\/www.gucehaber.com\/wp-content\/uploads\/2025\/05\/IMG_0132-1024x683.jpg\" alt=\"\" class=\"wp-image-1530\" srcset=\"https:\/\/www.gucehaber.com\/wp-content\/uploads\/2025\/05\/IMG_0132-1024x683.jpg 1024w, https:\/\/www.gucehaber.com\/wp-content\/uploads\/2025\/05\/IMG_0132-300x200.jpg 300w, https:\/\/www.gucehaber.com\/wp-content\/uploads\/2025\/05\/IMG_0132-768x512.jpg 768w, https:\/\/www.gucehaber.com\/wp-content\/uploads\/2025\/05\/IMG_0132.jpg 1152w\" sizes=\"auto, (max-width: 1024px) 100vw, 1024px\" \/><\/figure>\n\n\n\n<p>Kat\u0131l\u0131mc\u0131lar, Rus i\u015fgaline kar\u015f\u0131 Har\u015fit savunmas\u0131n\u0131n yap\u0131ld\u0131\u011f\u0131 b\u00f6lgelerden \u015eabankale mevkisine kadar y\u00fcr\u00fcd\u00fc.<\/p>\n\n\n\n<figure class=\"wp-block-image size-large\"><img loading=\"lazy\" decoding=\"async\" width=\"1024\" height=\"683\" src=\"https:\/\/www.gucehaber.com\/wp-content\/uploads\/2025\/05\/IMG_0138-1024x683.jpg\" alt=\"\" class=\"wp-image-1531\" srcset=\"https:\/\/www.gucehaber.com\/wp-content\/uploads\/2025\/05\/IMG_0138-1024x683.jpg 1024w, https:\/\/www.gucehaber.com\/wp-content\/uploads\/2025\/05\/IMG_0138-300x200.jpg 300w, https:\/\/www.gucehaber.com\/wp-content\/uploads\/2025\/05\/IMG_0138-768x512.jpg 768w, https:\/\/www.gucehaber.com\/wp-content\/uploads\/2025\/05\/IMG_0138.jpg 1152w\" sizes=\"auto, (max-width: 1024px) 100vw, 1024px\" \/><\/figure>\n\n\n\n<p>G\u00fcce Milli E\u011fitim M\u00fcd\u00fcr\u00fc Kahir Al, T\u00fcrk askerinin bir\u00e7ok cephede oldu\u011fu gibi \u015eabankale&#8217;de de destan yazd\u0131\u011f\u0131n\u0131 s\u00f6yledi.<\/p>\n\n\n\n<figure class=\"wp-block-image size-large\"><img loading=\"lazy\" decoding=\"async\" width=\"1024\" height=\"683\" src=\"https:\/\/www.gucehaber.com\/wp-content\/uploads\/2025\/05\/IMG_0142-1024x683.jpg\" alt=\"\" class=\"wp-image-1532\" srcset=\"https:\/\/www.gucehaber.com\/wp-content\/uploads\/2025\/05\/IMG_0142-1024x683.jpg 1024w, https:\/\/www.gucehaber.com\/wp-content\/uploads\/2025\/05\/IMG_0142-300x200.jpg 300w, https:\/\/www.gucehaber.com\/wp-content\/uploads\/2025\/05\/IMG_0142-768x512.jpg 768w, https:\/\/www.gucehaber.com\/wp-content\/uploads\/2025\/05\/IMG_0142.jpg 1152w\" sizes=\"auto, (max-width: 1024px) 100vw, 1024px\" \/><\/figure>\n\n\n\n<p>\u015eaban Kalesi \u015eehitli\u011finde d\u00fczenlenen programa, il\u00e7e Kaymakam\u0131 Ensar \u00c7elik, G\u00fcce Belediye Ba\u015fkan\u0131 Aytekin Boduro\u011flu, G\u00fcce \u0130l\u00e7e Jandarma Komutan\u0131 Enis Aksoy, Emniyet Amiri Orhan \u00d6zkul, daire amirleri, okul m\u00fcd\u00fcrleri, \u00f6\u011fretmenler, \u00f6\u011frenciler ve vatanda\u015flar kat\u0131ld\u0131.<\/p>\n","protected":false},"excerpt":{"rendered":"<p>G\u00fcce il\u00e7esinde, 19 May\u0131s Atat\u00fcrk&#8217;\u00fc Anma, Gen\u00e7lik ve Spor Bayram\u0131 etkinlikleri kapsam\u0131nda \u015eabankale \u015fehitleri i\u00e7in y\u00fcr\u00fcy\u00fc\u015f d\u00fczenlendi. \u0130l\u00e7e Kaymakaml\u0131\u011f\u0131 koordinesinde, Gen\u00e7lik ve Spor \u0130l\u00e7e M\u00fcd\u00fcrl\u00fc\u011f\u00fcnce organize edilen y\u00fcr\u00fcy\u00fc\u015f Giyimli Mahallesi&#8217;nden ba\u015flad\u0131. Kat\u0131l\u0131mc\u0131lar, Rus i\u015fgaline kar\u015f\u0131 Har\u015fit savunmas\u0131n\u0131n yap\u0131ld\u0131\u011f\u0131 b\u00f6lgelerden \u015eabankale mevkisine kadar y\u00fcr\u00fcd\u00fc. G\u00fcce Milli E\u011fitim M\u00fcd\u00fcr\u00fc Kahir Al, T\u00fcrk askerinin bir\u00e7ok cephede oldu\u011fu gibi [&hellip;]<\/p>\n","protected":false},"author":1,"featured_media":1529,"comment_status":"open","ping_status":"open","sticky":false,"template":"","format":"standard","meta":{"footnotes":""},"categories":[7],"tags":[],"class_list":["post-1528","post","type-post","status-publish","format-standard","has-post-thumbnail","hentry","category-guce"],"aioseo_notices":[],"_links":{"self":[{"href":"https:\/\/www.gucehaber.com\/index.php\/wp-json\/wp\/v2\/posts\/1528","targetHints":{"allow":["GET"]}}],"collection":[{"href":"https:\/\/www.gucehaber.com\/index.php\/wp-json\/wp\/v2\/posts"}],"about":[{"href":"https:\/\/www.gucehaber.com\/index.php\/wp-json\/wp\/v2\/types\/post"}],"author":[{"embeddable":true,"href":"https:\/\/www.gucehaber.com\/index.php\/wp-json\/wp\/v2\/users\/1"}],"replies":[{"embeddable":true,"href":"https:\/\/www.gucehaber.com\/index.php\/wp-json\/wp\/v2\/comments?post=1528"}],"version-history":[{"count":2,"href":"https:\/\/www.gucehaber.com\/index.php\/wp-json\/wp\/v2\/posts\/1528\/revisions"}],"predecessor-version":[{"id":1534,"href":"https:\/\/www.gucehaber.com\/index.php\/wp-json\/wp\/v2\/posts\/1528\/revisions\/1534"}],"wp:featuredmedia":[{"embeddable":true,"href":"https:\/\/www.gucehaber.com\/index.php\/wp-json\/wp\/v2\/media\/1529"}],"wp:attachment":[{"href":"https:\/\/www.gucehaber.com\/index.php\/wp-json\/wp\/v2\/media?parent=1528"}],"wp:term":[{"taxonomy":"category","embeddable":true,"href":"https:\/\/www.gucehaber.com\/index.php\/wp-json\/wp\/v2\/categories?post=1528"},{"taxonomy":"post_tag","embeddable":true,"href":"https:\/\/www.gucehaber.com\/index.php\/wp-json\/wp\/v2\/tags?post=1528"}],"curies":[{"name":"wp","href":"https:\/\/api.w.org\/{rel}","templated":true}]}}