{"id":1519,"date":"2025-05-20T16:05:46","date_gmt":"2025-05-20T16:05:46","guid":{"rendered":"https:\/\/www.gucehaber.com\/?p=1519"},"modified":"2025-05-20T16:05:48","modified_gmt":"2025-05-20T16:05:48","slug":"gucede-19-mayis-bayrami-coskuyla-kutlandi","status":"publish","type":"post","link":"https:\/\/www.gucehaber.com\/index.php\/2025\/05\/20\/gucede-19-mayis-bayrami-coskuyla-kutlandi\/","title":{"rendered":"G\u00fcce\u2019de 19 May\u0131s Bayram\u0131 Co\u015fkuyla Kutland\u0131"},"content":{"rendered":"\n<p>19 May\u0131s Atat\u00fcrk&#8217;\u00fc Anma ve Gen\u00e7lik ve Spor Bayram\u0131, t\u00fcm yurtta oldu\u011fu gibi G\u00fcce&#8217;de de kutland\u0131.<\/p>\n\n\n\n<figure class=\"wp-block-image size-large\"><img loading=\"lazy\" decoding=\"async\" width=\"1024\" height=\"683\" src=\"https:\/\/www.gucehaber.com\/wp-content\/uploads\/2025\/05\/IMG_0085-1024x683.jpg\" alt=\"\" class=\"wp-image-1520\" srcset=\"https:\/\/www.gucehaber.com\/wp-content\/uploads\/2025\/05\/IMG_0085-1024x683.jpg 1024w, https:\/\/www.gucehaber.com\/wp-content\/uploads\/2025\/05\/IMG_0085-300x200.jpg 300w, https:\/\/www.gucehaber.com\/wp-content\/uploads\/2025\/05\/IMG_0085-768x512.jpg 768w, https:\/\/www.gucehaber.com\/wp-content\/uploads\/2025\/05\/IMG_0085.jpg 1152w\" sizes=\"auto, (max-width: 1024px) 100vw, 1024px\" \/><\/figure>\n\n\n\n<p>T\u00f6ren,Belediye Meydan\u0131&#8217;ndaki Atat\u00fcrk B\u00fcst\u00fcne \u00e7elenk konulmas\u0131yla ba\u015flad\u0131. T\u00f6ren daha sonra G\u00fcce \u0130l\u00e7e Stad\u0131nda devam etti.<\/p>\n\n\n\n<figure class=\"wp-block-image size-large\"><img loading=\"lazy\" decoding=\"async\" width=\"1024\" height=\"683\" src=\"https:\/\/www.gucehaber.com\/wp-content\/uploads\/2025\/05\/IMG_0090-1024x683.jpg\" alt=\"\" class=\"wp-image-1521\" srcset=\"https:\/\/www.gucehaber.com\/wp-content\/uploads\/2025\/05\/IMG_0090-1024x683.jpg 1024w, https:\/\/www.gucehaber.com\/wp-content\/uploads\/2025\/05\/IMG_0090-300x200.jpg 300w, https:\/\/www.gucehaber.com\/wp-content\/uploads\/2025\/05\/IMG_0090-768x512.jpg 768w, https:\/\/www.gucehaber.com\/wp-content\/uploads\/2025\/05\/IMG_0090.jpg 1152w\" sizes=\"auto, (max-width: 1024px) 100vw, 1024px\" \/><\/figure>\n\n\n\n<p>&nbsp;&nbsp;&nbsp; Sayg\u0131 duru\u015fu ve \u0130stiklal Mar\u015f\u0131n\u0131n okunmas\u0131n\u0131n ard\u0131ndan Kaymakam &nbsp;Ensar \u00c7elik ve Belediye Ba\u015fkan vekili Sezgin Y\u0131lmaz halk\u0131n ve \u00f6\u011frencilerin bayram\u0131n\u0131 kutlad\u0131.<\/p>\n\n\n\n<figure class=\"wp-block-image size-large\"><img loading=\"lazy\" decoding=\"async\" width=\"1024\" height=\"682\" src=\"https:\/\/www.gucehaber.com\/wp-content\/uploads\/2025\/05\/19-mays-1024x682.jpg\" alt=\"\" class=\"wp-image-1522\" srcset=\"https:\/\/www.gucehaber.com\/wp-content\/uploads\/2025\/05\/19-mays-1024x682.jpg 1024w, https:\/\/www.gucehaber.com\/wp-content\/uploads\/2025\/05\/19-mays-300x200.jpg 300w, https:\/\/www.gucehaber.com\/wp-content\/uploads\/2025\/05\/19-mays-768x512.jpg 768w, https:\/\/www.gucehaber.com\/wp-content\/uploads\/2025\/05\/19-mays-1536x1023.jpg 1536w, https:\/\/www.gucehaber.com\/wp-content\/uploads\/2025\/05\/19-mays.jpg 1600w\" sizes=\"auto, (max-width: 1024px) 100vw, 1024px\" \/><\/figure>\n\n\n\n<p>&nbsp; Program, \u00f6\u011frencilerin \u015fiirler okumas\u0131, g\u00f6steriler sunmas\u0131n\u0131n ve ba\u015far\u0131l\u0131 \u00f6\u011frencilerin \u00f6d\u00fcllendirilmesinin ard\u0131ndan t\u00f6ren, resmi ge\u00e7it ile sona erdi.<\/p>\n\n\n\n<figure class=\"wp-block-image size-large\"><img loading=\"lazy\" decoding=\"async\" width=\"1024\" height=\"682\" src=\"https:\/\/www.gucehaber.com\/wp-content\/uploads\/2025\/05\/19ms-1024x682.jpg\" alt=\"\" class=\"wp-image-1523\" srcset=\"https:\/\/www.gucehaber.com\/wp-content\/uploads\/2025\/05\/19ms-1024x682.jpg 1024w, https:\/\/www.gucehaber.com\/wp-content\/uploads\/2025\/05\/19ms-300x200.jpg 300w, https:\/\/www.gucehaber.com\/wp-content\/uploads\/2025\/05\/19ms-768x512.jpg 768w, https:\/\/www.gucehaber.com\/wp-content\/uploads\/2025\/05\/19ms-1536x1023.jpg 1536w, https:\/\/www.gucehaber.com\/wp-content\/uploads\/2025\/05\/19ms.jpg 1600w\" sizes=\"auto, (max-width: 1024px) 100vw, 1024px\" \/><\/figure>\n\n\n\n<p>\u00a0\u00a0 T\u00f6rene \u0130l\u00e7e Kaymakam\u0131 Ensar \u00c7elik, G\u00fcce Belediye Ba\u015fkan vekili Sezgin Y\u0131lmaz, \u0130l\u00e7e Jandarma B\u00f6l\u00fck Komutan\u0131 \u00a0Enis Aksoy, Emniyet Amiri Orhan \u00d6zkul, daire amirleri, okul m\u00fcd\u00fcrleri, \u00f6\u011fretmenler, \u00f6\u011frenciler ve vatanda\u015flar kat\u0131ld\u0131.<\/p>\n\n\n\n<figure class=\"wp-block-image size-large\"><img loading=\"lazy\" decoding=\"async\" width=\"1024\" height=\"682\" src=\"https:\/\/www.gucehaber.com\/wp-content\/uploads\/2025\/05\/19m-1024x682.jpg\" alt=\"\" class=\"wp-image-1524\" srcset=\"https:\/\/www.gucehaber.com\/wp-content\/uploads\/2025\/05\/19m-1024x682.jpg 1024w, https:\/\/www.gucehaber.com\/wp-content\/uploads\/2025\/05\/19m-300x200.jpg 300w, https:\/\/www.gucehaber.com\/wp-content\/uploads\/2025\/05\/19m-768x512.jpg 768w, https:\/\/www.gucehaber.com\/wp-content\/uploads\/2025\/05\/19m-1536x1023.jpg 1536w, https:\/\/www.gucehaber.com\/wp-content\/uploads\/2025\/05\/19m.jpg 1600w\" sizes=\"auto, (max-width: 1024px) 100vw, 1024px\" \/><\/figure>\n","protected":false},"excerpt":{"rendered":"<p>19 May\u0131s Atat\u00fcrk&#8217;\u00fc Anma ve Gen\u00e7lik ve Spor Bayram\u0131, t\u00fcm yurtta oldu\u011fu gibi G\u00fcce&#8217;de de kutland\u0131. T\u00f6ren,Belediye Meydan\u0131&#8217;ndaki Atat\u00fcrk B\u00fcst\u00fcne \u00e7elenk konulmas\u0131yla ba\u015flad\u0131. T\u00f6ren daha sonra G\u00fcce \u0130l\u00e7e Stad\u0131nda devam etti. &nbsp;&nbsp;&nbsp; Sayg\u0131 duru\u015fu ve \u0130stiklal Mar\u015f\u0131n\u0131n okunmas\u0131n\u0131n ard\u0131ndan Kaymakam &nbsp;Ensar \u00c7elik ve Belediye Ba\u015fkan vekili Sezgin Y\u0131lmaz halk\u0131n ve \u00f6\u011frencilerin bayram\u0131n\u0131 kutlad\u0131. &nbsp; Program, [&hellip;]<\/p>\n","protected":false},"author":1,"featured_media":1521,"comment_status":"open","ping_status":"open","sticky":false,"template":"","format":"standard","meta":{"footnotes":""},"categories":[7],"tags":[],"class_list":["post-1519","post","type-post","status-publish","format-standard","has-post-thumbnail","hentry","category-guce"],"aioseo_notices":[],"_links":{"self":[{"href":"https:\/\/www.gucehaber.com\/index.php\/wp-json\/wp\/v2\/posts\/1519","targetHints":{"allow":["GET"]}}],"collection":[{"href":"https:\/\/www.gucehaber.com\/index.php\/wp-json\/wp\/v2\/posts"}],"about":[{"href":"https:\/\/www.gucehaber.com\/index.php\/wp-json\/wp\/v2\/types\/post"}],"author":[{"embeddable":true,"href":"https:\/\/www.gucehaber.com\/index.php\/wp-json\/wp\/v2\/users\/1"}],"replies":[{"embeddable":true,"href":"https:\/\/www.gucehaber.com\/index.php\/wp-json\/wp\/v2\/comments?post=1519"}],"version-history":[{"count":1,"href":"https:\/\/www.gucehaber.com\/index.php\/wp-json\/wp\/v2\/posts\/1519\/revisions"}],"predecessor-version":[{"id":1525,"href":"https:\/\/www.gucehaber.com\/index.php\/wp-json\/wp\/v2\/posts\/1519\/revisions\/1525"}],"wp:featuredmedia":[{"embeddable":true,"href":"https:\/\/www.gucehaber.com\/index.php\/wp-json\/wp\/v2\/media\/1521"}],"wp:attachment":[{"href":"https:\/\/www.gucehaber.com\/index.php\/wp-json\/wp\/v2\/media?parent=1519"}],"wp:term":[{"taxonomy":"category","embeddable":true,"href":"https:\/\/www.gucehaber.com\/index.php\/wp-json\/wp\/v2\/categories?post=1519"},{"taxonomy":"post_tag","embeddable":true,"href":"https:\/\/www.gucehaber.com\/index.php\/wp-json\/wp\/v2\/tags?post=1519"}],"curies":[{"name":"wp","href":"https:\/\/api.w.org\/{rel}","templated":true}]}}