{"id":1501,"date":"2025-04-26T17:05:47","date_gmt":"2025-04-26T17:05:47","guid":{"rendered":"https:\/\/www.gucehaber.com\/?p=1501"},"modified":"2025-04-26T17:05:48","modified_gmt":"2025-04-26T17:05:48","slug":"gucede-23-nisan-coskusu","status":"publish","type":"post","link":"https:\/\/www.gucehaber.com\/index.php\/2025\/04\/26\/gucede-23-nisan-coskusu\/","title":{"rendered":"\u00a0\u00a0\u00a0 G\u00fcce&#8217;de, 23 Nisan Co\u015fkusu"},"content":{"rendered":"\n<p>G\u00fcce&#8217;de, 23 Nisan Ulusal Egemenlik ve \u00c7ocuk Bayram\u0131 Etkinlikleri. 23 Nisan Ulusal Egemenlik ve \u00c7ocuk Bayram\u0131 etkinlikleri kapsam\u0131nda G\u00fcce&#8217;de t\u00f6ren d\u00fczenlendi.<\/p>\n\n\n\n<figure class=\"wp-block-image size-large\"><img loading=\"lazy\" decoding=\"async\" width=\"1024\" height=\"683\" src=\"https:\/\/www.gucehaber.com\/wp-content\/uploads\/2025\/04\/IMG_0017-1024x683.jpg\" alt=\"\" class=\"wp-image-1502\" srcset=\"https:\/\/www.gucehaber.com\/wp-content\/uploads\/2025\/04\/IMG_0017-1024x683.jpg 1024w, https:\/\/www.gucehaber.com\/wp-content\/uploads\/2025\/04\/IMG_0017-300x200.jpg 300w, https:\/\/www.gucehaber.com\/wp-content\/uploads\/2025\/04\/IMG_0017-768x512.jpg 768w, https:\/\/www.gucehaber.com\/wp-content\/uploads\/2025\/04\/IMG_0017.jpg 1152w\" sizes=\"auto, (max-width: 1024px) 100vw, 1024px\" \/><\/figure>\n\n\n\n<p>Belediye Meydan\u0131&#8217;ndaki Atat\u00fcrk an\u0131t\u0131na \u00e7elenklerin sunulmas\u0131n\u0131n ard\u0131ndan t\u00f6ren,&nbsp;G\u00fcce \u0130l\u00e7e Stadyumunda devam edildi.<\/p>\n\n\n\n<figure class=\"wp-block-image size-large\"><img loading=\"lazy\" decoding=\"async\" width=\"1024\" height=\"683\" src=\"https:\/\/www.gucehaber.com\/wp-content\/uploads\/2025\/04\/IMG_0014-1024x683.jpg\" alt=\"\" class=\"wp-image-1503\" srcset=\"https:\/\/www.gucehaber.com\/wp-content\/uploads\/2025\/04\/IMG_0014-1024x683.jpg 1024w, https:\/\/www.gucehaber.com\/wp-content\/uploads\/2025\/04\/IMG_0014-300x200.jpg 300w, https:\/\/www.gucehaber.com\/wp-content\/uploads\/2025\/04\/IMG_0014-768x512.jpg 768w, https:\/\/www.gucehaber.com\/wp-content\/uploads\/2025\/04\/IMG_0014.jpg 1152w\" sizes=\"auto, (max-width: 1024px) 100vw, 1024px\" \/><\/figure>\n\n\n\n<p>&nbsp;&nbsp;&nbsp; G\u00fcce Kaymakam\u0131, Ensar \u00c7elik ve Belediye Ba\u015fkan\u0131 Aytekin Boduro\u011flu \u00f6\u011frencilerin ve halk\u0131n bayram\u0131n\u0131 kutlad\u0131.<\/p>\n\n\n\n<figure class=\"wp-block-image size-large\"><img loading=\"lazy\" decoding=\"async\" width=\"1024\" height=\"683\" src=\"https:\/\/www.gucehaber.com\/wp-content\/uploads\/2025\/04\/IMG_0026-1024x683.jpg\" alt=\"\" class=\"wp-image-1504\" srcset=\"https:\/\/www.gucehaber.com\/wp-content\/uploads\/2025\/04\/IMG_0026-1024x683.jpg 1024w, https:\/\/www.gucehaber.com\/wp-content\/uploads\/2025\/04\/IMG_0026-300x200.jpg 300w, https:\/\/www.gucehaber.com\/wp-content\/uploads\/2025\/04\/IMG_0026-768x512.jpg 768w, https:\/\/www.gucehaber.com\/wp-content\/uploads\/2025\/04\/IMG_0026.jpg 1152w\" sizes=\"auto, (max-width: 1024px) 100vw, 1024px\" \/><\/figure>\n\n\n\n<p>&nbsp;&nbsp;&nbsp;&nbsp;&nbsp; \u0130l\u00e7e Milli E\u011fitim M\u00fcd\u00fcr\u00fc Kahir Al,g\u00fcn\u00fcn anlam ve \u00f6nemini belirten konu\u015fmas\u0131nda, 23 Nisan Ulusal Egemenlik ve \u00c7ocuk Bayram\u0131&#8217;n\u0131n b\u00fcy\u00fck bir co\u015fkuyla kutland\u0131\u011f\u0131n\u0131 s\u00f6yledi.<\/p>\n\n\n\n<p>&nbsp; Al,Cumhuriyetin kurucusu b\u00fcy\u00fck \u00f6nder&nbsp;<a href=\"https:\/\/www.sondakika.com\/mustafa-kemal-ataturk\/\">Mustafa Kemal Atat\u00fcrk<\/a>&#8216;\u00fcn, yar\u0131nlar\u0131n g\u00fcvencesi olan \u00e7ocuklara hediye etti\u011fi 23 Nisan&#8217;\u0131n hem d\u00fcnyada bir ilk olu\u015fturdu\u011funu, hem de gelece\u011fin Cumhuriyet nesillerine, Atat\u00fcrk&#8217;\u00fcn verdi\u011fi \u00f6nemi ifade etti\u011fini belirtti.<\/p>\n\n\n\n<figure class=\"wp-block-image size-large\"><img loading=\"lazy\" decoding=\"async\" width=\"1024\" height=\"683\" src=\"https:\/\/www.gucehaber.com\/wp-content\/uploads\/2025\/04\/IMG_0036-1024x683.jpg\" alt=\"\" class=\"wp-image-1505\" srcset=\"https:\/\/www.gucehaber.com\/wp-content\/uploads\/2025\/04\/IMG_0036-1024x683.jpg 1024w, https:\/\/www.gucehaber.com\/wp-content\/uploads\/2025\/04\/IMG_0036-300x200.jpg 300w, https:\/\/www.gucehaber.com\/wp-content\/uploads\/2025\/04\/IMG_0036-768x512.jpg 768w, https:\/\/www.gucehaber.com\/wp-content\/uploads\/2025\/04\/IMG_0036.jpg 1152w\" sizes=\"auto, (max-width: 1024px) 100vw, 1024px\" \/><\/figure>\n\n\n\n<p>T\u00f6ren, \u00f6\u011frencilerin \u015fiirler okumas\u0131, yar\u0131\u015fmalarda dereceye giren \u00f6\u011frencilere \u00f6d\u00fcllerinin verilmesi ve t\u00fcrk\u00fc \u015f\u00f6leninin ard\u0131ndan sona erdi.<\/p>\n","protected":false},"excerpt":{"rendered":"<p>G\u00fcce&#8217;de, 23 Nisan Ulusal Egemenlik ve \u00c7ocuk Bayram\u0131 Etkinlikleri. 23 Nisan Ulusal Egemenlik ve \u00c7ocuk Bayram\u0131 etkinlikleri kapsam\u0131nda G\u00fcce&#8217;de t\u00f6ren d\u00fczenlendi. Belediye Meydan\u0131&#8217;ndaki Atat\u00fcrk an\u0131t\u0131na \u00e7elenklerin sunulmas\u0131n\u0131n ard\u0131ndan t\u00f6ren,&nbsp;G\u00fcce \u0130l\u00e7e Stadyumunda devam edildi. &nbsp;&nbsp;&nbsp; G\u00fcce Kaymakam\u0131, Ensar \u00c7elik ve Belediye Ba\u015fkan\u0131 Aytekin Boduro\u011flu \u00f6\u011frencilerin ve halk\u0131n bayram\u0131n\u0131 kutlad\u0131. &nbsp;&nbsp;&nbsp;&nbsp;&nbsp; \u0130l\u00e7e Milli E\u011fitim M\u00fcd\u00fcr\u00fc Kahir Al,g\u00fcn\u00fcn [&hellip;]<\/p>\n","protected":false},"author":1,"featured_media":1502,"comment_status":"open","ping_status":"open","sticky":false,"template":"","format":"standard","meta":{"footnotes":""},"categories":[7],"tags":[],"class_list":["post-1501","post","type-post","status-publish","format-standard","has-post-thumbnail","hentry","category-guce"],"aioseo_notices":[],"_links":{"self":[{"href":"https:\/\/www.gucehaber.com\/index.php\/wp-json\/wp\/v2\/posts\/1501","targetHints":{"allow":["GET"]}}],"collection":[{"href":"https:\/\/www.gucehaber.com\/index.php\/wp-json\/wp\/v2\/posts"}],"about":[{"href":"https:\/\/www.gucehaber.com\/index.php\/wp-json\/wp\/v2\/types\/post"}],"author":[{"embeddable":true,"href":"https:\/\/www.gucehaber.com\/index.php\/wp-json\/wp\/v2\/users\/1"}],"replies":[{"embeddable":true,"href":"https:\/\/www.gucehaber.com\/index.php\/wp-json\/wp\/v2\/comments?post=1501"}],"version-history":[{"count":1,"href":"https:\/\/www.gucehaber.com\/index.php\/wp-json\/wp\/v2\/posts\/1501\/revisions"}],"predecessor-version":[{"id":1506,"href":"https:\/\/www.gucehaber.com\/index.php\/wp-json\/wp\/v2\/posts\/1501\/revisions\/1506"}],"wp:featuredmedia":[{"embeddable":true,"href":"https:\/\/www.gucehaber.com\/index.php\/wp-json\/wp\/v2\/media\/1502"}],"wp:attachment":[{"href":"https:\/\/www.gucehaber.com\/index.php\/wp-json\/wp\/v2\/media?parent=1501"}],"wp:term":[{"taxonomy":"category","embeddable":true,"href":"https:\/\/www.gucehaber.com\/index.php\/wp-json\/wp\/v2\/categories?post=1501"},{"taxonomy":"post_tag","embeddable":true,"href":"https:\/\/www.gucehaber.com\/index.php\/wp-json\/wp\/v2\/tags?post=1501"}],"curies":[{"name":"wp","href":"https:\/\/api.w.org\/{rel}","templated":true}]}}