{"id":150,"date":"2019-11-28T19:55:00","date_gmt":"2019-11-28T19:55:00","guid":{"rendered":"https:\/\/www.gucehaber.com\/?p=150"},"modified":"2020-09-08T19:58:09","modified_gmt":"2020-09-08T19:58:09","slug":"ulku-ocaklari-genel-baskani-dr-sinan-ates-guce-ilcesini-ziyaret-etti","status":"publish","type":"post","link":"https:\/\/www.gucehaber.com\/index.php\/2019\/11\/28\/ulku-ocaklari-genel-baskani-dr-sinan-ates-guce-ilcesini-ziyaret-etti\/","title":{"rendered":"\u00dclk\u00fc Ocaklar\u0131 Genel Ba\u015fkan\u0131 Dr. Sinan Ate\u015f, G\u00fcce il\u00e7esini ziyaret etti."},"content":{"rendered":"\n<figure class=\"wp-block-image size-large\"><img loading=\"lazy\" decoding=\"async\" width=\"960\" height=\"744\" src=\"https:\/\/www.gucehaber.com\/wp-content\/uploads\/2020\/09\/mhp-1.jpg\" alt=\"\" class=\"wp-image-151\" srcset=\"https:\/\/www.gucehaber.com\/wp-content\/uploads\/2020\/09\/mhp-1.jpg 960w, https:\/\/www.gucehaber.com\/wp-content\/uploads\/2020\/09\/mhp-1-300x233.jpg 300w, https:\/\/www.gucehaber.com\/wp-content\/uploads\/2020\/09\/mhp-1-768x595.jpg 768w\" sizes=\"auto, (max-width: 960px) 100vw, 960px\" \/><\/figure>\n\n\n\n<p><\/p>\n\n\n\n<p>\u00dclk\u00fc Ocaklar\u0131 Genel Ba\u015fkan\u0131 Sinan Ate\u015f G\u00fcce Milliyet\u00e7i Hareket Partisi \u0130l\u00e7e Ba\u015fkanl\u0131\u011f\u0131n\u0131 ziyaret etti.<\/p>\n\n\n\n<p>\u00c7e\u015fitli programlara kat\u0131lmak \u00fczere Karadeniz\u2019e gelen \u00dclk\u00fc Ocaklar\u0131 Genel Ba\u015fkan\u0131 Dr. Sinan Ate\u015f, Ankara\u2019ya d\u00f6n\u00fc\u015f yolunda G\u00fcce il\u00e7esini de ziyaret etti.<\/p>\n\n\n\n<p>G\u00fcce il\u00e7esinde MHP \u0130l\u00e7e Te\u015fkilat\u0131 taraf\u0131ndan kar\u015f\u0131lanan Ate\u015f, partililerle bir araya geldi. G\u00fcce il\u00e7esi ve k\u00f6ylerin sorunlar\u0131 hakk\u0131nda MHP \u0130l\u00e7e Ba\u015fkan\u0131 Hayrettin K\u0131l\u0131\u00e7tan bilgi alan Ate\u015f, Ba\u015fkan Hayrettin K\u0131l\u0131\u00e7\u2019a ve ekibine misafirperverli\u011finden dolay\u0131 te\u015fekk\u00fcr ederek \u00e7al\u0131\u015fmalar\u0131nda ba\u015far\u0131lar diledi.<\/p>\n\n\n\n<p>Anne taraf\u0131ndan G\u00fcceli olan \u00dclk\u00fc Ocaklar\u0131 Genel Ba\u015fkan\u0131 Sinan Ate\u015f, G\u00fcce il\u00e7esi ziyaretleri kapsam\u0131nda, il\u00e7eye ba\u011fl\u0131 Ak\u0131lbaba ve \u00c7al Oba yaylalar\u0131nda ziyaret etti.<\/p>\n\n\n\n<figure class=\"wp-block-image size-large\"><img loading=\"lazy\" decoding=\"async\" width=\"960\" height=\"650\" src=\"https:\/\/www.gucehaber.com\/wp-content\/uploads\/2020\/09\/mhp2.jpg\" alt=\"\" class=\"wp-image-152\" srcset=\"https:\/\/www.gucehaber.com\/wp-content\/uploads\/2020\/09\/mhp2.jpg 960w, https:\/\/www.gucehaber.com\/wp-content\/uploads\/2020\/09\/mhp2-300x203.jpg 300w, https:\/\/www.gucehaber.com\/wp-content\/uploads\/2020\/09\/mhp2-768x520.jpg 768w\" sizes=\"auto, (max-width: 960px) 100vw, 960px\" \/><\/figure>\n","protected":false},"excerpt":{"rendered":"<p>\u00dclk\u00fc Ocaklar\u0131 Genel Ba\u015fkan\u0131 Sinan Ate\u015f G\u00fcce Milliyet\u00e7i Hareket Partisi \u0130l\u00e7e Ba\u015fkanl\u0131\u011f\u0131n\u0131 ziyaret etti. \u00c7e\u015fitli programlara kat\u0131lmak \u00fczere Karadeniz\u2019e gelen \u00dclk\u00fc Ocaklar\u0131 Genel Ba\u015fkan\u0131 Dr. Sinan Ate\u015f, Ankara\u2019ya d\u00f6n\u00fc\u015f yolunda G\u00fcce il\u00e7esini de ziyaret etti. G\u00fcce il\u00e7esinde MHP \u0130l\u00e7e Te\u015fkilat\u0131 taraf\u0131ndan kar\u015f\u0131lanan Ate\u015f, partililerle bir araya geldi. G\u00fcce il\u00e7esi ve k\u00f6ylerin sorunlar\u0131 hakk\u0131nda MHP \u0130l\u00e7e [&hellip;]<\/p>\n","protected":false},"author":1,"featured_media":152,"comment_status":"open","ping_status":"open","sticky":false,"template":"","format":"standard","meta":{"footnotes":""},"categories":[7],"tags":[],"class_list":["post-150","post","type-post","status-publish","format-standard","has-post-thumbnail","hentry","category-guce"],"aioseo_notices":[],"_links":{"self":[{"href":"https:\/\/www.gucehaber.com\/index.php\/wp-json\/wp\/v2\/posts\/150","targetHints":{"allow":["GET"]}}],"collection":[{"href":"https:\/\/www.gucehaber.com\/index.php\/wp-json\/wp\/v2\/posts"}],"about":[{"href":"https:\/\/www.gucehaber.com\/index.php\/wp-json\/wp\/v2\/types\/post"}],"author":[{"embeddable":true,"href":"https:\/\/www.gucehaber.com\/index.php\/wp-json\/wp\/v2\/users\/1"}],"replies":[{"embeddable":true,"href":"https:\/\/www.gucehaber.com\/index.php\/wp-json\/wp\/v2\/comments?post=150"}],"version-history":[{"count":1,"href":"https:\/\/www.gucehaber.com\/index.php\/wp-json\/wp\/v2\/posts\/150\/revisions"}],"predecessor-version":[{"id":153,"href":"https:\/\/www.gucehaber.com\/index.php\/wp-json\/wp\/v2\/posts\/150\/revisions\/153"}],"wp:featuredmedia":[{"embeddable":true,"href":"https:\/\/www.gucehaber.com\/index.php\/wp-json\/wp\/v2\/media\/152"}],"wp:attachment":[{"href":"https:\/\/www.gucehaber.com\/index.php\/wp-json\/wp\/v2\/media?parent=150"}],"wp:term":[{"taxonomy":"category","embeddable":true,"href":"https:\/\/www.gucehaber.com\/index.php\/wp-json\/wp\/v2\/categories?post=150"},{"taxonomy":"post_tag","embeddable":true,"href":"https:\/\/www.gucehaber.com\/index.php\/wp-json\/wp\/v2\/tags?post=150"}],"curies":[{"name":"wp","href":"https:\/\/api.w.org\/{rel}","templated":true}]}}