{"id":1491,"date":"2025-02-22T14:55:11","date_gmt":"2025-02-22T14:55:11","guid":{"rendered":"https:\/\/www.gucehaber.com\/?p=1491"},"modified":"2025-02-22T14:57:57","modified_gmt":"2025-02-22T14:57:57","slug":"soguk-kis-gunlerinde-sokak-hayvanlarini-unutmayalim","status":"publish","type":"post","link":"https:\/\/www.gucehaber.com\/index.php\/2025\/02\/22\/soguk-kis-gunlerinde-sokak-hayvanlarini-unutmayalim\/","title":{"rendered":"\u2018So\u011fuk K\u0131\u015f G\u00fcnlerinde Sokak Hayvanlar\u0131n\u0131 Unutmayal\u0131m\u2019"},"content":{"rendered":"\n<p>T\u00fcrkiye genelinde oldu\u011fu gibi G\u00fcce il\u00e7esinde de so\u011fuk havalar\u0131n etkisini g\u00f6stermesiyle birlikte sokak ve yaban hayat\u0131ndaki hayvanlar da etkiliyor.<\/p>\n\n\n\n<figure class=\"wp-block-image size-full\"><img loading=\"lazy\" decoding=\"async\" width=\"672\" height=\"464\" src=\"https:\/\/www.gucehaber.com\/wp-content\/uploads\/2025\/02\/hayvanlar-1.jpg\" alt=\"\" class=\"wp-image-1495\" srcset=\"https:\/\/www.gucehaber.com\/wp-content\/uploads\/2025\/02\/hayvanlar-1.jpg 672w, https:\/\/www.gucehaber.com\/wp-content\/uploads\/2025\/02\/hayvanlar-1-300x207.jpg 300w\" sizes=\"auto, (max-width: 672px) 100vw, 672px\" \/><\/figure>\n\n\n\n<p>\u00a0\u00a0 Veteriner Hekim Mehmet Demir, bu s\u00fcre\u00e7te vatanda\u015flar\u0131n sokak hayvanlar\u0131 i\u00e7in neler yap\u0131lmas\u0131 gerekti\u011fini a\u00e7\u0131klad\u0131. Yo\u011fun kar ya\u011f\u0131\u015f\u0131n\u0131n ve dondurucu so\u011fuk havan\u0131n etkili oldu\u011fu G\u00fcce il\u00e7esinde do\u011fada bulunan hayvanlar\u0131n da bu durumdan olumsuz etkilendi\u011fini s\u00f6yledi.<\/p>\n\n\n\n<figure class=\"wp-block-image size-full\"><img loading=\"lazy\" decoding=\"async\" width=\"768\" height=\"1024\" src=\"https:\/\/www.gucehaber.com\/wp-content\/uploads\/2025\/02\/kop1.jpeg\" alt=\"\" class=\"wp-image-1493\" srcset=\"https:\/\/www.gucehaber.com\/wp-content\/uploads\/2025\/02\/kop1.jpeg 768w, https:\/\/www.gucehaber.com\/wp-content\/uploads\/2025\/02\/kop1-225x300.jpeg 225w\" sizes=\"auto, (max-width: 768px) 100vw, 768px\" \/><\/figure>\n\n\n\n<p>\u00a0 Hayvanlar\u0131n ula\u015fabilecekleri bir noktaya b\u0131rak\u0131lacak bir kap su ve maman\u0131n sokak hayvanlar\u0131n\u0131n k\u0131\u015f\u0131 ge\u00e7irebilmeleri i\u00e7in faydal\u0131 olabilece\u011fini ifade eden Demir,\u201d Beklenilen kara K\u0131\u015f nihayet geldi \u00e7att\u0131. Bu uzun ve so\u011fuk k\u0131\u015f g\u00fcnlerinde a\u00e7 kalan sokak hayvanlar\u0131na elimizden geldi\u011fince ev, i\u015f yeri sokak caddelerde yard\u0131mc\u0131 olal\u0131m. Sokak hayvanlar\u0131 yemek ve su ihtiya\u00e7lar\u0131n\u0131 kar\u015f\u0131layam\u0131yorlar. Halk\u0131m\u0131z, k\u0131\u015f boyunca yemek art\u0131klar\u0131n\u0131 \u00e7\u00f6pe atmas\u0131nlar. Hayvanlar\u0131n yemesi i\u00e7in po\u015fetlerin \u00fczerinde, eski kaplar\u0131n i\u00e7inde \u00e7\u00f6p kutular\u0131n\u0131n kenarlar\u0131na ve hayvanlar\u0131n yiyecek arayaca\u011f\u0131 yerlere koysunlar. Bu konuda vatanda\u015flar\u0131m\u0131z\u0131n duyarl\u0131 davranaca\u011f\u0131n\u0131 biliyoruz. Sokak hayvanlar\u0131 so\u011fuk ve karl\u0131 havalarda yiyecek bulmakta sorun ya\u015farlar. Hayvanlar\u0131n da ya\u015fam hakk\u0131 oldu\u011funu unutmayarak yiyecek yard\u0131m\u0131nda bulunmal\u0131y\u0131z. Sadece kedilere, k\u00f6peklere de\u011fil, t\u00fcm hayvanlara yard\u0131m elini uzatmal\u0131y\u0131z. \u00d6zellikle ku\u015flar i\u00e7in \u00e7\u00f6p kenarlar\u0131na kaplar\u0131n i\u00e7ine su konulmal\u0131d\u0131r. D\u0131\u015far\u0131da kar var suya gerek yok d\u00fc\u015f\u00fcncesi h\u00e2kim olmamal\u0131. D\u0131\u015far\u0131daki su dondu\u011fu i\u00e7in hayvanlar bu suyla ihtiya\u00e7lar\u0131n\u0131 kar\u015f\u0131layam\u0131yor. Bizler bu \u015fekilde davranarak hem b\u00fcy\u00fck bir sorumluluk \u00f6rne\u011fi sergilemi\u015f oluruz hem de bizden sonraki nesillere \u00f6rnek oluruz&#8221;\u00a0Dedi.<\/p>\n","protected":false},"excerpt":{"rendered":"<p>T\u00fcrkiye genelinde oldu\u011fu gibi G\u00fcce il\u00e7esinde de so\u011fuk havalar\u0131n etkisini g\u00f6stermesiyle birlikte sokak ve yaban hayat\u0131ndaki hayvanlar da etkiliyor. \u00a0\u00a0 Veteriner Hekim Mehmet Demir, bu s\u00fcre\u00e7te vatanda\u015flar\u0131n sokak hayvanlar\u0131 i\u00e7in neler yap\u0131lmas\u0131 gerekti\u011fini a\u00e7\u0131klad\u0131. Yo\u011fun kar ya\u011f\u0131\u015f\u0131n\u0131n ve dondurucu so\u011fuk havan\u0131n etkili oldu\u011fu G\u00fcce il\u00e7esinde do\u011fada bulunan hayvanlar\u0131n da bu durumdan olumsuz etkilendi\u011fini s\u00f6yledi. \u00a0 [&hellip;]<\/p>\n","protected":false},"author":1,"featured_media":1495,"comment_status":"open","ping_status":"open","sticky":false,"template":"","format":"standard","meta":{"footnotes":""},"categories":[7],"tags":[],"class_list":["post-1491","post","type-post","status-publish","format-standard","has-post-thumbnail","hentry","category-guce"],"aioseo_notices":[],"_links":{"self":[{"href":"https:\/\/www.gucehaber.com\/index.php\/wp-json\/wp\/v2\/posts\/1491","targetHints":{"allow":["GET"]}}],"collection":[{"href":"https:\/\/www.gucehaber.com\/index.php\/wp-json\/wp\/v2\/posts"}],"about":[{"href":"https:\/\/www.gucehaber.com\/index.php\/wp-json\/wp\/v2\/types\/post"}],"author":[{"embeddable":true,"href":"https:\/\/www.gucehaber.com\/index.php\/wp-json\/wp\/v2\/users\/1"}],"replies":[{"embeddable":true,"href":"https:\/\/www.gucehaber.com\/index.php\/wp-json\/wp\/v2\/comments?post=1491"}],"version-history":[{"count":2,"href":"https:\/\/www.gucehaber.com\/index.php\/wp-json\/wp\/v2\/posts\/1491\/revisions"}],"predecessor-version":[{"id":1496,"href":"https:\/\/www.gucehaber.com\/index.php\/wp-json\/wp\/v2\/posts\/1491\/revisions\/1496"}],"wp:featuredmedia":[{"embeddable":true,"href":"https:\/\/www.gucehaber.com\/index.php\/wp-json\/wp\/v2\/media\/1495"}],"wp:attachment":[{"href":"https:\/\/www.gucehaber.com\/index.php\/wp-json\/wp\/v2\/media?parent=1491"}],"wp:term":[{"taxonomy":"category","embeddable":true,"href":"https:\/\/www.gucehaber.com\/index.php\/wp-json\/wp\/v2\/categories?post=1491"},{"taxonomy":"post_tag","embeddable":true,"href":"https:\/\/www.gucehaber.com\/index.php\/wp-json\/wp\/v2\/tags?post=1491"}],"curies":[{"name":"wp","href":"https:\/\/api.w.org\/{rel}","templated":true}]}}