{"id":1425,"date":"2024-10-26T15:17:53","date_gmt":"2024-10-26T15:17:53","guid":{"rendered":"https:\/\/www.gucehaber.com\/?p=1425"},"modified":"2024-10-26T15:17:54","modified_gmt":"2024-10-26T15:17:54","slug":"yaylada-karda-mahsur-kalanlar-kurtarildi","status":"publish","type":"post","link":"https:\/\/www.gucehaber.com\/index.php\/2024\/10\/26\/yaylada-karda-mahsur-kalanlar-kurtarildi\/","title":{"rendered":"Yaylada Karda Mahsur Kalanlar Kurtar\u0131ld\u0131"},"content":{"rendered":"\n<p>G\u00fcce il\u00e7esinde yo\u011fun kar ya\u011f\u0131\u015f\u0131 nedeniyle yaylada mahsur kalan vatanda\u015flar, karla m\u00fccadele ekiplerinin \u00e7al\u0131\u015fmalar\u0131yla kurtar\u0131ld\u0131.<\/p>\n\n\n\n<figure class=\"wp-block-image size-large\"><img loading=\"lazy\" decoding=\"async\" width=\"1024\" height=\"769\" src=\"https:\/\/www.gucehaber.com\/wp-content\/uploads\/2024\/10\/kar1-1024x769.jpg\" alt=\"\" class=\"wp-image-1426\" srcset=\"https:\/\/www.gucehaber.com\/wp-content\/uploads\/2024\/10\/kar1-1024x769.jpg 1024w, https:\/\/www.gucehaber.com\/wp-content\/uploads\/2024\/10\/kar1-300x225.jpg 300w, https:\/\/www.gucehaber.com\/wp-content\/uploads\/2024\/10\/kar1-768x577.jpg 768w, https:\/\/www.gucehaber.com\/wp-content\/uploads\/2024\/10\/kar1-1536x1154.jpg 1536w, https:\/\/www.gucehaber.com\/wp-content\/uploads\/2024\/10\/kar1.jpg 2048w\" sizes=\"auto, (max-width: 1024px) 100vw, 1024px\" \/><\/figure>\n\n\n\n<p>\u00a0G\u00fcce<strong> <\/strong>il\u00e7esine  ba\u011fl\u0131 Yayla obalar\u0131nda hayvanc\u0131l\u0131k yapan vatanda\u015flar, erken gelen kar ya\u011f\u0131\u015f\u0131 nedeniyle yollar\u0131n kapanmas\u0131 sonucu yaylada mahsur kald\u0131.<\/p>\n\n\n\n<figure class=\"wp-block-image size-large\"><img loading=\"lazy\" decoding=\"async\" width=\"779\" height=\"1024\" src=\"https:\/\/www.gucehaber.com\/wp-content\/uploads\/2024\/10\/464755733_10233801937414901_5097155425841640209_n-779x1024.jpg\" alt=\"\" class=\"wp-image-1427\" srcset=\"https:\/\/www.gucehaber.com\/wp-content\/uploads\/2024\/10\/464755733_10233801937414901_5097155425841640209_n-779x1024.jpg 779w, https:\/\/www.gucehaber.com\/wp-content\/uploads\/2024\/10\/464755733_10233801937414901_5097155425841640209_n-228x300.jpg 228w, https:\/\/www.gucehaber.com\/wp-content\/uploads\/2024\/10\/464755733_10233801937414901_5097155425841640209_n-768x1010.jpg 768w, https:\/\/www.gucehaber.com\/wp-content\/uploads\/2024\/10\/464755733_10233801937414901_5097155425841640209_n-1168x1536.jpg 1168w, https:\/\/www.gucehaber.com\/wp-content\/uploads\/2024\/10\/464755733_10233801937414901_5097155425841640209_n.jpg 1242w\" sizes=\"auto, (max-width: 779px) 100vw, 779px\" \/><\/figure>\n\n\n\n<p>\u00a0\u00a0Yayla yolar\u0131na sevk edilen karla m\u00fccadele ekipleri, yolu ula\u015f\u0131ma a\u00e7mak i\u00e7in \u00e7al\u0131\u015fma ba\u015flatt\u0131. Ekiplerin yo\u011fun \u00e7abas\u0131 sonucunda mahsur kalan vatanda\u015flar\u0131n kapal\u0131 yollar\u0131 a\u00e7\u0131ld\u0131.\u00a0<\/p>\n\n\n\n<figure class=\"wp-block-image size-large\"><img loading=\"lazy\" decoding=\"async\" width=\"773\" height=\"1024\" src=\"https:\/\/www.gucehaber.com\/wp-content\/uploads\/2024\/10\/464519400_10233801937054892_7148571537026269541_n-773x1024.jpg\" alt=\"\" class=\"wp-image-1428\" srcset=\"https:\/\/www.gucehaber.com\/wp-content\/uploads\/2024\/10\/464519400_10233801937054892_7148571537026269541_n-773x1024.jpg 773w, https:\/\/www.gucehaber.com\/wp-content\/uploads\/2024\/10\/464519400_10233801937054892_7148571537026269541_n-227x300.jpg 227w, https:\/\/www.gucehaber.com\/wp-content\/uploads\/2024\/10\/464519400_10233801937054892_7148571537026269541_n-768x1017.jpg 768w, https:\/\/www.gucehaber.com\/wp-content\/uploads\/2024\/10\/464519400_10233801937054892_7148571537026269541_n-1160x1536.jpg 1160w, https:\/\/www.gucehaber.com\/wp-content\/uploads\/2024\/10\/464519400_10233801937054892_7148571537026269541_n.jpg 1242w\" sizes=\"auto, (max-width: 773px) 100vw, 773px\" \/><\/figure>\n\n\n\n<p>Ekiplerin \u00f6zverili \u00e7al\u0131\u015fmalar\u0131 sayesinde yo\u011fun kar ya\u011f\u0131\u015f\u0131 sonucu ula\u015f\u0131ma kapanan yollar h\u0131zla a\u00e7\u0131larak, b\u00f6lgede mahsur kalan t\u00fcm vatanda\u015flar\u0131n g\u00fcvenli bir \u015fekilde k\u00f6ylerine inmeleri sa\u011fland\u0131.<\/p>\n","protected":false},"excerpt":{"rendered":"<p>G\u00fcce il\u00e7esinde yo\u011fun kar ya\u011f\u0131\u015f\u0131 nedeniyle yaylada mahsur kalan vatanda\u015flar, karla m\u00fccadele ekiplerinin \u00e7al\u0131\u015fmalar\u0131yla kurtar\u0131ld\u0131. \u00a0G\u00fcce il\u00e7esine ba\u011fl\u0131 Yayla obalar\u0131nda hayvanc\u0131l\u0131k yapan vatanda\u015flar, erken gelen kar ya\u011f\u0131\u015f\u0131 nedeniyle yollar\u0131n kapanmas\u0131 sonucu yaylada mahsur kald\u0131. \u00a0\u00a0Yayla yolar\u0131na sevk edilen karla m\u00fccadele ekipleri, yolu ula\u015f\u0131ma a\u00e7mak i\u00e7in \u00e7al\u0131\u015fma ba\u015flatt\u0131. Ekiplerin yo\u011fun \u00e7abas\u0131 sonucunda mahsur kalan vatanda\u015flar\u0131n kapal\u0131 [&hellip;]<\/p>\n","protected":false},"author":1,"featured_media":1426,"comment_status":"open","ping_status":"open","sticky":false,"template":"","format":"standard","meta":{"footnotes":""},"categories":[7],"tags":[],"class_list":["post-1425","post","type-post","status-publish","format-standard","has-post-thumbnail","hentry","category-guce"],"aioseo_notices":[],"_links":{"self":[{"href":"https:\/\/www.gucehaber.com\/index.php\/wp-json\/wp\/v2\/posts\/1425","targetHints":{"allow":["GET"]}}],"collection":[{"href":"https:\/\/www.gucehaber.com\/index.php\/wp-json\/wp\/v2\/posts"}],"about":[{"href":"https:\/\/www.gucehaber.com\/index.php\/wp-json\/wp\/v2\/types\/post"}],"author":[{"embeddable":true,"href":"https:\/\/www.gucehaber.com\/index.php\/wp-json\/wp\/v2\/users\/1"}],"replies":[{"embeddable":true,"href":"https:\/\/www.gucehaber.com\/index.php\/wp-json\/wp\/v2\/comments?post=1425"}],"version-history":[{"count":1,"href":"https:\/\/www.gucehaber.com\/index.php\/wp-json\/wp\/v2\/posts\/1425\/revisions"}],"predecessor-version":[{"id":1429,"href":"https:\/\/www.gucehaber.com\/index.php\/wp-json\/wp\/v2\/posts\/1425\/revisions\/1429"}],"wp:featuredmedia":[{"embeddable":true,"href":"https:\/\/www.gucehaber.com\/index.php\/wp-json\/wp\/v2\/media\/1426"}],"wp:attachment":[{"href":"https:\/\/www.gucehaber.com\/index.php\/wp-json\/wp\/v2\/media?parent=1425"}],"wp:term":[{"taxonomy":"category","embeddable":true,"href":"https:\/\/www.gucehaber.com\/index.php\/wp-json\/wp\/v2\/categories?post=1425"},{"taxonomy":"post_tag","embeddable":true,"href":"https:\/\/www.gucehaber.com\/index.php\/wp-json\/wp\/v2\/tags?post=1425"}],"curies":[{"name":"wp","href":"https:\/\/api.w.org\/{rel}","templated":true}]}}