{"id":136,"date":"2019-11-20T19:47:00","date_gmt":"2019-11-20T19:47:00","guid":{"rendered":"https:\/\/www.gucehaber.com\/?p=136"},"modified":"2020-09-08T19:49:33","modified_gmt":"2020-09-08T19:49:33","slug":"gucede-peygamber-ve-aile-konulu-konferans","status":"publish","type":"post","link":"https:\/\/www.gucehaber.com\/index.php\/2019\/11\/20\/gucede-peygamber-ve-aile-konulu-konferans\/","title":{"rendered":"G\u00fcce\u2019de \u201cPeygamber ve Aile\u201d Konulu Konferans"},"content":{"rendered":"\n<p>G\u00fcce\u2019de \u201cPeygamber ve Aile\u201d Konulu Konferans.G\u00fcce il\u00e7esinde kad\u0131nlara ve \u00f6\u011frencilere y\u00f6nelik \u201cPeygamber ve Aile\u201d konulu konferans d\u00fczenlendi.<\/p>\n\n\n\n<p>Mevlid-\u0130 Nebi Haftas\u0131 dolay\u0131s\u0131yla G\u00fcce M\u00fcft\u00fcl\u00fc\u011f\u00fc taraf\u0131ndan m\u00fcft\u00fcl\u00fck sitesi toplant\u0131 salonunda \u201cPeygamberimiz ve Aile\u201d konulu konferans d\u00fczenlendi.Sayg\u0131 duru\u015funda bulunulmas\u0131 ve \u0130stiklal Mar\u015f\u0131\u2019n\u0131n okunmas\u0131yla ba\u015flayan program Kuran-\u0131 Kerim tilaveti, ilahiler ve slayt g\u00f6sterimiyle devam etti.\u0130l vaizesi Fatma Albayrak, Hz. Peygamber ve Aile\u2019 konulu konferansta, ailelerin rol model olarak Peygamber Efendimiz ve sahabeleri \u00f6rnek almas\u0131 gerekti\u011fini s\u00f6yledi.<\/p>\n\n\n\n<p>\u0130slam\u2019\u0131 de\u011ferlere ba\u011fl\u0131, vatan\u0131n\u0131 ve milletini seven gen\u00e7lerin yeti\u015ftirilmesi gerekti\u011fini belirten Albayrak,\u201d Ant olsun size i\u00e7inizden \u00f6yle bir Peygamber gelmi\u015ftir ki, sizin s\u0131k\u0131nt\u0131ya d\u00fc\u015fmeniz ona \u00e7ok a\u011f\u0131r gelir. O size \u00e7ok d\u00fc\u015fk\u00fcn, m\u00fcminlere kar\u015f\u0131 \u00e7ok \u015fefkatli ve merhametlidir. Peygamberimiz ailesine kar\u015f\u0131 \u00e7ok nazik ve \u015fefkatli idi. Kur\u2019an aileyi anne babadan de\u011fil, dededen ba\u015flat\u0131yor. Hepimizin sahibi Allah (cc) dir. Hakk\u0131m\u0131z\u0131 ve haddimizi iyi bilelim. Peygamber efendimiz kimseyi k\u0131rmaz, incitmezdi. Ailesine kar\u015f\u0131 sab\u0131rl\u0131, ho\u015fg\u00f6r\u00fcl\u00fc idi\u201d diye konu\u015ftu.<\/p>\n\n\n\n<p>Mevlid-\u0130 Nebi Haftas\u0131 dolay\u0131s\u0131yla m\u00fcft\u00fcl\u00fck sitesi toplant\u0131 salonunda, il vaizesi Fatma Albayrak ve Zeynep Karaman konu\u015fmac\u0131 olarak kat\u0131ld\u0131\u011f\u0131 \u201cPeygamberimiz ve Aile\u201d konulu konferansa. bayanlar, bayan \u00f6\u011fretmenler ve k\u0131z \u00f6\u011frenciler kat\u0131ld\u0131.<\/p>\n\n\n\n<figure class=\"wp-block-image size-large\"><img loading=\"lazy\" decoding=\"async\" width=\"1024\" height=\"683\" src=\"https:\/\/www.gucehaber.com\/wp-content\/uploads\/2020\/09\/IMG_1158-1024x683-1.jpg\" alt=\"\" class=\"wp-image-137\" srcset=\"https:\/\/www.gucehaber.com\/wp-content\/uploads\/2020\/09\/IMG_1158-1024x683-1.jpg 1024w, https:\/\/www.gucehaber.com\/wp-content\/uploads\/2020\/09\/IMG_1158-1024x683-1-300x200.jpg 300w, https:\/\/www.gucehaber.com\/wp-content\/uploads\/2020\/09\/IMG_1158-1024x683-1-768x512.jpg 768w\" sizes=\"auto, (max-width: 1024px) 100vw, 1024px\" \/><\/figure>\n","protected":false},"excerpt":{"rendered":"<p>G\u00fcce\u2019de \u201cPeygamber ve Aile\u201d Konulu Konferans.G\u00fcce il\u00e7esinde kad\u0131nlara ve \u00f6\u011frencilere y\u00f6nelik \u201cPeygamber ve Aile\u201d konulu konferans d\u00fczenlendi. Mevlid-\u0130 Nebi Haftas\u0131 dolay\u0131s\u0131yla G\u00fcce M\u00fcft\u00fcl\u00fc\u011f\u00fc taraf\u0131ndan m\u00fcft\u00fcl\u00fck sitesi toplant\u0131 salonunda \u201cPeygamberimiz ve Aile\u201d konulu konferans d\u00fczenlendi.Sayg\u0131 duru\u015funda bulunulmas\u0131 ve \u0130stiklal Mar\u015f\u0131\u2019n\u0131n okunmas\u0131yla ba\u015flayan program Kuran-\u0131 Kerim tilaveti, ilahiler ve slayt g\u00f6sterimiyle devam etti.\u0130l vaizesi Fatma Albayrak, Hz. [&hellip;]<\/p>\n","protected":false},"author":1,"featured_media":137,"comment_status":"open","ping_status":"open","sticky":false,"template":"","format":"standard","meta":{"footnotes":""},"categories":[7],"tags":[],"class_list":["post-136","post","type-post","status-publish","format-standard","has-post-thumbnail","hentry","category-guce"],"aioseo_notices":[],"_links":{"self":[{"href":"https:\/\/www.gucehaber.com\/index.php\/wp-json\/wp\/v2\/posts\/136","targetHints":{"allow":["GET"]}}],"collection":[{"href":"https:\/\/www.gucehaber.com\/index.php\/wp-json\/wp\/v2\/posts"}],"about":[{"href":"https:\/\/www.gucehaber.com\/index.php\/wp-json\/wp\/v2\/types\/post"}],"author":[{"embeddable":true,"href":"https:\/\/www.gucehaber.com\/index.php\/wp-json\/wp\/v2\/users\/1"}],"replies":[{"embeddable":true,"href":"https:\/\/www.gucehaber.com\/index.php\/wp-json\/wp\/v2\/comments?post=136"}],"version-history":[{"count":1,"href":"https:\/\/www.gucehaber.com\/index.php\/wp-json\/wp\/v2\/posts\/136\/revisions"}],"predecessor-version":[{"id":138,"href":"https:\/\/www.gucehaber.com\/index.php\/wp-json\/wp\/v2\/posts\/136\/revisions\/138"}],"wp:featuredmedia":[{"embeddable":true,"href":"https:\/\/www.gucehaber.com\/index.php\/wp-json\/wp\/v2\/media\/137"}],"wp:attachment":[{"href":"https:\/\/www.gucehaber.com\/index.php\/wp-json\/wp\/v2\/media?parent=136"}],"wp:term":[{"taxonomy":"category","embeddable":true,"href":"https:\/\/www.gucehaber.com\/index.php\/wp-json\/wp\/v2\/categories?post=136"},{"taxonomy":"post_tag","embeddable":true,"href":"https:\/\/www.gucehaber.com\/index.php\/wp-json\/wp\/v2\/tags?post=136"}],"curies":[{"name":"wp","href":"https:\/\/api.w.org\/{rel}","templated":true}]}}