{"id":1316,"date":"2024-04-23T18:01:34","date_gmt":"2024-04-23T18:01:34","guid":{"rendered":"https:\/\/www.gucehaber.com\/?p=1316"},"modified":"2024-04-23T18:01:35","modified_gmt":"2024-04-23T18:01:35","slug":"23-nisan-gucede-coskuyla-kutlandi","status":"publish","type":"post","link":"https:\/\/www.gucehaber.com\/index.php\/2024\/04\/23\/23-nisan-gucede-coskuyla-kutlandi\/","title":{"rendered":"\u00a023 Nisan G\u00fcce\u2019de \u00c7o\u015fkuyla Kutland\u0131"},"content":{"rendered":"\n<p>G\u00fcce&#8217;de, 23 Nisan Ulusal Egemenlik ve \u00c7ocuk Bayram\u0131 \u00c7o\u015fkuyla Kutland\u0131<\/p>\n\n\n\n<figure class=\"wp-block-gallery has-nested-images columns-default is-cropped wp-block-gallery-1 is-layout-flex wp-block-gallery-is-layout-flex\">\n<figure class=\"wp-block-image size-large\"><img loading=\"lazy\" decoding=\"async\" width=\"1024\" height=\"683\" data-id=\"1317\" src=\"https:\/\/www.gucehaber.com\/wp-content\/uploads\/2024\/04\/IMG_9390-1024x683.jpg\" alt=\"\" class=\"wp-image-1317\" srcset=\"https:\/\/www.gucehaber.com\/wp-content\/uploads\/2024\/04\/IMG_9390-1024x683.jpg 1024w, https:\/\/www.gucehaber.com\/wp-content\/uploads\/2024\/04\/IMG_9390-300x200.jpg 300w, https:\/\/www.gucehaber.com\/wp-content\/uploads\/2024\/04\/IMG_9390-768x512.jpg 768w, https:\/\/www.gucehaber.com\/wp-content\/uploads\/2024\/04\/IMG_9390.jpg 1152w\" sizes=\"auto, (max-width: 1024px) 100vw, 1024px\" \/><\/figure>\n<\/figure>\n\n\n\n<p>23 Nisan Ulusal Egemenlik ve \u00c7ocuk Bayram\u0131 etkinlikleri kapsam\u0131nda G\u00fcce&#8217;de t\u00f6ren d\u00fczenlendi.<\/p>\n\n\n\n<figure class=\"wp-block-gallery has-nested-images columns-default is-cropped wp-block-gallery-2 is-layout-flex wp-block-gallery-is-layout-flex\">\n<figure class=\"wp-block-image size-large\"><img loading=\"lazy\" decoding=\"async\" width=\"1024\" height=\"683\" data-id=\"1318\" src=\"https:\/\/www.gucehaber.com\/wp-content\/uploads\/2024\/04\/IMG_9481-1024x683.jpg\" alt=\"\" class=\"wp-image-1318\" srcset=\"https:\/\/www.gucehaber.com\/wp-content\/uploads\/2024\/04\/IMG_9481-1024x683.jpg 1024w, https:\/\/www.gucehaber.com\/wp-content\/uploads\/2024\/04\/IMG_9481-300x200.jpg 300w, https:\/\/www.gucehaber.com\/wp-content\/uploads\/2024\/04\/IMG_9481-768x512.jpg 768w, https:\/\/www.gucehaber.com\/wp-content\/uploads\/2024\/04\/IMG_9481.jpg 1152w\" sizes=\"auto, (max-width: 1024px) 100vw, 1024px\" \/><\/figure>\n<\/figure>\n\n\n\n<p>Belediye Meydan\u0131&#8217;ndaki Atat\u00fcrk an\u0131t\u0131na \u00e7elenklerin sunulmas\u0131n\u0131n ard\u0131ndan t\u00f6ren,\u00a0G\u00fcce \u0130l\u00e7e Stad\u0131nda devam edildi.<\/p>\n\n\n\n<figure class=\"wp-block-image size-large\"><img loading=\"lazy\" decoding=\"async\" width=\"1024\" height=\"683\" src=\"https:\/\/www.gucehaber.com\/wp-content\/uploads\/2024\/04\/IMG_9500-1024x683.jpg\" alt=\"\" class=\"wp-image-1319\" srcset=\"https:\/\/www.gucehaber.com\/wp-content\/uploads\/2024\/04\/IMG_9500-1024x683.jpg 1024w, https:\/\/www.gucehaber.com\/wp-content\/uploads\/2024\/04\/IMG_9500-300x200.jpg 300w, https:\/\/www.gucehaber.com\/wp-content\/uploads\/2024\/04\/IMG_9500-768x512.jpg 768w, https:\/\/www.gucehaber.com\/wp-content\/uploads\/2024\/04\/IMG_9500.jpg 1152w\" sizes=\"auto, (max-width: 1024px) 100vw, 1024px\" \/><\/figure>\n\n\n\n<p>\u00a0G\u00fcce \u0130l\u00e7e Milli E\u011fitim M\u00fcd\u00fcr\u00fc Kahir Al, g\u00fcn\u00fcn anlam ve \u00f6nemini belirten konu\u015fmas\u0131nda, 23 Nisan Ulusal Egemenlik ve \u00c7ocuk Bayram\u0131&#8217;n\u0131n b\u00fcy\u00fck bir co\u015fkuyla kutland\u0131\u011f\u0131n\u0131 s\u00f6yledi. Al, Cumhuriyetin kurucusu b\u00fcy\u00fck \u00f6nder\u00a0Mustafa Kemal Atat\u00fcrk&#8217;\u00fcn, yar\u0131nlar\u0131n g\u00fcvencesi olan \u00e7ocuklara hediye etti\u011fi 23 Nisan&#8217;\u0131n hem d\u00fcnyada bir ilk olu\u015fturdu\u011funu, hem de gelece\u011fin Cumhuriyet nesillerine, Atat\u00fcrk&#8217;\u00fcn verdi\u011fi \u00f6nemi ifade etti\u011fini belirtti.<\/p>\n\n\n\n<figure class=\"wp-block-image size-large\"><img loading=\"lazy\" decoding=\"async\" width=\"1024\" height=\"683\" src=\"https:\/\/www.gucehaber.com\/wp-content\/uploads\/2024\/04\/IMG_9512-1024x683.jpg\" alt=\"\" class=\"wp-image-1320\" srcset=\"https:\/\/www.gucehaber.com\/wp-content\/uploads\/2024\/04\/IMG_9512-1024x683.jpg 1024w, https:\/\/www.gucehaber.com\/wp-content\/uploads\/2024\/04\/IMG_9512-300x200.jpg 300w, https:\/\/www.gucehaber.com\/wp-content\/uploads\/2024\/04\/IMG_9512-768x512.jpg 768w, https:\/\/www.gucehaber.com\/wp-content\/uploads\/2024\/04\/IMG_9512.jpg 1152w\" sizes=\"auto, (max-width: 1024px) 100vw, 1024px\" \/><\/figure>\n\n\n\n<p>T\u00f6ren, \u00f6\u011frencilerin \u015fiirler okumas\u0131, yar\u0131\u015fmalarda dereceye giren \u00f6\u011frencilere \u00f6d\u00fcllerinin verilmesi ve t\u00fcrk\u00fc \u015f\u00f6leninin ard\u0131ndan sona erdi.<\/p>\n\n\n\n<figure class=\"wp-block-image size-large\"><img loading=\"lazy\" decoding=\"async\" width=\"1024\" height=\"683\" src=\"https:\/\/www.gucehaber.com\/wp-content\/uploads\/2024\/04\/IMG_9406-1024x683.jpg\" alt=\"\" class=\"wp-image-1321\" srcset=\"https:\/\/www.gucehaber.com\/wp-content\/uploads\/2024\/04\/IMG_9406-1024x683.jpg 1024w, https:\/\/www.gucehaber.com\/wp-content\/uploads\/2024\/04\/IMG_9406-300x200.jpg 300w, https:\/\/www.gucehaber.com\/wp-content\/uploads\/2024\/04\/IMG_9406-768x512.jpg 768w, https:\/\/www.gucehaber.com\/wp-content\/uploads\/2024\/04\/IMG_9406.jpg 1152w\" sizes=\"auto, (max-width: 1024px) 100vw, 1024px\" \/><\/figure>\n\n\n\n<p>\u0130l\u00e7e Stad\u0131nda yap\u0131lan t\u00f6rene, \u0130l\u00e7e Kaymakam\u0131 Muhammet Ali Bayraktar, Belediye Ba\u015fkan\u0131 Aytekin Boduro\u011flu, Emniyet Amiri Orhan \u00d6zkul, \u0130l\u00e7e Jandarma Komutan\u0131 Enis Aksoy, Okul M\u00fcd\u00fcrleri, daire amirleri, \u00f6\u011fretmenler, \u00f6\u011frenciler ve \u00e7ok say\u0131da vatanda\u015flar kat\u0131ld\u0131.<\/p>\n\n\n\n<figure class=\"wp-block-image size-large\"><img loading=\"lazy\" decoding=\"async\" width=\"1024\" height=\"683\" src=\"https:\/\/www.gucehaber.com\/wp-content\/uploads\/2024\/04\/IMG_9410-1024x683.jpg\" alt=\"\" class=\"wp-image-1322\" srcset=\"https:\/\/www.gucehaber.com\/wp-content\/uploads\/2024\/04\/IMG_9410-1024x683.jpg 1024w, https:\/\/www.gucehaber.com\/wp-content\/uploads\/2024\/04\/IMG_9410-300x200.jpg 300w, https:\/\/www.gucehaber.com\/wp-content\/uploads\/2024\/04\/IMG_9410-768x512.jpg 768w, https:\/\/www.gucehaber.com\/wp-content\/uploads\/2024\/04\/IMG_9410.jpg 1152w\" sizes=\"auto, (max-width: 1024px) 100vw, 1024px\" \/><\/figure>\n","protected":false},"excerpt":{"rendered":"<p>G\u00fcce&#8217;de, 23 Nisan Ulusal Egemenlik ve \u00c7ocuk Bayram\u0131 \u00c7o\u015fkuyla Kutland\u0131 23 Nisan Ulusal Egemenlik ve \u00c7ocuk Bayram\u0131 etkinlikleri kapsam\u0131nda G\u00fcce&#8217;de t\u00f6ren d\u00fczenlendi. Belediye Meydan\u0131&#8217;ndaki Atat\u00fcrk an\u0131t\u0131na \u00e7elenklerin sunulmas\u0131n\u0131n ard\u0131ndan t\u00f6ren,\u00a0G\u00fcce \u0130l\u00e7e Stad\u0131nda devam edildi. \u00a0G\u00fcce \u0130l\u00e7e Milli E\u011fitim M\u00fcd\u00fcr\u00fc Kahir Al, g\u00fcn\u00fcn anlam ve \u00f6nemini belirten konu\u015fmas\u0131nda, 23 Nisan Ulusal Egemenlik ve \u00c7ocuk Bayram\u0131&#8217;n\u0131n b\u00fcy\u00fck [&hellip;]<\/p>\n","protected":false},"author":1,"featured_media":1317,"comment_status":"open","ping_status":"open","sticky":false,"template":"","format":"standard","meta":{"footnotes":""},"categories":[8,7],"tags":[],"class_list":["post-1316","post","type-post","status-publish","format-standard","has-post-thumbnail","hentry","category-giresun","category-guce"],"aioseo_notices":[],"_links":{"self":[{"href":"https:\/\/www.gucehaber.com\/index.php\/wp-json\/wp\/v2\/posts\/1316","targetHints":{"allow":["GET"]}}],"collection":[{"href":"https:\/\/www.gucehaber.com\/index.php\/wp-json\/wp\/v2\/posts"}],"about":[{"href":"https:\/\/www.gucehaber.com\/index.php\/wp-json\/wp\/v2\/types\/post"}],"author":[{"embeddable":true,"href":"https:\/\/www.gucehaber.com\/index.php\/wp-json\/wp\/v2\/users\/1"}],"replies":[{"embeddable":true,"href":"https:\/\/www.gucehaber.com\/index.php\/wp-json\/wp\/v2\/comments?post=1316"}],"version-history":[{"count":1,"href":"https:\/\/www.gucehaber.com\/index.php\/wp-json\/wp\/v2\/posts\/1316\/revisions"}],"predecessor-version":[{"id":1323,"href":"https:\/\/www.gucehaber.com\/index.php\/wp-json\/wp\/v2\/posts\/1316\/revisions\/1323"}],"wp:featuredmedia":[{"embeddable":true,"href":"https:\/\/www.gucehaber.com\/index.php\/wp-json\/wp\/v2\/media\/1317"}],"wp:attachment":[{"href":"https:\/\/www.gucehaber.com\/index.php\/wp-json\/wp\/v2\/media?parent=1316"}],"wp:term":[{"taxonomy":"category","embeddable":true,"href":"https:\/\/www.gucehaber.com\/index.php\/wp-json\/wp\/v2\/categories?post=1316"},{"taxonomy":"post_tag","embeddable":true,"href":"https:\/\/www.gucehaber.com\/index.php\/wp-json\/wp\/v2\/tags?post=1316"}],"curies":[{"name":"wp","href":"https:\/\/api.w.org\/{rel}","templated":true}]}}