{"id":1251,"date":"2023-10-25T19:19:28","date_gmt":"2023-10-25T19:19:28","guid":{"rendered":"https:\/\/www.gucehaber.com\/?p=1251"},"modified":"2023-10-25T19:19:29","modified_gmt":"2023-10-25T19:19:29","slug":"saban-kale-sehitleri-icin-vefa-yuruyusu-duzenlendi","status":"publish","type":"post","link":"https:\/\/www.gucehaber.com\/index.php\/2023\/10\/25\/saban-kale-sehitleri-icin-vefa-yuruyusu-duzenlendi\/","title":{"rendered":"\u015eaban Kale \u015eehitleri \u0130\u00e7in Vefa Y\u00fcr\u00fcy\u00fc\u015f\u00fc D\u00fczenlendi"},"content":{"rendered":"\n<p>G\u00fcce\u2019de Osmanl\u0131-Rus sava\u015f\u0131nda askerlerin \u015fehit oldu\u011fu \u015eaban Kale\u2019sine y\u00fczlerce ki\u015finin kat\u0131l\u0131m\u0131yla vefa y\u00fcr\u00fcy\u00fc\u015f\u00fc d\u00fczenlendi.<\/p>\n\n\n\n<figure class=\"wp-block-image size-large\"><img loading=\"lazy\" decoding=\"async\" width=\"1024\" height=\"683\" src=\"https:\/\/www.gucehaber.com\/wp-content\/uploads\/2023\/10\/IMG_9064-1024x683.jpg\" alt=\"\" class=\"wp-image-1252\" srcset=\"https:\/\/www.gucehaber.com\/wp-content\/uploads\/2023\/10\/IMG_9064-1024x683.jpg 1024w, https:\/\/www.gucehaber.com\/wp-content\/uploads\/2023\/10\/IMG_9064-300x200.jpg 300w, https:\/\/www.gucehaber.com\/wp-content\/uploads\/2023\/10\/IMG_9064-768x512.jpg 768w, https:\/\/www.gucehaber.com\/wp-content\/uploads\/2023\/10\/IMG_9064.jpg 1152w\" sizes=\"auto, (max-width: 1024px) 100vw, 1024px\" \/><\/figure>\n\n\n\n<p>\u00a0 T\u00fcrkiye Cumhuriyetinin kurulu\u015funun 100. Y\u0131l\u0131 m\u00fcnasebetiyle Giresun Gen\u00e7lik ve Spor \u0130l M\u00fcd\u00fcrl\u00fc\u011f\u00fc \u00f6nc\u00fcl\u00fc\u011f\u00fcnde \u015eaban Kale \u015fehitleri i\u00e7in Vefa y\u00fcr\u00fcy\u00fc\u015f\u00fc d\u00fczenlendi.<\/p>\n\n\n\n<figure class=\"wp-block-image size-large\"><img loading=\"lazy\" decoding=\"async\" width=\"1024\" height=\"683\" src=\"https:\/\/www.gucehaber.com\/wp-content\/uploads\/2023\/10\/IMG_9069-1024x683.jpg\" alt=\"\" class=\"wp-image-1253\" srcset=\"https:\/\/www.gucehaber.com\/wp-content\/uploads\/2023\/10\/IMG_9069-1024x683.jpg 1024w, https:\/\/www.gucehaber.com\/wp-content\/uploads\/2023\/10\/IMG_9069-300x200.jpg 300w, https:\/\/www.gucehaber.com\/wp-content\/uploads\/2023\/10\/IMG_9069-768x512.jpg 768w, https:\/\/www.gucehaber.com\/wp-content\/uploads\/2023\/10\/IMG_9069.jpg 1152w\" sizes=\"auto, (max-width: 1024px) 100vw, 1024px\" \/><\/figure>\n\n\n\n<p>\u00a0\u00a0 G\u00fcce il\u00e7esinde, 1917-1918 Osmanl\u0131-Rus Sava\u015f\u0131&#8217;nda Har\u015fit savunmas\u0131n\u0131n yap\u0131ld\u0131\u011f\u0131 alanlardan \u015eaban Kalesi&#8217;nde \u015fehit d\u00fc\u015fen askerler i\u00e7in d\u00fczenlenen y\u00fcr\u00fcy\u00fc\u015f, 2 kilometrelik g\u00fczergahta ger\u00e7ekle\u015ftirildi.<\/p>\n\n\n\n<figure class=\"wp-block-image size-large\"><img loading=\"lazy\" decoding=\"async\" width=\"1024\" height=\"683\" src=\"https:\/\/www.gucehaber.com\/wp-content\/uploads\/2023\/10\/IMG_9084-1024x683.jpg\" alt=\"\" class=\"wp-image-1254\" srcset=\"https:\/\/www.gucehaber.com\/wp-content\/uploads\/2023\/10\/IMG_9084-1024x683.jpg 1024w, https:\/\/www.gucehaber.com\/wp-content\/uploads\/2023\/10\/IMG_9084-300x200.jpg 300w, https:\/\/www.gucehaber.com\/wp-content\/uploads\/2023\/10\/IMG_9084-768x512.jpg 768w, https:\/\/www.gucehaber.com\/wp-content\/uploads\/2023\/10\/IMG_9084.jpg 1152w\" sizes=\"auto, (max-width: 1024px) 100vw, 1024px\" \/><\/figure>\n\n\n\n<p>Giyimli Mahallesi G\u00fcvendik mevkiinde toplanan kat\u0131l\u0131mc\u0131lar, \u015eaban Kalesi&#8217;ne kadar s\u00fcren y\u00fcr\u00fcy\u00fc\u015f sonunda sayg\u0131 duru\u015funda bulundu, \u0130stiklal Mar\u015f\u0131&#8217;n\u0131 okudu.<\/p>\n\n\n\n<figure class=\"wp-block-image size-large\"><img loading=\"lazy\" decoding=\"async\" width=\"1024\" height=\"683\" src=\"https:\/\/www.gucehaber.com\/wp-content\/uploads\/2023\/10\/IMG_9087-1024x683.jpg\" alt=\"\" class=\"wp-image-1255\" srcset=\"https:\/\/www.gucehaber.com\/wp-content\/uploads\/2023\/10\/IMG_9087-1024x683.jpg 1024w, https:\/\/www.gucehaber.com\/wp-content\/uploads\/2023\/10\/IMG_9087-300x200.jpg 300w, https:\/\/www.gucehaber.com\/wp-content\/uploads\/2023\/10\/IMG_9087-768x512.jpg 768w, https:\/\/www.gucehaber.com\/wp-content\/uploads\/2023\/10\/IMG_9087.jpg 1152w\" sizes=\"auto, (max-width: 1024px) 100vw, 1024px\" \/><\/figure>\n\n\n\n<p>Y\u00fcr\u00fcy\u00fc\u015fe kat\u0131lan Vali Mehmet Fatih Serdenge\u00e7ti, yapt\u0131\u011f\u0131 konu\u015fmada, \u015fehitlerin emekleri ve \u00e7abalar\u0131yla Cumhuriyet&#8217;in 100. y\u0131l\u0131n\u0131 hep birlikte idrak ettiklerini s\u00f6yledi.<\/p>\n\n\n\n<figure class=\"wp-block-image size-large\"><img loading=\"lazy\" decoding=\"async\" width=\"1024\" height=\"683\" src=\"https:\/\/www.gucehaber.com\/wp-content\/uploads\/2023\/10\/IMG_9105-1024x683.jpg\" alt=\"\" class=\"wp-image-1256\" srcset=\"https:\/\/www.gucehaber.com\/wp-content\/uploads\/2023\/10\/IMG_9105-1024x683.jpg 1024w, https:\/\/www.gucehaber.com\/wp-content\/uploads\/2023\/10\/IMG_9105-300x200.jpg 300w, https:\/\/www.gucehaber.com\/wp-content\/uploads\/2023\/10\/IMG_9105-768x512.jpg 768w, https:\/\/www.gucehaber.com\/wp-content\/uploads\/2023\/10\/IMG_9105.jpg 1152w\" sizes=\"auto, (max-width: 1024px) 100vw, 1024px\" \/><\/figure>\n\n\n\n<p>Vatan\u0131n her kar\u0131\u015f\u0131n\u0131n kutsal oldu\u011funu vurgulayan Serdenge\u00e7ti, \u015fehitleri rahmet ve minnetle and\u0131.<\/p>\n\n\n\n<figure class=\"wp-block-image size-large\"><img loading=\"lazy\" decoding=\"async\" width=\"1024\" height=\"683\" src=\"https:\/\/www.gucehaber.com\/wp-content\/uploads\/2023\/10\/IMG_9107-1024x683.jpg\" alt=\"\" class=\"wp-image-1257\" srcset=\"https:\/\/www.gucehaber.com\/wp-content\/uploads\/2023\/10\/IMG_9107-1024x683.jpg 1024w, https:\/\/www.gucehaber.com\/wp-content\/uploads\/2023\/10\/IMG_9107-300x200.jpg 300w, https:\/\/www.gucehaber.com\/wp-content\/uploads\/2023\/10\/IMG_9107-768x512.jpg 768w, https:\/\/www.gucehaber.com\/wp-content\/uploads\/2023\/10\/IMG_9107.jpg 1152w\" sizes=\"auto, (max-width: 1024px) 100vw, 1024px\" \/><\/figure>\n\n\n\n<p>Serdenge\u00e7ti, Gazi Mustafa Kemal Atat\u00fcrk&#8217;\u00fcn kay\u0131ts\u0131z, \u015farts\u0131z egemenlik ve ba\u011f\u0131ms\u0131zl\u0131k hedefiyle yola \u00e7\u0131kt\u0131\u011f\u0131n\u0131 belirterek, &#8220;Bug\u00fcn burada bu \u015fuur i\u00e7erisinde birlikte y\u00fcr\u00fcd\u00fc\u011f\u00fcm\u00fcz b\u00fct\u00fcn arkada\u015flar\u0131m\u0131za ve karde\u015flerimize te\u015fekk\u00fcr\u00fc bor\u00e7 biliyorum. Sizlerle ve sevgili \u00e7ocuklar\u0131m\u0131zla T\u00fcrkiye Cumhuriyeti ilelebet payidar kalacakt\u0131r. Ecdad\u0131m\u0131z ve milletimizle gurur duyuyoruz. T\u00fcrkiye Cumhuriyetimizin 100. y\u0131l\u0131 kutlu olsun.&#8221; dedi.<\/p>\n\n\n\n<figure class=\"wp-block-image size-large\"><img loading=\"lazy\" decoding=\"async\" width=\"1024\" height=\"683\" src=\"https:\/\/www.gucehaber.com\/wp-content\/uploads\/2023\/10\/IMG_9112-1024x683.jpg\" alt=\"\" class=\"wp-image-1258\" srcset=\"https:\/\/www.gucehaber.com\/wp-content\/uploads\/2023\/10\/IMG_9112-1024x683.jpg 1024w, https:\/\/www.gucehaber.com\/wp-content\/uploads\/2023\/10\/IMG_9112-300x200.jpg 300w, https:\/\/www.gucehaber.com\/wp-content\/uploads\/2023\/10\/IMG_9112-768x512.jpg 768w, https:\/\/www.gucehaber.com\/wp-content\/uploads\/2023\/10\/IMG_9112.jpg 1152w\" sizes=\"auto, (max-width: 1024px) 100vw, 1024px\" \/><\/figure>\n\n\n\n<p>Konu\u015fmalar\u0131n ard\u0131ndan Kur&#8217;an-\u0131 Kerim okundu ve dualar edildi.<\/p>\n\n\n\n<figure class=\"wp-block-image size-large\"><img loading=\"lazy\" decoding=\"async\" width=\"1024\" height=\"683\" src=\"https:\/\/www.gucehaber.com\/wp-content\/uploads\/2023\/10\/IMG_9123-1024x683.jpg\" alt=\"\" class=\"wp-image-1259\" srcset=\"https:\/\/www.gucehaber.com\/wp-content\/uploads\/2023\/10\/IMG_9123-1024x683.jpg 1024w, https:\/\/www.gucehaber.com\/wp-content\/uploads\/2023\/10\/IMG_9123-300x200.jpg 300w, https:\/\/www.gucehaber.com\/wp-content\/uploads\/2023\/10\/IMG_9123-768x512.jpg 768w, https:\/\/www.gucehaber.com\/wp-content\/uploads\/2023\/10\/IMG_9123.jpg 1152w\" sizes=\"auto, (max-width: 1024px) 100vw, 1024px\" \/><\/figure>\n\n\n\n<p> \u015eehit mezarlar\u0131 ve siperlerin ziyaret edildi\u011fi etkinli\u011fe,\u00a0 AK Parti Giresun\u00a0Milletvekili Naz\u0131m Elmas,\u00a0 MHP\u00a0Giresun Milletvekili Ertu\u011frul Gazi Konal, \u0130l Jandarma Komutan\u0131 Albay \u00d6zg\u00fcr \u00d6zer, G\u00fcce Kaymakam\u0131 Muhammet Ali Bayraktar, G\u00fcce Belediye Ba\u015fkan\u0131 Aytekin Boduro\u011flu, daire amirleri, siyasi parti ve sivil toplum kurulu\u015flar\u0131n\u0131n temsilcileri, \u00f6\u011frenciler, \u00f6\u011fretmenler ile vatanda\u015flar kat\u0131ld\u0131.<\/p>\n\n\n\n<figure class=\"wp-block-image size-large\"><img loading=\"lazy\" decoding=\"async\" width=\"1024\" height=\"683\" src=\"https:\/\/www.gucehaber.com\/wp-content\/uploads\/2023\/10\/IMG_9128-1024x683.jpg\" alt=\"\" class=\"wp-image-1260\" srcset=\"https:\/\/www.gucehaber.com\/wp-content\/uploads\/2023\/10\/IMG_9128-1024x683.jpg 1024w, https:\/\/www.gucehaber.com\/wp-content\/uploads\/2023\/10\/IMG_9128-300x200.jpg 300w, https:\/\/www.gucehaber.com\/wp-content\/uploads\/2023\/10\/IMG_9128-768x512.jpg 768w, https:\/\/www.gucehaber.com\/wp-content\/uploads\/2023\/10\/IMG_9128.jpg 1152w\" sizes=\"auto, (max-width: 1024px) 100vw, 1024px\" \/><\/figure>\n\n\n\n<figure class=\"wp-block-image size-large\"><img loading=\"lazy\" decoding=\"async\" width=\"1024\" height=\"683\" src=\"https:\/\/www.gucehaber.com\/wp-content\/uploads\/2023\/10\/IMG_9172-1024x683.jpg\" alt=\"\" class=\"wp-image-1265\" srcset=\"https:\/\/www.gucehaber.com\/wp-content\/uploads\/2023\/10\/IMG_9172-1024x683.jpg 1024w, https:\/\/www.gucehaber.com\/wp-content\/uploads\/2023\/10\/IMG_9172-300x200.jpg 300w, https:\/\/www.gucehaber.com\/wp-content\/uploads\/2023\/10\/IMG_9172-768x512.jpg 768w, https:\/\/www.gucehaber.com\/wp-content\/uploads\/2023\/10\/IMG_9172.jpg 1152w\" sizes=\"auto, (max-width: 1024px) 100vw, 1024px\" \/><\/figure>\n\n\n\n<figure class=\"wp-block-image size-large\"><img loading=\"lazy\" decoding=\"async\" width=\"1024\" height=\"871\" src=\"https:\/\/www.gucehaber.com\/wp-content\/uploads\/2023\/10\/IMG_9175-1024x871.jpg\" alt=\"\" class=\"wp-image-1267\" srcset=\"https:\/\/www.gucehaber.com\/wp-content\/uploads\/2023\/10\/IMG_9175-1024x871.jpg 1024w, https:\/\/www.gucehaber.com\/wp-content\/uploads\/2023\/10\/IMG_9175-300x255.jpg 300w, https:\/\/www.gucehaber.com\/wp-content\/uploads\/2023\/10\/IMG_9175-768x654.jpg 768w, https:\/\/www.gucehaber.com\/wp-content\/uploads\/2023\/10\/IMG_9175-1536x1307.jpg 1536w, https:\/\/www.gucehaber.com\/wp-content\/uploads\/2023\/10\/IMG_9175-2048x1743.jpg 2048w\" sizes=\"auto, (max-width: 1024px) 100vw, 1024px\" \/><\/figure>\n\n\n\n<figure class=\"wp-block-image size-large is-resized\"><img loading=\"lazy\" decoding=\"async\" src=\"https:\/\/www.gucehaber.com\/wp-content\/uploads\/2023\/10\/IMG_9150-1024x683.jpg\" alt=\"\" class=\"wp-image-1261\" width=\"838\" height=\"559\" srcset=\"https:\/\/www.gucehaber.com\/wp-content\/uploads\/2023\/10\/IMG_9150-1024x683.jpg 1024w, https:\/\/www.gucehaber.com\/wp-content\/uploads\/2023\/10\/IMG_9150-300x200.jpg 300w, https:\/\/www.gucehaber.com\/wp-content\/uploads\/2023\/10\/IMG_9150-768x512.jpg 768w, https:\/\/www.gucehaber.com\/wp-content\/uploads\/2023\/10\/IMG_9150.jpg 1152w\" sizes=\"auto, (max-width: 838px) 100vw, 838px\" \/><\/figure>\n\n\n\n<figure class=\"wp-block-image size-large\"><img loading=\"lazy\" decoding=\"async\" width=\"1024\" height=\"683\" src=\"https:\/\/www.gucehaber.com\/wp-content\/uploads\/2023\/10\/IMG_9156-1024x683.jpg\" alt=\"\" class=\"wp-image-1262\" srcset=\"https:\/\/www.gucehaber.com\/wp-content\/uploads\/2023\/10\/IMG_9156-1024x683.jpg 1024w, https:\/\/www.gucehaber.com\/wp-content\/uploads\/2023\/10\/IMG_9156-300x200.jpg 300w, https:\/\/www.gucehaber.com\/wp-content\/uploads\/2023\/10\/IMG_9156-768x512.jpg 768w, https:\/\/www.gucehaber.com\/wp-content\/uploads\/2023\/10\/IMG_9156.jpg 1152w\" sizes=\"auto, (max-width: 1024px) 100vw, 1024px\" \/><\/figure>\n\n\n\n<figure class=\"wp-block-image size-large\"><img loading=\"lazy\" decoding=\"async\" width=\"1024\" height=\"683\" src=\"https:\/\/www.gucehaber.com\/wp-content\/uploads\/2023\/10\/IMG_9159-1024x683.jpg\" alt=\"\" class=\"wp-image-1263\" srcset=\"https:\/\/www.gucehaber.com\/wp-content\/uploads\/2023\/10\/IMG_9159-1024x683.jpg 1024w, https:\/\/www.gucehaber.com\/wp-content\/uploads\/2023\/10\/IMG_9159-300x200.jpg 300w, https:\/\/www.gucehaber.com\/wp-content\/uploads\/2023\/10\/IMG_9159-768x512.jpg 768w, https:\/\/www.gucehaber.com\/wp-content\/uploads\/2023\/10\/IMG_9159.jpg 1152w\" sizes=\"auto, (max-width: 1024px) 100vw, 1024px\" \/><\/figure>\n\n\n\n<figure class=\"wp-block-image size-large\"><img loading=\"lazy\" decoding=\"async\" width=\"1024\" height=\"720\" src=\"https:\/\/www.gucehaber.com\/wp-content\/uploads\/2023\/10\/IMG_9163-1024x720.jpg\" alt=\"\" class=\"wp-image-1264\" srcset=\"https:\/\/www.gucehaber.com\/wp-content\/uploads\/2023\/10\/IMG_9163-1024x720.jpg 1024w, https:\/\/www.gucehaber.com\/wp-content\/uploads\/2023\/10\/IMG_9163-300x211.jpg 300w, https:\/\/www.gucehaber.com\/wp-content\/uploads\/2023\/10\/IMG_9163-768x540.jpg 768w, https:\/\/www.gucehaber.com\/wp-content\/uploads\/2023\/10\/IMG_9163.jpg 1093w\" sizes=\"auto, (max-width: 1024px) 100vw, 1024px\" \/><\/figure>\n\n\n\n<figure class=\"wp-block-image size-large\"><img loading=\"lazy\" decoding=\"async\" width=\"1024\" height=\"683\" src=\"https:\/\/www.gucehaber.com\/wp-content\/uploads\/2023\/10\/IMG_9167-1024x683.jpg\" alt=\"\" class=\"wp-image-1266\" srcset=\"https:\/\/www.gucehaber.com\/wp-content\/uploads\/2023\/10\/IMG_9167-1024x683.jpg 1024w, https:\/\/www.gucehaber.com\/wp-content\/uploads\/2023\/10\/IMG_9167-300x200.jpg 300w, https:\/\/www.gucehaber.com\/wp-content\/uploads\/2023\/10\/IMG_9167-768x512.jpg 768w, https:\/\/www.gucehaber.com\/wp-content\/uploads\/2023\/10\/IMG_9167.jpg 1152w\" sizes=\"auto, (max-width: 1024px) 100vw, 1024px\" \/><\/figure>\n\n\n\n<figure class=\"wp-block-image size-large\"><img loading=\"lazy\" decoding=\"async\" width=\"1024\" height=\"683\" src=\"https:\/\/www.gucehaber.com\/wp-content\/uploads\/2023\/10\/IMG_9185-1024x683.jpg\" alt=\"\" class=\"wp-image-1268\" srcset=\"https:\/\/www.gucehaber.com\/wp-content\/uploads\/2023\/10\/IMG_9185-1024x683.jpg 1024w, https:\/\/www.gucehaber.com\/wp-content\/uploads\/2023\/10\/IMG_9185-300x200.jpg 300w, https:\/\/www.gucehaber.com\/wp-content\/uploads\/2023\/10\/IMG_9185-768x512.jpg 768w, https:\/\/www.gucehaber.com\/wp-content\/uploads\/2023\/10\/IMG_9185.jpg 1152w\" sizes=\"auto, (max-width: 1024px) 100vw, 1024px\" \/><\/figure>\n","protected":false},"excerpt":{"rendered":"<p>G\u00fcce\u2019de Osmanl\u0131-Rus sava\u015f\u0131nda askerlerin \u015fehit oldu\u011fu \u015eaban Kale\u2019sine y\u00fczlerce ki\u015finin kat\u0131l\u0131m\u0131yla vefa y\u00fcr\u00fcy\u00fc\u015f\u00fc d\u00fczenlendi. \u00a0 T\u00fcrkiye Cumhuriyetinin kurulu\u015funun 100. Y\u0131l\u0131 m\u00fcnasebetiyle Giresun Gen\u00e7lik ve Spor \u0130l M\u00fcd\u00fcrl\u00fc\u011f\u00fc \u00f6nc\u00fcl\u00fc\u011f\u00fcnde \u015eaban Kale \u015fehitleri i\u00e7in Vefa y\u00fcr\u00fcy\u00fc\u015f\u00fc d\u00fczenlendi. \u00a0\u00a0 G\u00fcce il\u00e7esinde, 1917-1918 Osmanl\u0131-Rus Sava\u015f\u0131&#8217;nda Har\u015fit savunmas\u0131n\u0131n yap\u0131ld\u0131\u011f\u0131 alanlardan \u015eaban Kalesi&#8217;nde \u015fehit d\u00fc\u015fen askerler i\u00e7in d\u00fczenlenen y\u00fcr\u00fcy\u00fc\u015f, 2 kilometrelik [&hellip;]<\/p>\n","protected":false},"author":1,"featured_media":1254,"comment_status":"open","ping_status":"open","sticky":false,"template":"","format":"standard","meta":{"footnotes":""},"categories":[8,7,1],"tags":[],"class_list":["post-1251","post","type-post","status-publish","format-standard","has-post-thumbnail","hentry","category-giresun","category-guce","category-uncategorized"],"aioseo_notices":[],"_links":{"self":[{"href":"https:\/\/www.gucehaber.com\/index.php\/wp-json\/wp\/v2\/posts\/1251","targetHints":{"allow":["GET"]}}],"collection":[{"href":"https:\/\/www.gucehaber.com\/index.php\/wp-json\/wp\/v2\/posts"}],"about":[{"href":"https:\/\/www.gucehaber.com\/index.php\/wp-json\/wp\/v2\/types\/post"}],"author":[{"embeddable":true,"href":"https:\/\/www.gucehaber.com\/index.php\/wp-json\/wp\/v2\/users\/1"}],"replies":[{"embeddable":true,"href":"https:\/\/www.gucehaber.com\/index.php\/wp-json\/wp\/v2\/comments?post=1251"}],"version-history":[{"count":1,"href":"https:\/\/www.gucehaber.com\/index.php\/wp-json\/wp\/v2\/posts\/1251\/revisions"}],"predecessor-version":[{"id":1269,"href":"https:\/\/www.gucehaber.com\/index.php\/wp-json\/wp\/v2\/posts\/1251\/revisions\/1269"}],"wp:featuredmedia":[{"embeddable":true,"href":"https:\/\/www.gucehaber.com\/index.php\/wp-json\/wp\/v2\/media\/1254"}],"wp:attachment":[{"href":"https:\/\/www.gucehaber.com\/index.php\/wp-json\/wp\/v2\/media?parent=1251"}],"wp:term":[{"taxonomy":"category","embeddable":true,"href":"https:\/\/www.gucehaber.com\/index.php\/wp-json\/wp\/v2\/categories?post=1251"},{"taxonomy":"post_tag","embeddable":true,"href":"https:\/\/www.gucehaber.com\/index.php\/wp-json\/wp\/v2\/tags?post=1251"}],"curies":[{"name":"wp","href":"https:\/\/api.w.org\/{rel}","templated":true}]}}