{"id":1248,"date":"2023-10-25T18:57:41","date_gmt":"2023-10-25T18:57:41","guid":{"rendered":"https:\/\/www.gucehaber.com\/?p=1248"},"modified":"2023-10-25T18:57:42","modified_gmt":"2023-10-25T18:57:42","slug":"espiyede-teror-orgutlerince-kullanilan-malzemeler-ele-gecirildi","status":"publish","type":"post","link":"https:\/\/www.gucehaber.com\/index.php\/2023\/10\/25\/espiyede-teror-orgutlerince-kullanilan-malzemeler-ele-gecirildi\/","title":{"rendered":"Espiye\u2019de Ter\u00f6r \u00d6rg\u00fctlerince Kullan\u0131lan Malzemeler Ele Ge\u00e7irildi"},"content":{"rendered":"\n<p>Giresun&#8217;un Espiye il\u00e7esi k\u0131rsal\u0131nda b\u00f6l\u00fcc\u00fc ter\u00f6r \u00f6rg\u00fct\u00fc \u00fcyelerince 2014-2016 aras\u0131nda kullan\u0131ld\u0131\u011f\u0131 belirlenen \u00e7e\u015fitli malzemeler ele ge\u00e7irildi.<\/p>\n\n\n\n<figure class=\"wp-block-image size-full\"><img loading=\"lazy\" decoding=\"async\" width=\"640\" height=\"360\" src=\"https:\/\/www.gucehaber.com\/wp-content\/uploads\/2023\/10\/teror.jpg\" alt=\"\" class=\"wp-image-1249\" srcset=\"https:\/\/www.gucehaber.com\/wp-content\/uploads\/2023\/10\/teror.jpg 640w, https:\/\/www.gucehaber.com\/wp-content\/uploads\/2023\/10\/teror-300x169.jpg 300w\" sizes=\"auto, (max-width: 640px) 100vw, 640px\" \/><\/figure>\n\n\n\n<p>Valilikten yap\u0131lan yaz\u0131l\u0131 a\u00e7\u0131klamada, il\u00e7e k\u0131rsal\u0131nda 23 Ekim&#8217;de \u015eehit Jandarma Er Re\u015fat Avc\u0131 2023\/143 Operasyonu&#8217;nun ger\u00e7ekle\u015ftirildi\u011fi belirtildi.<\/p>\n\n\n\n<p>Operasyonda, s\u00f6zde Karadeniz a\u00e7\u0131l\u0131m grubunca 2014-2016 aras\u0131nda kullan\u0131ld\u0131\u011f\u0131 de\u011ferlendirilen malzemeler ele ge\u00e7irildi\u011fi kaydedilen a\u00e7\u0131klamada, malzemeler aras\u0131nda f\u00fcnye yap\u0131m\u0131nda kullan\u0131labilecek bak\u0131r boru, 30 kilogram haz\u0131rlanm\u0131\u015f g\u00fcbre, ayakkab\u0131, yiyecek, k\u0131yafet, mutfak gere\u00e7leri bulundu\u011fu aktar\u0131ld\u0131.<\/p>\n\n\n\n<p>A\u00e7\u0131klamada, &#8220;Cumhuriyet savc\u0131s\u0131n\u0131n talimat\u0131 ile delil niteli\u011fi ta\u015f\u0131yan malzemeler muhafaza alt\u0131na al\u0131nm\u0131\u015f olup delil niteli\u011fi ta\u015f\u0131mayan malzemeler ise yerinde imha edilerek adli tahkikata ba\u015flan\u0131lm\u0131\u015ft\u0131r.&#8221; ifadesine yer verildi.<\/p>\n","protected":false},"excerpt":{"rendered":"<p>Giresun&#8217;un Espiye il\u00e7esi k\u0131rsal\u0131nda b\u00f6l\u00fcc\u00fc ter\u00f6r \u00f6rg\u00fct\u00fc \u00fcyelerince 2014-2016 aras\u0131nda kullan\u0131ld\u0131\u011f\u0131 belirlenen \u00e7e\u015fitli malzemeler ele ge\u00e7irildi. Valilikten yap\u0131lan yaz\u0131l\u0131 a\u00e7\u0131klamada, il\u00e7e k\u0131rsal\u0131nda 23 Ekim&#8217;de \u015eehit Jandarma Er Re\u015fat Avc\u0131 2023\/143 Operasyonu&#8217;nun ger\u00e7ekle\u015ftirildi\u011fi belirtildi. Operasyonda, s\u00f6zde Karadeniz a\u00e7\u0131l\u0131m grubunca 2014-2016 aras\u0131nda kullan\u0131ld\u0131\u011f\u0131 de\u011ferlendirilen malzemeler ele ge\u00e7irildi\u011fi kaydedilen a\u00e7\u0131klamada, malzemeler aras\u0131nda f\u00fcnye yap\u0131m\u0131nda kullan\u0131labilecek bak\u0131r boru, 30 [&hellip;]<\/p>\n","protected":false},"author":1,"featured_media":1249,"comment_status":"open","ping_status":"open","sticky":false,"template":"","format":"standard","meta":{"footnotes":""},"categories":[8,7],"tags":[],"class_list":["post-1248","post","type-post","status-publish","format-standard","has-post-thumbnail","hentry","category-giresun","category-guce"],"aioseo_notices":[],"_links":{"self":[{"href":"https:\/\/www.gucehaber.com\/index.php\/wp-json\/wp\/v2\/posts\/1248","targetHints":{"allow":["GET"]}}],"collection":[{"href":"https:\/\/www.gucehaber.com\/index.php\/wp-json\/wp\/v2\/posts"}],"about":[{"href":"https:\/\/www.gucehaber.com\/index.php\/wp-json\/wp\/v2\/types\/post"}],"author":[{"embeddable":true,"href":"https:\/\/www.gucehaber.com\/index.php\/wp-json\/wp\/v2\/users\/1"}],"replies":[{"embeddable":true,"href":"https:\/\/www.gucehaber.com\/index.php\/wp-json\/wp\/v2\/comments?post=1248"}],"version-history":[{"count":1,"href":"https:\/\/www.gucehaber.com\/index.php\/wp-json\/wp\/v2\/posts\/1248\/revisions"}],"predecessor-version":[{"id":1250,"href":"https:\/\/www.gucehaber.com\/index.php\/wp-json\/wp\/v2\/posts\/1248\/revisions\/1250"}],"wp:featuredmedia":[{"embeddable":true,"href":"https:\/\/www.gucehaber.com\/index.php\/wp-json\/wp\/v2\/media\/1249"}],"wp:attachment":[{"href":"https:\/\/www.gucehaber.com\/index.php\/wp-json\/wp\/v2\/media?parent=1248"}],"wp:term":[{"taxonomy":"category","embeddable":true,"href":"https:\/\/www.gucehaber.com\/index.php\/wp-json\/wp\/v2\/categories?post=1248"},{"taxonomy":"post_tag","embeddable":true,"href":"https:\/\/www.gucehaber.com\/index.php\/wp-json\/wp\/v2\/tags?post=1248"}],"curies":[{"name":"wp","href":"https:\/\/api.w.org\/{rel}","templated":true}]}}