{"id":1207,"date":"2023-09-22T19:06:53","date_gmt":"2023-09-22T19:06:53","guid":{"rendered":"https:\/\/www.gucehaber.com\/?p=1207"},"modified":"2023-09-22T19:06:54","modified_gmt":"2023-09-22T19:06:54","slug":"gucede-hastane-kapisindaki-yuksek-gerilim-diregi-tehlike-saciyor","status":"publish","type":"post","link":"https:\/\/www.gucehaber.com\/index.php\/2023\/09\/22\/gucede-hastane-kapisindaki-yuksek-gerilim-diregi-tehlike-saciyor\/","title":{"rendered":"\u00a0G\u00fcce\u2019de Hastane Kap\u0131s\u0131ndaki Y\u00fcksek Gerilim Dire\u011fi Tehlike Sa\u00e7\u0131yor"},"content":{"rendered":"\n<p>G\u00fcce\u2019de Hastane Kap\u0131s\u0131ndaki Y\u00fcksek Gerilim Dire\u011fi Tehlike Sa\u00e7\u0131yor. G\u00fcce \u0130l\u00e7e Devlet Hastanesi bah\u00e7esine dikilen y\u00fcksek gerilim dire\u011fi hastaneye gelen vatanda\u015flar\u0131 tedirgin ediyor.<\/p>\n\n\n\n<figure class=\"wp-block-image size-large\"><img loading=\"lazy\" decoding=\"async\" width=\"1024\" height=\"683\" src=\"https:\/\/www.gucehaber.com\/wp-content\/uploads\/2023\/09\/IMG_8940-1024x683.jpg\" alt=\"\" class=\"wp-image-1208\" srcset=\"https:\/\/www.gucehaber.com\/wp-content\/uploads\/2023\/09\/IMG_8940-1024x683.jpg 1024w, https:\/\/www.gucehaber.com\/wp-content\/uploads\/2023\/09\/IMG_8940-300x200.jpg 300w, https:\/\/www.gucehaber.com\/wp-content\/uploads\/2023\/09\/IMG_8940-768x512.jpg 768w, https:\/\/www.gucehaber.com\/wp-content\/uploads\/2023\/09\/IMG_8940.jpg 1152w\" sizes=\"auto, (max-width: 1024px) 100vw, 1024px\" \/><\/figure>\n\n\n\n<p>\u00a0\u00a0\u00a0 2021 y\u0131l\u0131nda G\u00fcce Devlet Hastanesi i\u00e7in yer tahsisi yap\u0131ld\u0131ktan sonra bu alana y\u00fcksek gerilim hatt\u0131 \u00e7ekildi. Hastane binas\u0131 bah\u00e7esine dikilen y\u00fcksek gerilim dire\u011fi hasta ve hasta yak\u0131nlar\u0131n\u0131n tepkisine neden oluyor.<\/p>\n\n\n\n<figure class=\"wp-block-image size-large\"><img loading=\"lazy\" decoding=\"async\" width=\"1024\" height=\"683\" src=\"https:\/\/www.gucehaber.com\/wp-content\/uploads\/2023\/09\/IMG_8931-1024x683.jpg\" alt=\"\" class=\"wp-image-1209\" srcset=\"https:\/\/www.gucehaber.com\/wp-content\/uploads\/2023\/09\/IMG_8931-1024x683.jpg 1024w, https:\/\/www.gucehaber.com\/wp-content\/uploads\/2023\/09\/IMG_8931-300x200.jpg 300w, https:\/\/www.gucehaber.com\/wp-content\/uploads\/2023\/09\/IMG_8931-768x512.jpg 768w, https:\/\/www.gucehaber.com\/wp-content\/uploads\/2023\/09\/IMG_8931.jpg 1152w\" sizes=\"auto, (max-width: 1024px) 100vw, 1024px\" \/><\/figure>\n\n\n\n<p>\u00a0\u00a0\u00a0 Vatanda\u015flar olas\u0131 bir tel kopmas\u0131nda veya dikilen e\u011fri ince dire\u011fin k\u0131r\u0131lmas\u0131 durumunda insanlar\u0131n \u015fifa bulmak i\u00e7in geldikleri hastanede \u00f6l\u00fcmle kar\u015f\u0131 kar\u015f\u0131ya gelebileceklerini belirterek yetkililerin acilen \u00e7\u00f6z\u00fcm bulmas\u0131n\u0131 ifade ettiler.<\/p>\n\n\n\n<figure class=\"wp-block-image size-large\"><img loading=\"lazy\" decoding=\"async\" width=\"1024\" height=\"683\" src=\"https:\/\/www.gucehaber.com\/wp-content\/uploads\/2023\/09\/IMG_8932-1024x683.jpg\" alt=\"\" class=\"wp-image-1210\" srcset=\"https:\/\/www.gucehaber.com\/wp-content\/uploads\/2023\/09\/IMG_8932-1024x683.jpg 1024w, https:\/\/www.gucehaber.com\/wp-content\/uploads\/2023\/09\/IMG_8932-300x200.jpg 300w, https:\/\/www.gucehaber.com\/wp-content\/uploads\/2023\/09\/IMG_8932-768x512.jpg 768w, https:\/\/www.gucehaber.com\/wp-content\/uploads\/2023\/09\/IMG_8932.jpg 1152w\" sizes=\"auto, (max-width: 1024px) 100vw, 1024px\" \/><\/figure>\n\n\n\n<p>&nbsp;&nbsp;&nbsp;&nbsp;&nbsp;&nbsp;&nbsp;&nbsp;&nbsp;&nbsp;&nbsp;&nbsp;&nbsp;&nbsp;&nbsp; <strong>&#8220;Can Kayb\u0131 Olursa Kim Hesap Verecek&#8221;<\/strong><\/p>\n\n\n\n<p>&nbsp;&nbsp; &nbsp;Hastane kap\u0131s\u0131nda tehlike sa\u00e7an bu dire\u011fin buradan kald\u0131r\u0131lmas\u0131 i\u00e7in birilerinin \u00f6lmesinin mi gerekti\u011fini belirten vatanda\u015flar, \u201cBu y\u00fcksek gerilim dire\u011finin buradan acilen kald\u0131r\u0131lmas\u0131n\u0131 istiyoruz. Hastaneye gelenler ve buradan ge\u00e7en vatanda\u015flar i\u00e7in tehlike arz ediyor. Olas\u0131 bir r\u00fczg\u00e2rda bu direk k\u0131r\u0131larak bu teller hastaneye gelen vatanda\u015flar\u0131n \u00fczerine d\u00fc\u015fse can kayb\u0131 ya\u015fansa bunun hesab\u0131n\u0131 kim verecek. Hastaneye geldi\u011fimizde hastal\u0131ktan de\u011fil hastane bah\u00e7esine y\u00fcksek gerilim hatt\u0131 i\u00e7in dikilen ince a\u011fa\u00e7 direkten korkuyoruz. Buradan bir kere daha yetkililere sesleniyoruz, patlamaya haz\u0131r bir bomba gibi hastane kap\u0131s\u0131nda duran bu dire\u011fin can ve mal kayb\u0131 olmadan bir an \u00f6nce buradan kald\u0131r\u0131lmas\u0131n\u0131 istiyoruz\u201d dediler.<\/p>\n","protected":false},"excerpt":{"rendered":"<p>G\u00fcce\u2019de Hastane Kap\u0131s\u0131ndaki Y\u00fcksek Gerilim Dire\u011fi Tehlike Sa\u00e7\u0131yor. G\u00fcce \u0130l\u00e7e Devlet Hastanesi bah\u00e7esine dikilen y\u00fcksek gerilim dire\u011fi hastaneye gelen vatanda\u015flar\u0131 tedirgin ediyor. \u00a0\u00a0\u00a0 2021 y\u0131l\u0131nda G\u00fcce Devlet Hastanesi i\u00e7in yer tahsisi yap\u0131ld\u0131ktan sonra bu alana y\u00fcksek gerilim hatt\u0131 \u00e7ekildi. Hastane binas\u0131 bah\u00e7esine dikilen y\u00fcksek gerilim dire\u011fi hasta ve hasta yak\u0131nlar\u0131n\u0131n tepkisine neden oluyor. \u00a0\u00a0\u00a0 Vatanda\u015flar [&hellip;]<\/p>\n","protected":false},"author":1,"featured_media":1210,"comment_status":"open","ping_status":"open","sticky":false,"template":"","format":"standard","meta":{"footnotes":""},"categories":[8,7],"tags":[],"class_list":["post-1207","post","type-post","status-publish","format-standard","has-post-thumbnail","hentry","category-giresun","category-guce"],"aioseo_notices":[],"_links":{"self":[{"href":"https:\/\/www.gucehaber.com\/index.php\/wp-json\/wp\/v2\/posts\/1207","targetHints":{"allow":["GET"]}}],"collection":[{"href":"https:\/\/www.gucehaber.com\/index.php\/wp-json\/wp\/v2\/posts"}],"about":[{"href":"https:\/\/www.gucehaber.com\/index.php\/wp-json\/wp\/v2\/types\/post"}],"author":[{"embeddable":true,"href":"https:\/\/www.gucehaber.com\/index.php\/wp-json\/wp\/v2\/users\/1"}],"replies":[{"embeddable":true,"href":"https:\/\/www.gucehaber.com\/index.php\/wp-json\/wp\/v2\/comments?post=1207"}],"version-history":[{"count":1,"href":"https:\/\/www.gucehaber.com\/index.php\/wp-json\/wp\/v2\/posts\/1207\/revisions"}],"predecessor-version":[{"id":1211,"href":"https:\/\/www.gucehaber.com\/index.php\/wp-json\/wp\/v2\/posts\/1207\/revisions\/1211"}],"wp:featuredmedia":[{"embeddable":true,"href":"https:\/\/www.gucehaber.com\/index.php\/wp-json\/wp\/v2\/media\/1210"}],"wp:attachment":[{"href":"https:\/\/www.gucehaber.com\/index.php\/wp-json\/wp\/v2\/media?parent=1207"}],"wp:term":[{"taxonomy":"category","embeddable":true,"href":"https:\/\/www.gucehaber.com\/index.php\/wp-json\/wp\/v2\/categories?post=1207"},{"taxonomy":"post_tag","embeddable":true,"href":"https:\/\/www.gucehaber.com\/index.php\/wp-json\/wp\/v2\/tags?post=1207"}],"curies":[{"name":"wp","href":"https:\/\/api.w.org\/{rel}","templated":true}]}}