{"id":1193,"date":"2023-09-21T14:50:06","date_gmt":"2023-09-21T14:50:06","guid":{"rendered":"https:\/\/www.gucehaber.com\/?p=1193"},"modified":"2023-09-21T15:44:02","modified_gmt":"2023-09-21T15:44:02","slug":"geleverada-otomobil-baraja-uctu-1-olu","status":"publish","type":"post","link":"https:\/\/www.gucehaber.com\/index.php\/2023\/09\/21\/geleverada-otomobil-baraja-uctu-1-olu\/","title":{"rendered":"Gelevera\u2019da Otomobil Baraja U\u00e7tu: 1 \u00d6l\u00fc"},"content":{"rendered":"\n<p>Gelevera G\u00f6k\u00e7ebel Baraj\u0131 g\u00f6l\u00fcne u\u00e7an otomobilde bir ki\u015fi hayat\u0131n\u0131 kaybetti. <\/p>\n\n\n\n<p>Sapmaz K\u00f6y\u00fc yak\u0131nlar\u0131nda Kisec\u00fck mevkiinde bariyerleri olmayan G\u00f6k\u00e7ebel Bar\u0131j\u0131 g\u00f6l\u00fcne u\u00e7tu. Ara\u00e7 s\u00fcr\u00fcc\u00fcs\u00fc Nail Oru\u00e7 hayat\u0131n\u0131 kaybetti.<\/p>\n\n\n\n<figure class=\"wp-block-image size-full\"><img loading=\"lazy\" decoding=\"async\" width=\"600\" height=\"450\" src=\"https:\/\/www.gucehaber.com\/wp-content\/uploads\/2023\/09\/Baraj1.jpg\" alt=\"\" class=\"wp-image-1205\" srcset=\"https:\/\/www.gucehaber.com\/wp-content\/uploads\/2023\/09\/Baraj1.jpg 600w, https:\/\/www.gucehaber.com\/wp-content\/uploads\/2023\/09\/Baraj1-300x225.jpg 300w\" sizes=\"auto, (max-width: 600px) 100vw, 600px\" \/><\/figure>\n\n\n\n<p>Edinilen bilgiye g\u00f6re ge\u00e7ti\u011fimiz Sal\u0131 g\u00fcn\u00fcnden beri kendisinden haber al\u0131namayan Nail Oru\u00e7&#8217;un(63) ailesi durumu 112 acil \u00c7a\u011fr\u0131 Merkezine bildirdi. Kaz\u0131kbeli yaylas\u0131na gitti\u011fi bilgisine ula\u015fan Jandarma ekipleri arama \u00e7al\u0131\u015fmalar\u0131 kapsam\u0131nda G\u00f6k\u00e7ebel Baraj\u0131n\u0131n g\u00fcvenlik kameralar\u0131n\u0131 kontrol etti.<\/p>\n\n\n\n<p><\/p>\n\n\n\n<figure class=\"wp-block-image size-large\"><img loading=\"lazy\" decoding=\"async\" width=\"1024\" height=\"768\" src=\"https:\/\/www.gucehaber.com\/wp-content\/uploads\/2023\/09\/baraj2-1024x768.jpg\" alt=\"\" class=\"wp-image-1194\" srcset=\"https:\/\/www.gucehaber.com\/wp-content\/uploads\/2023\/09\/baraj2-1024x768.jpg 1024w, https:\/\/www.gucehaber.com\/wp-content\/uploads\/2023\/09\/baraj2-300x225.jpg 300w, https:\/\/www.gucehaber.com\/wp-content\/uploads\/2023\/09\/baraj2-768x576.jpg 768w, https:\/\/www.gucehaber.com\/wp-content\/uploads\/2023\/09\/baraj2-1536x1152.jpg 1536w, https:\/\/www.gucehaber.com\/wp-content\/uploads\/2023\/09\/baraj2.jpg 2048w\" sizes=\"auto, (max-width: 1024px) 100vw, 1024px\" \/><\/figure>\n\n\n\n<p>\u00a0\u00a0\u00a0 Kontrollerde gece karanl\u0131\u011f\u0131nda 28 TH 133 plakal\u0131 Kamyonetin Sapmaz K\u00f6y\u00fcndeki G\u00f6k\u00e7ebel Baraj G\u00f6l\u00fcne u\u00e7urumdan yuvarland\u0131\u011f\u0131n\u0131 tesbit edilmesi \u00fczerine G\u00fcm\u00fc\u015fhane \u0130l Afet Durum M\u00fcd\u00fcrl\u00fc\u011f\u00fc (AFAD) ekiplerine bilgi verildi. AFAD ve 112 Acil Sa\u011fl\u0131k ekiplerinin \u00e7al\u0131\u015fmalar\u0131n\u0131n ard\u0131ndan yakla\u015f\u0131k 30 metre derinden dalg\u0131\u00e7lar arac\u0131nda bo\u011fularak hayat\u0131n\u0131 kaybeden Oru\u00e7&#8217;un cans\u0131z bedeni \u00e7\u0131kar\u0131ld\u0131.<\/p>\n\n\n\n<p>       Nail Oru\u00e7\u2019un Tirebolu Yal\u00e7 K\u00f6y\u00fcnden oldu\u011fu bildirildi.<\/p>\n\n\n\n<p>\u00a0\u00a0\u00a0 Baraj g\u00f6l\u00fcnden \u00e7\u0131kar\u0131lan Nail Oru\u00e7\u2019un cesedi otopsi yap\u0131lmak \u00fczere K\u00fcrt\u00fcn Devlet Hastanesi morguna kald\u0131r\u0131ld\u0131. Olayla ilgili soru\u015fturma ba\u015flat\u0131ld\u0131.<\/p>\n\n\n\n<figure class=\"wp-block-image size-large\"><img loading=\"lazy\" decoding=\"async\" width=\"1024\" height=\"768\" src=\"https:\/\/www.gucehaber.com\/wp-content\/uploads\/2023\/09\/baraj3-1024x768.jpg\" alt=\"\" class=\"wp-image-1195\" srcset=\"https:\/\/www.gucehaber.com\/wp-content\/uploads\/2023\/09\/baraj3-1024x768.jpg 1024w, https:\/\/www.gucehaber.com\/wp-content\/uploads\/2023\/09\/baraj3-300x225.jpg 300w, https:\/\/www.gucehaber.com\/wp-content\/uploads\/2023\/09\/baraj3-768x576.jpg 768w, https:\/\/www.gucehaber.com\/wp-content\/uploads\/2023\/09\/baraj3-1536x1152.jpg 1536w, https:\/\/www.gucehaber.com\/wp-content\/uploads\/2023\/09\/baraj3.jpg 2048w\" sizes=\"auto, (max-width: 1024px) 100vw, 1024px\" \/><\/figure>\n\n\n\n<p>&nbsp;&nbsp;&nbsp;&nbsp; Sapmaz K\u00f6y\u00fc muhtar\u0131 Mehmet G\u00fcnay olayla ilgili yapt\u0131\u011f\u0131 a\u00e7\u0131klamada, G\u00f6k\u00e7ebel Bar\u0131j G\u00f6l\u00fcn\u00fcn etraf\u0131na bariyer yap\u0131lmamas\u0131 nedeniyle her y\u0131l kazalar meydana gelerek can kayb\u0131 verdiklerini s\u00f6yledi.<\/p>\n\n\n\n<figure class=\"wp-block-image size-large\"><img loading=\"lazy\" decoding=\"async\" width=\"1024\" height=\"768\" src=\"https:\/\/www.gucehaber.com\/wp-content\/uploads\/2023\/09\/baraj4-1024x768.jpg\" alt=\"\" class=\"wp-image-1196\" srcset=\"https:\/\/www.gucehaber.com\/wp-content\/uploads\/2023\/09\/baraj4-1024x768.jpg 1024w, https:\/\/www.gucehaber.com\/wp-content\/uploads\/2023\/09\/baraj4-300x225.jpg 300w, https:\/\/www.gucehaber.com\/wp-content\/uploads\/2023\/09\/baraj4-768x576.jpg 768w, https:\/\/www.gucehaber.com\/wp-content\/uploads\/2023\/09\/baraj4-1536x1152.jpg 1536w, https:\/\/www.gucehaber.com\/wp-content\/uploads\/2023\/09\/baraj4.jpg 2048w\" sizes=\"auto, (max-width: 1024px) 100vw, 1024px\" \/><\/figure>\n\n\n\n<p>&nbsp;&nbsp;&nbsp;&nbsp; Her toplant\u0131da dile getirildi\u011fi halde dikkate bile al\u0131nmad\u0131\u011f\u0131n\u0131 belirten Muhtar G\u00fcnay,\u201d Bu baraj G\u00f6l\u00fc etraf\u0131na bariyer yap\u0131lana kadar daha ne kadar can verece\u011fiz belli de\u011fil.her platformda buradaki s\u0131k\u0131nt\u0131y\u0131 dile getirdi\u011fim halde bir sonu\u00e7 alamad\u0131k.KOL\u0130N \u0130n\u015faat yetkilileri burada \u00e7al\u0131\u015fma yaparken yetkililere buraya bariyer yap\u0131lmas\u0131 gerekti\u011fini bildirdi\u011fimiz halde dikkate al\u0131nmad\u0131.\u015eimdi bedelini her y\u0131l can kayb\u0131 vererek bizler \u00f6d\u00fcyoruz.Daha ne kadar can kayb\u0131 verece\u011fiz belli de\u011fil.Buradan tekrar seslenmek istiyorum daha \u00e7ok canlar vermeden bu baraj G\u00f6l\u00fcn\u00fcn etraf\u0131na bariyer yap\u0131lmas\u0131 gerekiyor.Umar\u0131m bu son olaydan sonra dikkate al\u0131n\u0131r\u201d diye konu\u015ftu.<\/p>\n","protected":false},"excerpt":{"rendered":"<p>Gelevera G\u00f6k\u00e7ebel Baraj\u0131 g\u00f6l\u00fcne u\u00e7an otomobilde bir ki\u015fi hayat\u0131n\u0131 kaybetti. Sapmaz K\u00f6y\u00fc yak\u0131nlar\u0131nda Kisec\u00fck mevkiinde bariyerleri olmayan G\u00f6k\u00e7ebel Bar\u0131j\u0131 g\u00f6l\u00fcne u\u00e7tu. Ara\u00e7 s\u00fcr\u00fcc\u00fcs\u00fc Nail Oru\u00e7 hayat\u0131n\u0131 kaybetti. Edinilen bilgiye g\u00f6re ge\u00e7ti\u011fimiz Sal\u0131 g\u00fcn\u00fcnden beri kendisinden haber al\u0131namayan Nail Oru\u00e7&#8217;un(63) ailesi durumu 112 acil \u00c7a\u011fr\u0131 Merkezine bildirdi. Kaz\u0131kbeli yaylas\u0131na gitti\u011fi bilgisine ula\u015fan Jandarma ekipleri arama \u00e7al\u0131\u015fmalar\u0131 [&hellip;]<\/p>\n","protected":false},"author":1,"featured_media":1195,"comment_status":"open","ping_status":"open","sticky":false,"template":"","format":"standard","meta":{"footnotes":""},"categories":[8,7],"tags":[],"class_list":["post-1193","post","type-post","status-publish","format-standard","has-post-thumbnail","hentry","category-giresun","category-guce"],"aioseo_notices":[],"_links":{"self":[{"href":"https:\/\/www.gucehaber.com\/index.php\/wp-json\/wp\/v2\/posts\/1193","targetHints":{"allow":["GET"]}}],"collection":[{"href":"https:\/\/www.gucehaber.com\/index.php\/wp-json\/wp\/v2\/posts"}],"about":[{"href":"https:\/\/www.gucehaber.com\/index.php\/wp-json\/wp\/v2\/types\/post"}],"author":[{"embeddable":true,"href":"https:\/\/www.gucehaber.com\/index.php\/wp-json\/wp\/v2\/users\/1"}],"replies":[{"embeddable":true,"href":"https:\/\/www.gucehaber.com\/index.php\/wp-json\/wp\/v2\/comments?post=1193"}],"version-history":[{"count":2,"href":"https:\/\/www.gucehaber.com\/index.php\/wp-json\/wp\/v2\/posts\/1193\/revisions"}],"predecessor-version":[{"id":1206,"href":"https:\/\/www.gucehaber.com\/index.php\/wp-json\/wp\/v2\/posts\/1193\/revisions\/1206"}],"wp:featuredmedia":[{"embeddable":true,"href":"https:\/\/www.gucehaber.com\/index.php\/wp-json\/wp\/v2\/media\/1195"}],"wp:attachment":[{"href":"https:\/\/www.gucehaber.com\/index.php\/wp-json\/wp\/v2\/media?parent=1193"}],"wp:term":[{"taxonomy":"category","embeddable":true,"href":"https:\/\/www.gucehaber.com\/index.php\/wp-json\/wp\/v2\/categories?post=1193"},{"taxonomy":"post_tag","embeddable":true,"href":"https:\/\/www.gucehaber.com\/index.php\/wp-json\/wp\/v2\/tags?post=1193"}],"curies":[{"name":"wp","href":"https:\/\/api.w.org\/{rel}","templated":true}]}}