{"id":1141,"date":"2023-07-25T20:25:20","date_gmt":"2023-07-25T20:25:20","guid":{"rendered":"https:\/\/www.gucehaber.com\/?p=1141"},"modified":"2023-07-25T20:41:46","modified_gmt":"2023-07-25T20:41:46","slug":"__trashed","status":"publish","type":"post","link":"https:\/\/www.gucehaber.com\/index.php\/2023\/07\/25\/__trashed\/","title":{"rendered":"H\u0131d\u0131ro\u011fullar\u0131 S\u00fclalesi G\u00fcce\u2019de\u00a0 Bir Araya Geldi"},"content":{"rendered":"\n<p>H\u0131d\u0131ro\u011fullar\u0131 S\u00fclalesi G\u00fcce\u2019de Bir Araya Geldi. H\u0131d\u0131ro\u011fullar\u0131 S\u00fclalesi G\u00fcce il\u00e7esinde d\u00fczenlenen yemekte bir araya geldi.<\/p>\n\n\n\n<figure class=\"wp-block-image size-large\"><img loading=\"lazy\" decoding=\"async\" width=\"1024\" height=\"683\" src=\"https:\/\/www.gucehaber.com\/wp-content\/uploads\/2023\/07\/IMG_8860-1024x683.jpg\" alt=\"\" class=\"wp-image-1144\" srcset=\"https:\/\/www.gucehaber.com\/wp-content\/uploads\/2023\/07\/IMG_8860-1024x683.jpg 1024w, https:\/\/www.gucehaber.com\/wp-content\/uploads\/2023\/07\/IMG_8860-300x200.jpg 300w, https:\/\/www.gucehaber.com\/wp-content\/uploads\/2023\/07\/IMG_8860-768x512.jpg 768w, https:\/\/www.gucehaber.com\/wp-content\/uploads\/2023\/07\/IMG_8860.jpg 1152w\" sizes=\"auto, (max-width: 1024px) 100vw, 1024px\" \/><\/figure>\n\n\n\n<p>H\u0131d\u0131ro\u011flu S\u00fclalesi K\u00fclt\u00fcr Derne\u011fi taraf\u0131ndan d\u00fczenlenen yemekte T\u00fcrkiyenin de\u011fi\u015fik il ve il\u00e7elerinde ya\u015fayan H\u0131d\u0131ro\u011fullar\u0131 s\u00fclalesi G\u00fcce il\u00e7esinde bir araya geldi.<\/p>\n\n\n\n<figure class=\"wp-block-image size-large\"><img loading=\"lazy\" decoding=\"async\" width=\"1024\" height=\"683\" src=\"https:\/\/www.gucehaber.com\/wp-content\/uploads\/2023\/07\/IMG_8833-1024x683.jpg\" alt=\"\" class=\"wp-image-1145\" srcset=\"https:\/\/www.gucehaber.com\/wp-content\/uploads\/2023\/07\/IMG_8833-1024x683.jpg 1024w, https:\/\/www.gucehaber.com\/wp-content\/uploads\/2023\/07\/IMG_8833-300x200.jpg 300w, https:\/\/www.gucehaber.com\/wp-content\/uploads\/2023\/07\/IMG_8833-768x512.jpg 768w, https:\/\/www.gucehaber.com\/wp-content\/uploads\/2023\/07\/IMG_8833.jpg 1152w\" sizes=\"auto, (max-width: 1024px) 100vw, 1024px\" \/><\/figure>\n\n\n\n<p>\u00a0\u00a0 D\u00fczenlenen yemekli toplant\u0131da konu\u015fan Dernek Ba\u015fkan\u0131 Orhan H\u0131d\u0131ro\u011flu,T\u00fcrkiyenin \u00e7e\u015fitli yerlerinde ikamet eden H\u0131d\u0131ro\u011fullar\u0131n\u0131n birbirlerini tan\u0131malar\u0131 ve kayna\u015fmalar\u0131 i\u00e7in bu organizasyonlar\u0131n bulunmaz bir f\u0131rsat oldu\u011funu s\u00f6yledi.<\/p>\n\n\n\n<figure class=\"wp-block-image size-large\"><img loading=\"lazy\" decoding=\"async\" width=\"1024\" height=\"683\" src=\"https:\/\/www.gucehaber.com\/wp-content\/uploads\/2023\/07\/IMG_8836-1024x683.jpg\" alt=\"\" class=\"wp-image-1146\" srcset=\"https:\/\/www.gucehaber.com\/wp-content\/uploads\/2023\/07\/IMG_8836-1024x683.jpg 1024w, https:\/\/www.gucehaber.com\/wp-content\/uploads\/2023\/07\/IMG_8836-300x200.jpg 300w, https:\/\/www.gucehaber.com\/wp-content\/uploads\/2023\/07\/IMG_8836-768x512.jpg 768w, https:\/\/www.gucehaber.com\/wp-content\/uploads\/2023\/07\/IMG_8836.jpg 1152w\" sizes=\"auto, (max-width: 1024px) 100vw, 1024px\" \/><\/figure>\n\n\n\n<p>\u00a0 Dernek olarak b\u00f6yle bulu\u015fmalar\u0131 geleneksel hale getireceklerini belirten H\u0131d\u0131ro\u011flu,\u201dH\u0131d\u0131ro\u011fullar\u0131 Anadolu\u2019ya ilk giren T\u00fcrklerdendir. (\u00c7epniler).\u00c7e\u015fitli sebeplerle soyad\u0131 de\u011fi\u015ftirmi\u015f olan akrabalar\u0131m\u0131z kendilerine soruldu\u011funda H\u0131d\u0131ro\u011fluyum demekte ve \u00e7evreleri taraf\u0131ndan H\u0131d\u0131ro\u011fullar\u0131ndan diye tarif edilmektedirler.<\/p>\n\n\n\n<figure class=\"wp-block-image size-large\"><img loading=\"lazy\" decoding=\"async\" width=\"1024\" height=\"683\" src=\"https:\/\/www.gucehaber.com\/wp-content\/uploads\/2023\/07\/IMG_8857-1024x683.jpg\" alt=\"\" class=\"wp-image-1147\" srcset=\"https:\/\/www.gucehaber.com\/wp-content\/uploads\/2023\/07\/IMG_8857-1024x683.jpg 1024w, https:\/\/www.gucehaber.com\/wp-content\/uploads\/2023\/07\/IMG_8857-300x200.jpg 300w, https:\/\/www.gucehaber.com\/wp-content\/uploads\/2023\/07\/IMG_8857-768x512.jpg 768w, https:\/\/www.gucehaber.com\/wp-content\/uploads\/2023\/07\/IMG_8857.jpg 1152w\" sizes=\"auto, (max-width: 1024px) 100vw, 1024px\" \/><\/figure>\n\n\n\n<p>H\u0131d\u0131ro\u011flu soyad\u0131 olan, soyad\u0131 de\u011fi\u015fmi\u015f oldu\u011fu halde de\u011fi\u015fik soyad\u0131 alm\u0131\u015f, anne baba, anneanne, dedelerden veya evlilik nedeniyle H\u0131d\u0131ro\u011fullar\u0131 ile akraba olan herkesi haberdar etmek, bir araya getirmek ve d\u00fcnyan\u0131n neresinde olursa olsun akrabalar\u0131 birbirine yak\u0131nla\u015ft\u0131r\u0131p B\u00fcy\u00fck H\u0131d\u0131ro\u011flu S\u00fclalesini meydana \u00e7\u0131kartmak i\u00e7in yo\u011fun \u00e7aba harc\u0131yoruz.Yo\u011fun olarak Karadeniz de Giresun, Trabzon, Rize, Samsun Ordu, Zonguldak il ve il\u00e7elerinde yerle\u015fmelerine ra\u011fmen Gaziantep, Adana, Hatay, Sivas, Erzincan, Erzurum, Konya, Manisa, Afyon, Bal\u0131kesir, \u0130zmir de yerle\u015fiktirler.T\u00fcrkiye geneline da\u011f\u0131lm\u0131\u015f H\u0131d\u0131ro\u011fullar\u0131n\u0131\u00a0 kurdu\u011fumuz bu dernek sayesinde birbirlerini tan\u0131malar\u0131n\u0131 ve kayna\u015fmalar\u0131n\u0131 ama\u00e7l\u0131yoruz\u201d dedi.<\/p>\n\n\n\n<figure class=\"wp-block-image size-large\"><img loading=\"lazy\" decoding=\"async\" width=\"1024\" height=\"683\" src=\"https:\/\/www.gucehaber.com\/wp-content\/uploads\/2023\/07\/IMG_8851-1024x683.jpg\" alt=\"\" class=\"wp-image-1148\" srcset=\"https:\/\/www.gucehaber.com\/wp-content\/uploads\/2023\/07\/IMG_8851-1024x683.jpg 1024w, https:\/\/www.gucehaber.com\/wp-content\/uploads\/2023\/07\/IMG_8851-300x200.jpg 300w, https:\/\/www.gucehaber.com\/wp-content\/uploads\/2023\/07\/IMG_8851-768x512.jpg 768w, https:\/\/www.gucehaber.com\/wp-content\/uploads\/2023\/07\/IMG_8851.jpg 1152w\" sizes=\"auto, (max-width: 1024px) 100vw, 1024px\" \/><\/figure>\n\n\n\n<p>\u00a0Program, yemek ikram\u0131 ve konu\u015fmalar\u0131n ard\u0131ndan toplu aile foto\u011fraf\u0131 \u00e7ekildikten sonra sona erdi.<\/p>\n\n\n\n<figure class=\"wp-block-image size-large\"><img loading=\"lazy\" decoding=\"async\" width=\"1024\" height=\"683\" src=\"https:\/\/www.gucehaber.com\/wp-content\/uploads\/2023\/07\/IMG_8843-1024x683.jpg\" alt=\"\" class=\"wp-image-1149\" srcset=\"https:\/\/www.gucehaber.com\/wp-content\/uploads\/2023\/07\/IMG_8843-1024x683.jpg 1024w, https:\/\/www.gucehaber.com\/wp-content\/uploads\/2023\/07\/IMG_8843-300x200.jpg 300w, https:\/\/www.gucehaber.com\/wp-content\/uploads\/2023\/07\/IMG_8843-768x512.jpg 768w, https:\/\/www.gucehaber.com\/wp-content\/uploads\/2023\/07\/IMG_8843.jpg 1152w\" sizes=\"auto, (max-width: 1024px) 100vw, 1024px\" \/><\/figure>\n","protected":false},"excerpt":{"rendered":"<p>H\u0131d\u0131ro\u011fullar\u0131 S\u00fclalesi G\u00fcce\u2019de Bir Araya Geldi. H\u0131d\u0131ro\u011fullar\u0131 S\u00fclalesi G\u00fcce il\u00e7esinde d\u00fczenlenen yemekte bir araya geldi. H\u0131d\u0131ro\u011flu S\u00fclalesi K\u00fclt\u00fcr Derne\u011fi taraf\u0131ndan d\u00fczenlenen yemekte T\u00fcrkiyenin de\u011fi\u015fik il ve il\u00e7elerinde ya\u015fayan H\u0131d\u0131ro\u011fullar\u0131 s\u00fclalesi G\u00fcce il\u00e7esinde bir araya geldi. \u00a0\u00a0 D\u00fczenlenen yemekli toplant\u0131da konu\u015fan Dernek Ba\u015fkan\u0131 Orhan H\u0131d\u0131ro\u011flu,T\u00fcrkiyenin \u00e7e\u015fitli yerlerinde ikamet eden H\u0131d\u0131ro\u011fullar\u0131n\u0131n birbirlerini tan\u0131malar\u0131 ve kayna\u015fmalar\u0131 i\u00e7in bu [&hellip;]<\/p>\n","protected":false},"author":1,"featured_media":1144,"comment_status":"open","ping_status":"open","sticky":false,"template":"","format":"standard","meta":{"footnotes":""},"categories":[7,1],"tags":[],"class_list":["post-1141","post","type-post","status-publish","format-standard","has-post-thumbnail","hentry","category-guce","category-uncategorized"],"aioseo_notices":[],"_links":{"self":[{"href":"https:\/\/www.gucehaber.com\/index.php\/wp-json\/wp\/v2\/posts\/1141","targetHints":{"allow":["GET"]}}],"collection":[{"href":"https:\/\/www.gucehaber.com\/index.php\/wp-json\/wp\/v2\/posts"}],"about":[{"href":"https:\/\/www.gucehaber.com\/index.php\/wp-json\/wp\/v2\/types\/post"}],"author":[{"embeddable":true,"href":"https:\/\/www.gucehaber.com\/index.php\/wp-json\/wp\/v2\/users\/1"}],"replies":[{"embeddable":true,"href":"https:\/\/www.gucehaber.com\/index.php\/wp-json\/wp\/v2\/comments?post=1141"}],"version-history":[{"count":3,"href":"https:\/\/www.gucehaber.com\/index.php\/wp-json\/wp\/v2\/posts\/1141\/revisions"}],"predecessor-version":[{"id":1150,"href":"https:\/\/www.gucehaber.com\/index.php\/wp-json\/wp\/v2\/posts\/1141\/revisions\/1150"}],"wp:featuredmedia":[{"embeddable":true,"href":"https:\/\/www.gucehaber.com\/index.php\/wp-json\/wp\/v2\/media\/1144"}],"wp:attachment":[{"href":"https:\/\/www.gucehaber.com\/index.php\/wp-json\/wp\/v2\/media?parent=1141"}],"wp:term":[{"taxonomy":"category","embeddable":true,"href":"https:\/\/www.gucehaber.com\/index.php\/wp-json\/wp\/v2\/categories?post=1141"},{"taxonomy":"post_tag","embeddable":true,"href":"https:\/\/www.gucehaber.com\/index.php\/wp-json\/wp\/v2\/tags?post=1141"}],"curies":[{"name":"wp","href":"https:\/\/api.w.org\/{rel}","templated":true}]}}