{"id":113,"date":"2019-11-04T18:11:00","date_gmt":"2019-11-04T18:11:00","guid":{"rendered":"http:\/\/www.gucehaber.com\/?p=113"},"modified":"2020-09-06T18:13:11","modified_gmt":"2020-09-06T18:13:11","slug":"gucede-yaylacilar-koye-donus-yolunda","status":"publish","type":"post","link":"https:\/\/www.gucehaber.com\/index.php\/2019\/11\/04\/gucede-yaylacilar-koye-donus-yolunda\/","title":{"rendered":"G\u00fcce\u2019de Yaylac\u0131lar K\u00f6ye D\u00f6n\u00fc\u015f Yolunda"},"content":{"rendered":"\n<p>G\u00fcce\u2019de kar ya\u011f\u0131\u015f\u0131 nedeniyle yaylalardaki besiciler hayvanlar\u0131yla k\u00f6ylere d\u00f6nmeye ba\u015flad\u0131.<\/p>\n\n\n\n<figure class=\"wp-block-image size-large\"><img loading=\"lazy\" decoding=\"async\" width=\"960\" height=\"540\" src=\"http:\/\/www.gucehaber.com\/wp-content\/uploads\/2020\/09\/yayla6.jpg\" alt=\"\" class=\"wp-image-114\" srcset=\"https:\/\/www.gucehaber.com\/wp-content\/uploads\/2020\/09\/yayla6.jpg 960w, https:\/\/www.gucehaber.com\/wp-content\/uploads\/2020\/09\/yayla6-300x169.jpg 300w, https:\/\/www.gucehaber.com\/wp-content\/uploads\/2020\/09\/yayla6-768x432.jpg 768w\" sizes=\"auto, (max-width: 960px) 100vw, 960px\" \/><\/figure>\n\n\n\n<p>Yaz aylar\u0131nda havalar\u0131n \u0131s\u0131nmas\u0131yla, hayvanlar\u0131yla birlikte yaylalara \u00e7\u0131kan yaylac\u0131lar, kar ya\u011f\u0131\u015f\u0131yla birlikte yaylalar\u0131 bo\u015faltmaya ba\u015flad\u0131.<\/p>\n\n\n\n<figure class=\"wp-block-image size-large\"><img loading=\"lazy\" decoding=\"async\" width=\"960\" height=\"720\" src=\"http:\/\/www.gucehaber.com\/wp-content\/uploads\/2020\/09\/yayla-4-1.jpg\" alt=\"\" class=\"wp-image-115\" srcset=\"https:\/\/www.gucehaber.com\/wp-content\/uploads\/2020\/09\/yayla-4-1.jpg 960w, https:\/\/www.gucehaber.com\/wp-content\/uploads\/2020\/09\/yayla-4-1-300x225.jpg 300w, https:\/\/www.gucehaber.com\/wp-content\/uploads\/2020\/09\/yayla-4-1-768x576.jpg 768w\" sizes=\"auto, (max-width: 960px) 100vw, 960px\" \/><\/figure>\n\n\n\n<p>Yayladan Kuluncak K\u00f6y\u00fcne d\u00f6nen besici \u0130sa Kara ve \u015eaban Kara, &nbsp;her y\u0131l s\u00fcr\u00fcs\u00fcn\u00fc otlatmak i\u00e7in A\u011fa\u00e7ba\u015f\u0131 Yaylas\u0131\u2019na \u00e7\u0131kartt\u0131\u011f\u0131n\u0131 s\u00f6yledi. Son g\u00fcnlerde havalar\u0131n so\u011fumas\u0131yla yaylalara kar ya\u011fmaya ba\u015flad\u0131\u011f\u0131n\u0131 ifade eden \u0130sa Kara, \u201cKar ya\u011f\u0131\u015f\u0131 nedeniyle k\u00f6ylere d\u00f6nmek zorunda kald\u0131k. Art\u0131k bundan sonra yaylalarda hayvanlar\u0131m\u0131zla beraber kalmam\u0131z zorla\u015ft\u0131, yayla sezonunu kapatarak k\u00f6ylerimize d\u00f6n\u00fcyoruz.\u201d dedi.<\/p>\n\n\n\n<figure class=\"wp-block-image size-large\"><img loading=\"lazy\" decoding=\"async\" width=\"960\" height=\"540\" src=\"http:\/\/www.gucehaber.com\/wp-content\/uploads\/2020\/09\/yayla-2-1.jpg\" alt=\"\" class=\"wp-image-116\" srcset=\"https:\/\/www.gucehaber.com\/wp-content\/uploads\/2020\/09\/yayla-2-1.jpg 960w, https:\/\/www.gucehaber.com\/wp-content\/uploads\/2020\/09\/yayla-2-1-300x169.jpg 300w, https:\/\/www.gucehaber.com\/wp-content\/uploads\/2020\/09\/yayla-2-1-768x432.jpg 768w\" sizes=\"auto, (max-width: 960px) 100vw, 960px\" \/><\/figure>\n\n\n\n<p>\u2018KAR GELD\u0130 YAYLADA \u0130\u015e\u0130M\u0130Z B\u0130TT\u0130\u2019<\/p>\n\n\n\n<p>Bu sezon yaylalarda g\u00fczel vakit ge\u00e7irdiklerini anlatan yaylac\u0131 \u015eaban Kara ise kar\u0131n gelmesiyle birlikte yayladaki i\u015flerinin tamamen bitti\u011fini s\u00f6yledi. Kara, \u2018Bu sene yaylalarda odun yapt\u0131k, hayvanlar\u0131m\u0131z\u0131 otlatt\u0131k. \u00c7ok g\u00fczel g\u00fcnler ge\u00e7irdik, yaylalar\u0131m\u0131z \u00e7ok g\u00fczel. Yaylalar\u0131 \u00e7ok seviyoruz. Art\u0131k d\u00f6n\u00fcyoruz, kar geldi yaylada i\u015fimiz bitti, \u015fimdi k\u00f6ydeki i\u015flerimize gidiyoruz\u2019 dedi.<\/p>\n\n\n\n<figure class=\"wp-block-image size-large\"><img loading=\"lazy\" decoding=\"async\" width=\"540\" height=\"960\" src=\"http:\/\/www.gucehaber.com\/wp-content\/uploads\/2020\/09\/Yayla-1.jpg\" alt=\"\" class=\"wp-image-117\" srcset=\"https:\/\/www.gucehaber.com\/wp-content\/uploads\/2020\/09\/Yayla-1.jpg 540w, https:\/\/www.gucehaber.com\/wp-content\/uploads\/2020\/09\/Yayla-1-169x300.jpg 169w\" sizes=\"auto, (max-width: 540px) 100vw, 540px\" \/><\/figure>\n\n\n\n<p>YAYLACILIK GELENE\u011e\u0130<\/p>\n\n\n\n<p>G\u00fcce il\u00e7esinde, as\u0131rlard\u0131r gelenek olarak ya\u015fat\u0131lan yaylac\u0131l\u0131k, Nisan ay\u0131 ortalar\u0131nda ba\u015fl\u0131yor. Hayvanlar\u0131yla yaylalara g\u00f6\u00e7 edenler, y\u0131l\u0131n 4 ya da 5 ay\u0131n\u0131 buralarda ge\u00e7iriyor. \u00d6zellikle hayvanlar\u0131n\u0131 otlatmak amac\u0131yla yaylalara \u00e7\u0131kanlar, buralarda kald\u0131klar\u0131 s\u00fcre i\u00e7erisinde hem k\u0131\u015f aylar\u0131nda t\u00fcketecekleri s\u00fct \u00fcr\u00fcnlerini elde ediyor hem de hayvanlar\u0131n\u0131n t\u00fcketece\u011fi otlar\u0131 bi\u00e7iyor. Yaylada, ineklerin s\u00fct\u00fcnden tereya\u011f\u0131 ve peynir \u00e7e\u015fitleri haz\u0131rlayanlar\u0131n kimi \u00fcr\u00fcn\u00fcn\u00fc satarak, ge\u00e7imine katk\u0131 sa\u011flarken kimi de ailesinin k\u0131\u015f mevsimindeki yiyece\u011fini elde ediyor. Yaylac\u0131lar eyl\u00fcl ay\u0131 sonunda k\u00f6ylerine d\u00f6n\u00fcyor.<\/p>\n","protected":false},"excerpt":{"rendered":"<p>G\u00fcce\u2019de kar ya\u011f\u0131\u015f\u0131 nedeniyle yaylalardaki besiciler hayvanlar\u0131yla k\u00f6ylere d\u00f6nmeye ba\u015flad\u0131. Yaz aylar\u0131nda havalar\u0131n \u0131s\u0131nmas\u0131yla, hayvanlar\u0131yla birlikte yaylalara \u00e7\u0131kan yaylac\u0131lar, kar ya\u011f\u0131\u015f\u0131yla birlikte yaylalar\u0131 bo\u015faltmaya ba\u015flad\u0131. Yayladan Kuluncak K\u00f6y\u00fcne d\u00f6nen besici \u0130sa Kara ve \u015eaban Kara, &nbsp;her y\u0131l s\u00fcr\u00fcs\u00fcn\u00fc otlatmak i\u00e7in A\u011fa\u00e7ba\u015f\u0131 Yaylas\u0131\u2019na \u00e7\u0131kartt\u0131\u011f\u0131n\u0131 s\u00f6yledi. Son g\u00fcnlerde havalar\u0131n so\u011fumas\u0131yla yaylalara kar ya\u011fmaya ba\u015flad\u0131\u011f\u0131n\u0131 ifade eden \u0130sa [&hellip;]<\/p>\n","protected":false},"author":1,"featured_media":114,"comment_status":"open","ping_status":"open","sticky":false,"template":"","format":"standard","meta":{"footnotes":""},"categories":[7],"tags":[],"class_list":["post-113","post","type-post","status-publish","format-standard","has-post-thumbnail","hentry","category-guce"],"aioseo_notices":[],"_links":{"self":[{"href":"https:\/\/www.gucehaber.com\/index.php\/wp-json\/wp\/v2\/posts\/113","targetHints":{"allow":["GET"]}}],"collection":[{"href":"https:\/\/www.gucehaber.com\/index.php\/wp-json\/wp\/v2\/posts"}],"about":[{"href":"https:\/\/www.gucehaber.com\/index.php\/wp-json\/wp\/v2\/types\/post"}],"author":[{"embeddable":true,"href":"https:\/\/www.gucehaber.com\/index.php\/wp-json\/wp\/v2\/users\/1"}],"replies":[{"embeddable":true,"href":"https:\/\/www.gucehaber.com\/index.php\/wp-json\/wp\/v2\/comments?post=113"}],"version-history":[{"count":1,"href":"https:\/\/www.gucehaber.com\/index.php\/wp-json\/wp\/v2\/posts\/113\/revisions"}],"predecessor-version":[{"id":118,"href":"https:\/\/www.gucehaber.com\/index.php\/wp-json\/wp\/v2\/posts\/113\/revisions\/118"}],"wp:featuredmedia":[{"embeddable":true,"href":"https:\/\/www.gucehaber.com\/index.php\/wp-json\/wp\/v2\/media\/114"}],"wp:attachment":[{"href":"https:\/\/www.gucehaber.com\/index.php\/wp-json\/wp\/v2\/media?parent=113"}],"wp:term":[{"taxonomy":"category","embeddable":true,"href":"https:\/\/www.gucehaber.com\/index.php\/wp-json\/wp\/v2\/categories?post=113"},{"taxonomy":"post_tag","embeddable":true,"href":"https:\/\/www.gucehaber.com\/index.php\/wp-json\/wp\/v2\/tags?post=113"}],"curies":[{"name":"wp","href":"https:\/\/api.w.org\/{rel}","templated":true}]}}