{"id":1124,"date":"2023-05-09T15:11:36","date_gmt":"2023-05-09T15:11:36","guid":{"rendered":"https:\/\/www.gucehaber.com\/?p=1124"},"modified":"2023-05-09T15:14:00","modified_gmt":"2023-05-09T15:14:00","slug":"gucede-sehit-mezarlarinda-duzenleme-calismasi-yapildi","status":"publish","type":"post","link":"https:\/\/www.gucehaber.com\/index.php\/2023\/05\/09\/gucede-sehit-mezarlarinda-duzenleme-calismasi-yapildi\/","title":{"rendered":"G\u00fcce&#8217;de \u015fehit mezarlar\u0131nda d\u00fczenleme \u00e7al\u0131\u015fmas\u0131 yap\u0131ld\u0131"},"content":{"rendered":"\n<p>G\u00fcce&#8217;de, 1. D\u00fcnya Sava\u015f\u0131&#8217;nda Har\u015fit Vadisi&#8217;nde Ruslarla m\u00fccadelede en \u00f6nemli cephelerden biri olan G\u00fcce il\u00e7esinde yer alan \u015eaban Kalesi&#8217;ndeki \u015fehit mezarlar\u0131nda d\u00fczenleme \u00e7al\u0131\u015fmas\u0131 yap\u0131ld\u0131.<\/p>\n\n\n\n<figure class=\"wp-block-image size-large\"><img loading=\"lazy\" decoding=\"async\" width=\"1024\" height=\"683\" src=\"https:\/\/www.gucehaber.com\/wp-content\/uploads\/2023\/05\/IMG_8421-1024x683.jpg\" alt=\"\" class=\"wp-image-1125\" srcset=\"https:\/\/www.gucehaber.com\/wp-content\/uploads\/2023\/05\/IMG_8421-1024x683.jpg 1024w, https:\/\/www.gucehaber.com\/wp-content\/uploads\/2023\/05\/IMG_8421-300x200.jpg 300w, https:\/\/www.gucehaber.com\/wp-content\/uploads\/2023\/05\/IMG_8421-768x512.jpg 768w, https:\/\/www.gucehaber.com\/wp-content\/uploads\/2023\/05\/IMG_8421.jpg 1152w\" sizes=\"auto, (max-width: 1024px) 100vw, 1024px\" \/><\/figure>\n\n\n\n<p>Giresun Do\u011fa Koruma ve Milli Parklar \u015eube M\u00fcd\u00fcrl\u00fc\u011f\u00fc ve Bafra A\u00e7\u0131k Ceza \u0130nfaz Kurumunun ortakla\u015fa haz\u0131rlam\u0131\u015f olduklar\u0131 projeyle 1917 y\u0131l\u0131ndaki 1.D\u00fcnya Sava\u015f\u0131nda \u015eabankalesi&#8217;nde m\u00fccadele ederken \u015fehit d\u00fc\u015fen askerlerin mezarlar\u0131nda d\u00fczenleme \u00e7al\u0131\u015fmas\u0131 ba\u015flat\u0131ld\u0131.<\/p>\n\n\n\n<figure class=\"wp-block-image size-large\"><img loading=\"lazy\" decoding=\"async\" width=\"1024\" height=\"683\" src=\"https:\/\/www.gucehaber.com\/wp-content\/uploads\/2023\/05\/IMG_8432-1024x683.jpg\" alt=\"\" class=\"wp-image-1126\" srcset=\"https:\/\/www.gucehaber.com\/wp-content\/uploads\/2023\/05\/IMG_8432-1024x683.jpg 1024w, https:\/\/www.gucehaber.com\/wp-content\/uploads\/2023\/05\/IMG_8432-300x200.jpg 300w, https:\/\/www.gucehaber.com\/wp-content\/uploads\/2023\/05\/IMG_8432-768x512.jpg 768w, https:\/\/www.gucehaber.com\/wp-content\/uploads\/2023\/05\/IMG_8432.jpg 1152w\" sizes=\"auto, (max-width: 1024px) 100vw, 1024px\" \/><\/figure>\n\n\n\n<p>\u00a0 G\u00fcce Belediye Ba\u015fkan\u0131 Aytekin Boduro\u011flu \u00a0AA muhabirine yapt\u0131\u011f\u0131 a\u00e7\u0131klamada, , ebediyete intikal etmi\u015f kahramanlara kar\u015f\u0131 her zaman vefal\u0131 olmak gerekti\u011fini s\u00f6yledi.<\/p>\n\n\n\n<figure class=\"wp-block-image size-large\"><img loading=\"lazy\" decoding=\"async\" width=\"1024\" height=\"683\" src=\"https:\/\/www.gucehaber.com\/wp-content\/uploads\/2023\/05\/IMG_8425-1024x683.jpg\" alt=\"\" class=\"wp-image-1127\" srcset=\"https:\/\/www.gucehaber.com\/wp-content\/uploads\/2023\/05\/IMG_8425-1024x683.jpg 1024w, https:\/\/www.gucehaber.com\/wp-content\/uploads\/2023\/05\/IMG_8425-300x200.jpg 300w, https:\/\/www.gucehaber.com\/wp-content\/uploads\/2023\/05\/IMG_8425-768x512.jpg 768w, https:\/\/www.gucehaber.com\/wp-content\/uploads\/2023\/05\/IMG_8425.jpg 1152w\" sizes=\"auto, (max-width: 1024px) 100vw, 1024px\" \/><\/figure>\n\n\n\n<p>\u00a0Ba\u015fkan Boduro\u011flu,1.D\u00fcnya Sava\u015f\u0131&#8217;nda d\u00fc\u015fmanla cansiperane sava\u015fan ve \u015fehit olan askerlerin defnedildi\u011fi \u015eaban Kalesi&#8217;ndeki \u015fehit mezarlar\u0131yla ilgili \u00e7al\u0131\u015fmalar\u0131n\u0131n devam etti\u011fini belirterek,&#8221;Bize bu vatan\u0131 b\u0131rakanlara minnet borcumuz var, hat\u0131ralar\u0131n\u0131 ya\u015fatmam\u0131z, gelecek nesillere aktarmam\u0131z gerekiyor. \u015eaban Kalesi&#8217;nin yerli ve yabanc\u0131 misafirler taraf\u0131ndan gezilmesini sa\u011flamak i\u00e7in yo\u011fun \u00e7aba sarf ediyoruz.\u0130l\u00e7emize ba\u011fl\u0131 Giyimli Mahallesinde bulunan \u015eaban Kale\u2019sindeki\u00a0 \u015eehit Mezarlar\u0131n\u0131n restore edilmesinde yo\u011fun \u00e7aba sarf eden Giresun Do\u011fa Koruma ve Milli Parklar \u015eube M\u00fcd\u00fcr\u00fc Ali H\u0131d\u0131r Beye,Bafra \u00a0A\u00e7\u0131k Ceza \u0130nfaz Kurumu M\u00fcd\u00fcr\u00fc \u0130brahim\u00a0 Bacak Beye, Bafra \u00a0A\u00e7\u0131k Ceza \u0130nfaz Kurumu At\u00f6lye \u015eefi G\u00f6khan Petek Beye ve eme\u011fi ge\u00e7en herkese te\u015fekk\u00fcr ediyorum.&#8221; diye konu\u015ftu.<\/p>\n\n\n\n<figure class=\"wp-block-image size-large\"><img loading=\"lazy\" decoding=\"async\" width=\"1024\" height=\"683\" src=\"https:\/\/www.gucehaber.com\/wp-content\/uploads\/2023\/05\/IMG_8438-1024x683.jpg\" alt=\"\" class=\"wp-image-1128\" srcset=\"https:\/\/www.gucehaber.com\/wp-content\/uploads\/2023\/05\/IMG_8438-1024x683.jpg 1024w, https:\/\/www.gucehaber.com\/wp-content\/uploads\/2023\/05\/IMG_8438-300x200.jpg 300w, https:\/\/www.gucehaber.com\/wp-content\/uploads\/2023\/05\/IMG_8438-768x512.jpg 768w, https:\/\/www.gucehaber.com\/wp-content\/uploads\/2023\/05\/IMG_8438.jpg 1152w\" sizes=\"auto, (max-width: 1024px) 100vw, 1024px\" \/><\/figure>\n","protected":false},"excerpt":{"rendered":"<p>G\u00fcce&#8217;de, 1. D\u00fcnya Sava\u015f\u0131&#8217;nda Har\u015fit Vadisi&#8217;nde Ruslarla m\u00fccadelede en \u00f6nemli cephelerden biri olan G\u00fcce il\u00e7esinde yer alan \u015eaban Kalesi&#8217;ndeki \u015fehit mezarlar\u0131nda d\u00fczenleme \u00e7al\u0131\u015fmas\u0131 yap\u0131ld\u0131. Giresun Do\u011fa Koruma ve Milli Parklar \u015eube M\u00fcd\u00fcrl\u00fc\u011f\u00fc ve Bafra A\u00e7\u0131k Ceza \u0130nfaz Kurumunun ortakla\u015fa haz\u0131rlam\u0131\u015f olduklar\u0131 projeyle 1917 y\u0131l\u0131ndaki 1.D\u00fcnya Sava\u015f\u0131nda \u015eabankalesi&#8217;nde m\u00fccadele ederken \u015fehit d\u00fc\u015fen askerlerin mezarlar\u0131nda d\u00fczenleme \u00e7al\u0131\u015fmas\u0131 [&hellip;]<\/p>\n","protected":false},"author":1,"featured_media":1125,"comment_status":"open","ping_status":"open","sticky":false,"template":"","format":"standard","meta":{"footnotes":""},"categories":[8,7],"tags":[],"class_list":["post-1124","post","type-post","status-publish","format-standard","has-post-thumbnail","hentry","category-giresun","category-guce"],"aioseo_notices":[],"_links":{"self":[{"href":"https:\/\/www.gucehaber.com\/index.php\/wp-json\/wp\/v2\/posts\/1124","targetHints":{"allow":["GET"]}}],"collection":[{"href":"https:\/\/www.gucehaber.com\/index.php\/wp-json\/wp\/v2\/posts"}],"about":[{"href":"https:\/\/www.gucehaber.com\/index.php\/wp-json\/wp\/v2\/types\/post"}],"author":[{"embeddable":true,"href":"https:\/\/www.gucehaber.com\/index.php\/wp-json\/wp\/v2\/users\/1"}],"replies":[{"embeddable":true,"href":"https:\/\/www.gucehaber.com\/index.php\/wp-json\/wp\/v2\/comments?post=1124"}],"version-history":[{"count":2,"href":"https:\/\/www.gucehaber.com\/index.php\/wp-json\/wp\/v2\/posts\/1124\/revisions"}],"predecessor-version":[{"id":1130,"href":"https:\/\/www.gucehaber.com\/index.php\/wp-json\/wp\/v2\/posts\/1124\/revisions\/1130"}],"wp:featuredmedia":[{"embeddable":true,"href":"https:\/\/www.gucehaber.com\/index.php\/wp-json\/wp\/v2\/media\/1125"}],"wp:attachment":[{"href":"https:\/\/www.gucehaber.com\/index.php\/wp-json\/wp\/v2\/media?parent=1124"}],"wp:term":[{"taxonomy":"category","embeddable":true,"href":"https:\/\/www.gucehaber.com\/index.php\/wp-json\/wp\/v2\/categories?post=1124"},{"taxonomy":"post_tag","embeddable":true,"href":"https:\/\/www.gucehaber.com\/index.php\/wp-json\/wp\/v2\/tags?post=1124"}],"curies":[{"name":"wp","href":"https:\/\/api.w.org\/{rel}","templated":true}]}}