{"id":1089,"date":"2023-03-23T21:36:49","date_gmt":"2023-03-23T21:36:49","guid":{"rendered":"https:\/\/www.gucehaber.com\/?p=1089"},"modified":"2023-03-23T21:36:51","modified_gmt":"2023-03-23T21:36:51","slug":"gucede-ogrenciler-saban-kale-sehitligini-ziyaret-etti","status":"publish","type":"post","link":"https:\/\/www.gucehaber.com\/index.php\/2023\/03\/23\/gucede-ogrenciler-saban-kale-sehitligini-ziyaret-etti\/","title":{"rendered":"G\u00fcce\u2019de \u00d6\u011frenciler \u015eaban Kale \u015eehitli\u011fini Ziyaret Etti"},"content":{"rendered":"\n<p>\u00a0\u00a0 G\u00fcce \u00c7ok Programl\u0131 Anadolu Lisesi, G\u00fcce\u00a0 \u0130mam Hatip Ortaokulu ve Z\u00fcbeyde Han\u0131m Yat\u0131l\u0131 B\u00f6lge Ortaokulu \u00a0\u00f6\u011frencileri, \u015eaban Kale \u015eehitli\u011fi&#8217;ni ziyaret etti.\u00a0<\/p>\n\n\n\n<figure class=\"wp-block-image size-large\"><img loading=\"lazy\" decoding=\"async\" width=\"1024\" height=\"683\" src=\"https:\/\/www.gucehaber.com\/wp-content\/uploads\/2023\/03\/IMG_8341-1024x683.jpg\" alt=\"\" class=\"wp-image-1090\" srcset=\"https:\/\/www.gucehaber.com\/wp-content\/uploads\/2023\/03\/IMG_8341-1024x683.jpg 1024w, https:\/\/www.gucehaber.com\/wp-content\/uploads\/2023\/03\/IMG_8341-300x200.jpg 300w, https:\/\/www.gucehaber.com\/wp-content\/uploads\/2023\/03\/IMG_8341-768x512.jpg 768w, https:\/\/www.gucehaber.com\/wp-content\/uploads\/2023\/03\/IMG_8341.jpg 1152w\" sizes=\"auto, (max-width: 1024px) 100vw, 1024px\" \/><\/figure>\n\n\n\n<p>\u00a0\u00a0\u00a0 G\u00fcce \u0130l\u00e7e Milli E\u011fitim M\u00fcd\u00fcrl\u00fc\u011f\u00fcn\u00fcn d\u00fczenlemi\u015f oldu\u011fu \u015fehitlik ziyaretinde \u00f6\u011frencilere, Birinci D\u00fcnya Sava\u015f\u0131 s\u0131ras\u0131nda 1916 1917 y\u0131llar\u0131 aras\u0131nda Rus Ordusu taraf\u0131ndan Giresun\u2019un Har\u015fit Vadisi b\u00f6lgesine yap\u0131lan i\u015fgal ve i\u015fgale kar\u015f\u0131 g\u00f6sterilen ola\u011fan\u00fcst\u00fc direni\u015fin sembol\u00fc olan &#8220;\u015eaban Kale Savunmas\u0131&#8221; s\u0131ras\u0131nda ya\u015fan\u0131lan olaylar anlat\u0131ld\u0131.<\/p>\n\n\n\n<figure class=\"wp-block-image size-large\"><img loading=\"lazy\" decoding=\"async\" width=\"1024\" height=\"683\" src=\"https:\/\/www.gucehaber.com\/wp-content\/uploads\/2023\/03\/IMG_8342-1024x683.jpg\" alt=\"\" class=\"wp-image-1091\" srcset=\"https:\/\/www.gucehaber.com\/wp-content\/uploads\/2023\/03\/IMG_8342-1024x683.jpg 1024w, https:\/\/www.gucehaber.com\/wp-content\/uploads\/2023\/03\/IMG_8342-300x200.jpg 300w, https:\/\/www.gucehaber.com\/wp-content\/uploads\/2023\/03\/IMG_8342-768x512.jpg 768w, https:\/\/www.gucehaber.com\/wp-content\/uploads\/2023\/03\/IMG_8342.jpg 1152w\" sizes=\"auto, (max-width: 1024px) 100vw, 1024px\" \/><\/figure>\n\n\n\n<p>\u00a0\u00a0\u00a0 \u00d6\u011frencilerle birlikte \u015fehitli\u011fi ziyaret eden \u0130l\u00e7e Milli E\u011fitim M\u00fcd\u00fcr\u00fc Kahir Al, yapt\u0131\u011f\u0131 a\u00e7\u0131klamada, sosyal ve k\u00fclt\u00fcrel etkinliklere \u00f6nem verdiklerini belirterek, Birinci D\u00fcnya Sava\u015f\u0131\u2019nda\u00a0 \u015eaban Kale Savunmas\u0131nda ya\u015fanan tarihi olaylar\u0131 \u00f6\u011frencilere aktard\u0131klar\u0131n\u0131 s\u00f6yledi.<\/p>\n\n\n\n<figure class=\"wp-block-image size-large\"><img loading=\"lazy\" decoding=\"async\" width=\"1024\" height=\"683\" src=\"https:\/\/www.gucehaber.com\/wp-content\/uploads\/2023\/03\/IMG_8345-1024x683.jpg\" alt=\"\" class=\"wp-image-1092\" srcset=\"https:\/\/www.gucehaber.com\/wp-content\/uploads\/2023\/03\/IMG_8345-1024x683.jpg 1024w, https:\/\/www.gucehaber.com\/wp-content\/uploads\/2023\/03\/IMG_8345-300x200.jpg 300w, https:\/\/www.gucehaber.com\/wp-content\/uploads\/2023\/03\/IMG_8345-768x512.jpg 768w, https:\/\/www.gucehaber.com\/wp-content\/uploads\/2023\/03\/IMG_8345.jpg 1152w\" sizes=\"auto, (max-width: 1024px) 100vw, 1024px\" \/><\/figure>\n\n\n\n<p>\u00a0\u00a0\u00a0\u00a0 \u00c7ocuklara milli ve manevi de\u011ferleri\u00a0yerinde \u00f6\u011fretmek, bu duygular\u0131 peki\u015ftirmek ad\u0131na bu t\u00fcr bir etkinlikler yapt\u0131klar\u0131n\u0131 belirten Al,&#8221;\u00c7ocuklara bu vatan\u0131n kolay kazan\u0131lmad\u0131\u011f\u0131n\u0131, bu u\u011furda \u015fehitler verildi\u011fini, gazilerimizin oldu\u011funu ve bize b\u0131rak\u0131lan miras\u0131n ne kadar de\u011ferli oldu\u011funu yerinde g\u00f6stermek istedik. Ayn\u0131 zamanda \u00e7ocuklar\u0131m\u0131za vatan, millet, bayrak ve ezan kavramlar\u0131n\u0131n ne kadar \u00f6nemli oldu\u011funu ya\u015fayarak \u00f6\u011fretmek istedik.&#8221;\u00a0diye konu\u015ftu.\u00a0<\/p>\n\n\n\n<figure class=\"wp-block-image size-large\"><img loading=\"lazy\" decoding=\"async\" width=\"1024\" height=\"683\" src=\"https:\/\/www.gucehaber.com\/wp-content\/uploads\/2023\/03\/IMG_8349-1024x683.jpg\" alt=\"\" class=\"wp-image-1093\" srcset=\"https:\/\/www.gucehaber.com\/wp-content\/uploads\/2023\/03\/IMG_8349-1024x683.jpg 1024w, https:\/\/www.gucehaber.com\/wp-content\/uploads\/2023\/03\/IMG_8349-300x200.jpg 300w, https:\/\/www.gucehaber.com\/wp-content\/uploads\/2023\/03\/IMG_8349-768x512.jpg 768w, https:\/\/www.gucehaber.com\/wp-content\/uploads\/2023\/03\/IMG_8349.jpg 1152w\" sizes=\"auto, (max-width: 1024px) 100vw, 1024px\" \/><\/figure>\n\n\n\n<p>\u00a0\u00a0 Konu\u015fmalar\u0131n ard\u0131ndan \u015fehitlikte okunan Kuran\u0131 Kerim ve dualar\u0131n ard\u0131ndan \u00f6\u011frencilere buradaki istikamlar gezdirildi.<\/p>\n\n\n\n<figure class=\"wp-block-image size-large\"><img loading=\"lazy\" decoding=\"async\" width=\"1024\" height=\"683\" src=\"https:\/\/www.gucehaber.com\/wp-content\/uploads\/2023\/03\/IMG_8354-1024x683.jpg\" alt=\"\" class=\"wp-image-1094\" srcset=\"https:\/\/www.gucehaber.com\/wp-content\/uploads\/2023\/03\/IMG_8354-1024x683.jpg 1024w, https:\/\/www.gucehaber.com\/wp-content\/uploads\/2023\/03\/IMG_8354-300x200.jpg 300w, https:\/\/www.gucehaber.com\/wp-content\/uploads\/2023\/03\/IMG_8354-768x512.jpg 768w, https:\/\/www.gucehaber.com\/wp-content\/uploads\/2023\/03\/IMG_8354.jpg 1152w\" sizes=\"auto, (max-width: 1024px) 100vw, 1024px\" \/><\/figure>\n\n\n\n<p>&nbsp;&nbsp; \u0130l\u00e7e Milli E\u011fitim M\u00fcd\u00fcrl\u00fc\u011f\u00fcn\u00fcn d\u00fczenlemi\u015f oldu\u011fu \u015fehitlik ziyaretine \u0130l\u00e7e Milli E\u011fitim M\u00fcd\u00fcr\u00fc Kahir Al,okul m\u00fcd\u00fcrleri,\u00f6\u011fretmenler ve \u00f6\u011frenciler kat\u0131ld\u0131.<\/p>\n","protected":false},"excerpt":{"rendered":"<p>\u00a0\u00a0 G\u00fcce \u00c7ok Programl\u0131 Anadolu Lisesi, G\u00fcce\u00a0 \u0130mam Hatip Ortaokulu ve Z\u00fcbeyde Han\u0131m Yat\u0131l\u0131 B\u00f6lge Ortaokulu \u00a0\u00f6\u011frencileri, \u015eaban Kale \u015eehitli\u011fi&#8217;ni ziyaret etti.\u00a0 \u00a0\u00a0\u00a0 G\u00fcce \u0130l\u00e7e Milli E\u011fitim M\u00fcd\u00fcrl\u00fc\u011f\u00fcn\u00fcn d\u00fczenlemi\u015f oldu\u011fu \u015fehitlik ziyaretinde \u00f6\u011frencilere, Birinci D\u00fcnya Sava\u015f\u0131 s\u0131ras\u0131nda 1916 1917 y\u0131llar\u0131 aras\u0131nda Rus Ordusu taraf\u0131ndan Giresun\u2019un Har\u015fit Vadisi b\u00f6lgesine yap\u0131lan i\u015fgal ve i\u015fgale kar\u015f\u0131 g\u00f6sterilen ola\u011fan\u00fcst\u00fc [&hellip;]<\/p>\n","protected":false},"author":1,"featured_media":1091,"comment_status":"open","ping_status":"open","sticky":false,"template":"","format":"standard","meta":{"footnotes":""},"categories":[7],"tags":[],"class_list":["post-1089","post","type-post","status-publish","format-standard","has-post-thumbnail","hentry","category-guce"],"aioseo_notices":[],"_links":{"self":[{"href":"https:\/\/www.gucehaber.com\/index.php\/wp-json\/wp\/v2\/posts\/1089","targetHints":{"allow":["GET"]}}],"collection":[{"href":"https:\/\/www.gucehaber.com\/index.php\/wp-json\/wp\/v2\/posts"}],"about":[{"href":"https:\/\/www.gucehaber.com\/index.php\/wp-json\/wp\/v2\/types\/post"}],"author":[{"embeddable":true,"href":"https:\/\/www.gucehaber.com\/index.php\/wp-json\/wp\/v2\/users\/1"}],"replies":[{"embeddable":true,"href":"https:\/\/www.gucehaber.com\/index.php\/wp-json\/wp\/v2\/comments?post=1089"}],"version-history":[{"count":1,"href":"https:\/\/www.gucehaber.com\/index.php\/wp-json\/wp\/v2\/posts\/1089\/revisions"}],"predecessor-version":[{"id":1095,"href":"https:\/\/www.gucehaber.com\/index.php\/wp-json\/wp\/v2\/posts\/1089\/revisions\/1095"}],"wp:featuredmedia":[{"embeddable":true,"href":"https:\/\/www.gucehaber.com\/index.php\/wp-json\/wp\/v2\/media\/1091"}],"wp:attachment":[{"href":"https:\/\/www.gucehaber.com\/index.php\/wp-json\/wp\/v2\/media?parent=1089"}],"wp:term":[{"taxonomy":"category","embeddable":true,"href":"https:\/\/www.gucehaber.com\/index.php\/wp-json\/wp\/v2\/categories?post=1089"},{"taxonomy":"post_tag","embeddable":true,"href":"https:\/\/www.gucehaber.com\/index.php\/wp-json\/wp\/v2\/tags?post=1089"}],"curies":[{"name":"wp","href":"https:\/\/api.w.org\/{rel}","templated":true}]}}