{"id":1020,"date":"2022-11-09T19:55:08","date_gmt":"2022-11-09T19:55:08","guid":{"rendered":"https:\/\/www.gucehaber.com\/?p=1020"},"modified":"2022-11-09T20:05:35","modified_gmt":"2022-11-09T20:05:35","slug":"gucede-karadeniz-insatin-projelerine-yabancilarda-yogun-ilgi-gosteriyor","status":"publish","type":"post","link":"https:\/\/www.gucehaber.com\/index.php\/2022\/11\/09\/gucede-karadeniz-insatin-projelerine-yabancilarda-yogun-ilgi-gosteriyor\/","title":{"rendered":"G\u00fcce\u2019de Karadeniz \u0130n\u015fat\u0131n \u00a0projelerine yabanc\u0131larda yo\u011fun ilgi g\u00f6steriyor"},"content":{"rendered":"\n<p>G\u00fcce\u2019ye bir birinden g\u00fczel konut projeleri kazand\u0131ran ve il\u00e7enin bu alanda marka de\u011ferini art\u0131ran Karadeniz \u0130n\u015faat, birbirinden \u015f\u0131k projeleriyle \u015fimdi de yabanc\u0131lar\u0131n ilgisini \u00e7ekmeye ba\u015flad\u0131.<\/p>\n\n\n\n<p>&nbsp;Bursa\u2019da yapt\u0131\u011f\u0131 binlerce in\u015faat projesine do\u011fdu\u011fu topraklar\u0131 da ekleyen ve son iki y\u0131lda G\u00fcce\u2019de yakla\u015f\u0131k 100 Daire in\u015faa eden Karadeniz \u0130n\u015faat Y\u00f6netim Kurulu Ba\u015fkan\u0131&nbsp;<strong>Adnan Kara<\/strong>&nbsp;G\u00fcce Life Evlerindeki 28 nolu daireyi Kazakistan uyruklu Ceyda han\u0131m\u0131n ald\u0131\u011f\u0131n\u0131 ve 3 nolu daireyi ise \u0130ran Tebrizli Ferhat Bey\u2019in ald\u0131\u011f\u0131n\u0131 s\u00f6yledi.<\/p>\n\n\n\n<figure class=\"wp-block-image size-large\"><img loading=\"lazy\" decoding=\"async\" width=\"768\" height=\"1024\" src=\"https:\/\/www.gucehaber.com\/wp-content\/uploads\/2022\/11\/tapu1-768x1024.jpg\" alt=\"\" class=\"wp-image-1021\" srcset=\"https:\/\/www.gucehaber.com\/wp-content\/uploads\/2022\/11\/tapu1-768x1024.jpg 768w, https:\/\/www.gucehaber.com\/wp-content\/uploads\/2022\/11\/tapu1-225x300.jpg 225w, https:\/\/www.gucehaber.com\/wp-content\/uploads\/2022\/11\/tapu1-1152x1536.jpg 1152w, https:\/\/www.gucehaber.com\/wp-content\/uploads\/2022\/11\/tapu1.jpg 1200w\" sizes=\"auto, (max-width: 768px) 100vw, 768px\" \/><\/figure>\n\n\n\n<p><strong>Herkes De\u011fi\u015fimi \u0130zlemeye Devam Etsin<\/strong><\/p>\n\n\n\n<p>Son y\u0131llarda G\u00fcce \u0130l\u00e7esine Belediye Ba\u015fkan\u0131m\u0131z Aytekin Boduro\u011flu \u00f6nderli\u011finde ciddi yat\u0131r\u0131mlar\u0131n yap\u0131ld\u0131\u011f\u0131n\u0131 belirten \u0130\u015f \u0130nsan\u0131 Adnan Kara;&nbsp;<strong>\u201c Ge\u00e7mi\u015f zamanlarda do\u011fdu\u011fumuz topraklar da i\u015f, a\u015f kap\u0131s\u0131 olmad\u0131\u011f\u0131ndan gurbete gitmek zorunda kald\u0131k. Uzun y\u0131llar da Bursa\u2019da in\u015faat i\u015fleri yapt\u0131k. Halende yapmaya devam ediyoruz. Belediye ba\u015fkan\u0131m\u0131z Aytekin Boduro\u011flu ile birlikte G\u00fcce il\u00e7emiz geli\u015fmeye ba\u015flad\u0131, bizde il\u00e7emize katk\u0131 anlam\u0131nda Karadeniz \u0130n\u015faat olarak yat\u0131r\u0131mlar\u0131m\u0131z\u0131n bir k\u0131sm\u0131n\u0131 il\u00e7emize kayd\u0131rmaya ba\u015flad\u0131k. G\u00fcce Life Evlerimiz 63 daire, G\u00fcce Lotus Park Evleri 16 Daire ve \u015fimdide G\u00fcce Sakl\u0131 Cennet Evleri projemiz ile \u00e7al\u0131\u015fmalar\u0131m\u0131z\u0131 s\u00fcrd\u00fcr\u00fcyoruz. &nbsp;Bunun yan\u0131nda il\u00e7eye yap\u0131lan yat\u0131r\u0131mlar\u0131 g\u00f6ren yurti\u00e7i ve yurtd\u0131\u015f\u0131nda bulunan hem\u015ferilerimiz il\u00e7emize d\u00f6nmeye ba\u015flad\u0131lar\u201d<\/strong>&nbsp;dedi.<\/p>\n\n\n\n<figure class=\"wp-block-image size-large\"><img loading=\"lazy\" decoding=\"async\" width=\"768\" height=\"1024\" src=\"https:\/\/www.gucehaber.com\/wp-content\/uploads\/2022\/11\/tapu2-768x1024.jpg\" alt=\"\" class=\"wp-image-1022\" srcset=\"https:\/\/www.gucehaber.com\/wp-content\/uploads\/2022\/11\/tapu2-768x1024.jpg 768w, https:\/\/www.gucehaber.com\/wp-content\/uploads\/2022\/11\/tapu2-225x300.jpg 225w, https:\/\/www.gucehaber.com\/wp-content\/uploads\/2022\/11\/tapu2-1152x1536.jpg 1152w, https:\/\/www.gucehaber.com\/wp-content\/uploads\/2022\/11\/tapu2.jpg 1200w\" sizes=\"auto, (max-width: 768px) 100vw, 768px\" \/><\/figure>\n\n\n\n<p><strong>G\u00fcce\u2019de Bir \u0130lki Ger\u00e7ekle\u015ftirdik<\/strong><\/p>\n\n\n\n<p>G\u00fcce\u2019de bir ilki de ger\u00e7ekle\u015ftirerek ilk defa yabanc\u0131 bir vatanda\u015fa daire sat\u0131\u015f\u0131 ger\u00e7ekle\u015ftirdiklerini belirten Karadeniz \u0130n\u015faat y\u00f6netim kurulu ba\u015fkan\u0131 Adnan Kara;&nbsp;<strong>\u201c Yap\u0131lan \u00e7al\u0131\u015fmalar ile G\u00fcce il\u00e7emizde de\u011fi\u015fim ve geli\u015fim devam ediyor. Son olarak il\u00e7emize Do\u011falgaz kazmas\u0131 vuruldu ve 2023\u2019de il\u00e7e merkezine do\u011falgaz verilmeye ba\u015flanacak. Bununla beraber \u0130nternetten il\u00e7emizin g\u00fczelliklerini g\u00f6ren Kazakistan uyruklu Ceyda han\u0131m ve \u0130ran Tebrizli Ferhat Bey bizden daire alarak tapular\u0131n\u0131 teslim ald\u0131lar\u201d<\/strong>&nbsp;dedi.<\/p>\n\n\n\n<figure class=\"wp-block-image size-large\"><img loading=\"lazy\" decoding=\"async\" width=\"1024\" height=\"682\" src=\"https:\/\/www.gucehaber.com\/wp-content\/uploads\/2021\/01\/WhatsApp-Image-2020-11-26-at-20.04.21-1-1024x682.jpeg\" alt=\"\" class=\"wp-image-810\" srcset=\"https:\/\/www.gucehaber.com\/wp-content\/uploads\/2021\/01\/WhatsApp-Image-2020-11-26-at-20.04.21-1-1024x682.jpeg 1024w, https:\/\/www.gucehaber.com\/wp-content\/uploads\/2021\/01\/WhatsApp-Image-2020-11-26-at-20.04.21-1-300x200.jpeg 300w, https:\/\/www.gucehaber.com\/wp-content\/uploads\/2021\/01\/WhatsApp-Image-2020-11-26-at-20.04.21-1-768x511.jpeg 768w, https:\/\/www.gucehaber.com\/wp-content\/uploads\/2021\/01\/WhatsApp-Image-2020-11-26-at-20.04.21-1.jpeg 1280w\" sizes=\"auto, (max-width: 1024px) 100vw, 1024px\" \/><\/figure>\n\n\n\n<p>Kaynak:Giresun Havadis<\/p>\n","protected":false},"excerpt":{"rendered":"<p>G\u00fcce\u2019ye bir birinden g\u00fczel konut projeleri kazand\u0131ran ve il\u00e7enin bu alanda marka de\u011ferini art\u0131ran Karadeniz \u0130n\u015faat, birbirinden \u015f\u0131k projeleriyle \u015fimdi de yabanc\u0131lar\u0131n ilgisini \u00e7ekmeye ba\u015flad\u0131. &nbsp;Bursa\u2019da yapt\u0131\u011f\u0131 binlerce in\u015faat projesine do\u011fdu\u011fu topraklar\u0131 da ekleyen ve son iki y\u0131lda G\u00fcce\u2019de yakla\u015f\u0131k 100 Daire in\u015faa eden Karadeniz \u0130n\u015faat Y\u00f6netim Kurulu Ba\u015fkan\u0131&nbsp;Adnan Kara&nbsp;G\u00fcce Life Evlerindeki 28 nolu daireyi [&hellip;]<\/p>\n","protected":false},"author":1,"featured_media":1022,"comment_status":"open","ping_status":"open","sticky":false,"template":"","format":"standard","meta":{"footnotes":""},"categories":[7],"tags":[],"class_list":["post-1020","post","type-post","status-publish","format-standard","has-post-thumbnail","hentry","category-guce"],"aioseo_notices":[],"_links":{"self":[{"href":"https:\/\/www.gucehaber.com\/index.php\/wp-json\/wp\/v2\/posts\/1020","targetHints":{"allow":["GET"]}}],"collection":[{"href":"https:\/\/www.gucehaber.com\/index.php\/wp-json\/wp\/v2\/posts"}],"about":[{"href":"https:\/\/www.gucehaber.com\/index.php\/wp-json\/wp\/v2\/types\/post"}],"author":[{"embeddable":true,"href":"https:\/\/www.gucehaber.com\/index.php\/wp-json\/wp\/v2\/users\/1"}],"replies":[{"embeddable":true,"href":"https:\/\/www.gucehaber.com\/index.php\/wp-json\/wp\/v2\/comments?post=1020"}],"version-history":[{"count":2,"href":"https:\/\/www.gucehaber.com\/index.php\/wp-json\/wp\/v2\/posts\/1020\/revisions"}],"predecessor-version":[{"id":1031,"href":"https:\/\/www.gucehaber.com\/index.php\/wp-json\/wp\/v2\/posts\/1020\/revisions\/1031"}],"wp:featuredmedia":[{"embeddable":true,"href":"https:\/\/www.gucehaber.com\/index.php\/wp-json\/wp\/v2\/media\/1022"}],"wp:attachment":[{"href":"https:\/\/www.gucehaber.com\/index.php\/wp-json\/wp\/v2\/media?parent=1020"}],"wp:term":[{"taxonomy":"category","embeddable":true,"href":"https:\/\/www.gucehaber.com\/index.php\/wp-json\/wp\/v2\/categories?post=1020"},{"taxonomy":"post_tag","embeddable":true,"href":"https:\/\/www.gucehaber.com\/index.php\/wp-json\/wp\/v2\/tags?post=1020"}],"curies":[{"name":"wp","href":"https:\/\/api.w.org\/{rel}","templated":true}]}}