{"id":101,"date":"2019-10-30T18:05:00","date_gmt":"2019-10-30T18:05:00","guid":{"rendered":"http:\/\/www.gucehaber.com\/?p=101"},"modified":"2020-09-06T18:07:59","modified_gmt":"2020-09-06T18:07:59","slug":"29-ekim-cumhuriyet-bayrami-torenlerle-kutlandi","status":"publish","type":"post","link":"https:\/\/www.gucehaber.com\/index.php\/2019\/10\/30\/29-ekim-cumhuriyet-bayrami-torenlerle-kutlandi\/","title":{"rendered":"29 Ekim Cumhuriyet Bayram\u0131 T\u00f6renlerle Kutland\u0131"},"content":{"rendered":"\n<p>29 Ekim Cumhuriyet Bayram\u0131 ve Cumhuriyetimizin 95\u2019inci y\u0131ld\u00f6n\u00fcm\u00fc kutlamalar\u0131 t\u00fcm yurtta oldu\u011fu gibi il\u00e7emizde de \u00e7e\u015fitli etkinliklerle kutland\u0131.<\/p>\n\n\n\n<figure class=\"wp-block-image size-large\"><img loading=\"lazy\" decoding=\"async\" width=\"1024\" height=\"683\" src=\"http:\/\/www.gucehaber.com\/wp-content\/uploads\/2020\/09\/IMG_1062-1024x683-1.jpg\" alt=\"\" class=\"wp-image-102\" srcset=\"https:\/\/www.gucehaber.com\/wp-content\/uploads\/2020\/09\/IMG_1062-1024x683-1.jpg 1024w, https:\/\/www.gucehaber.com\/wp-content\/uploads\/2020\/09\/IMG_1062-1024x683-1-300x200.jpg 300w, https:\/\/www.gucehaber.com\/wp-content\/uploads\/2020\/09\/IMG_1062-1024x683-1-768x512.jpg 768w\" sizes=\"auto, (max-width: 1024px) 100vw, 1024px\" \/><\/figure>\n\n\n\n<p>Cumhuriyet Bayram\u0131 kutlamalar\u0131 28 Ekim Pazartesi g\u00fcn\u00fc Atat\u00fcrk An\u0131t\u0131na \u00e7elenklerin sunulmas\u0131yla ba\u015flad\u0131. \u0130l\u00e7emiz Kaymakam\u0131 Say\u0131n Ahmet Ra\u015fit Orhan 29 Ekim Pazartesi g\u00fcn\u00fc saat 09.00\u2019da Kaymakaml\u0131k makam\u0131nda bayram tebriklerini kabul etti.<\/p>\n\n\n\n<figure class=\"wp-block-image size-large\"><img loading=\"lazy\" decoding=\"async\" width=\"1024\" height=\"683\" src=\"http:\/\/www.gucehaber.com\/wp-content\/uploads\/2020\/09\/IMG_1067-1024x683-1.jpg\" alt=\"\" class=\"wp-image-103\" srcset=\"https:\/\/www.gucehaber.com\/wp-content\/uploads\/2020\/09\/IMG_1067-1024x683-1.jpg 1024w, https:\/\/www.gucehaber.com\/wp-content\/uploads\/2020\/09\/IMG_1067-1024x683-1-300x200.jpg 300w, https:\/\/www.gucehaber.com\/wp-content\/uploads\/2020\/09\/IMG_1067-1024x683-1-768x512.jpg 768w\" sizes=\"auto, (max-width: 1024px) 100vw, 1024px\" \/><\/figure>\n\n\n\n<p>Tebriklerin kabul\u00fcnden sonra G\u00fcce \u00c7ok Programl\u0131 Lisesi t\u00f6ren alan\u0131na ge\u00e7ildi. T\u00f6ren sayg\u0131 duru\u015fu ve \u0130stiklal Mar\u015f\u0131\u2019n\u0131n okunmas\u0131n\u0131n ard\u0131ndan \u0130l\u00e7e Kaymakam\u0131 Ahmet Ra\u015fit Orhan ve Belediye Ba\u015fkan Vekili Hilmi Mert taraf\u0131ndan halk\u0131n ve \u00f6\u011frencilerin bayram\u0131n\u0131 kutlamas\u0131 ile devam etti.<\/p>\n\n\n\n<figure class=\"wp-block-image size-large\"><img loading=\"lazy\" decoding=\"async\" width=\"1024\" height=\"683\" src=\"http:\/\/www.gucehaber.com\/wp-content\/uploads\/2020\/09\/IMG_1078-1024x683-1.jpg\" alt=\"\" class=\"wp-image-104\" srcset=\"https:\/\/www.gucehaber.com\/wp-content\/uploads\/2020\/09\/IMG_1078-1024x683-1.jpg 1024w, https:\/\/www.gucehaber.com\/wp-content\/uploads\/2020\/09\/IMG_1078-1024x683-1-300x200.jpg 300w, https:\/\/www.gucehaber.com\/wp-content\/uploads\/2020\/09\/IMG_1078-1024x683-1-768x512.jpg 768w\" sizes=\"auto, (max-width: 1024px) 100vw, 1024px\" \/><\/figure>\n\n\n\n<p>Kaymakam Orhan taraf\u0131ndan g\u00fcn\u00fcn anlam ve \u00f6nemini belirten konu\u015fman\u0131n yap\u0131lmas\u0131, \u00f6\u011frenciler taraf\u0131ndan haz\u0131rlanan m\u00fczik dinletisi, \u015fiirlerin okunmas\u0131 ve halkoyunu g\u00f6sterilerinin sunulmas\u0131 ile devam etti. T\u00f6ren \u0130l\u00e7e genelinde yap\u0131lan \u015fiir, resim, kompozisyon dallar\u0131nda yap\u0131lan yar\u0131\u015fmalarda dereceye giren \u00f6\u011frencilere \u00f6d\u00fcllerin verilmesinin ard\u0131ndan sona erdi.<\/p>\n\n\n\n<figure class=\"wp-block-image size-large\"><img loading=\"lazy\" decoding=\"async\" width=\"1024\" height=\"683\" src=\"http:\/\/www.gucehaber.com\/wp-content\/uploads\/2020\/09\/IMG_1077-1024x683-1.jpg\" alt=\"\" class=\"wp-image-105\" srcset=\"https:\/\/www.gucehaber.com\/wp-content\/uploads\/2020\/09\/IMG_1077-1024x683-1.jpg 1024w, https:\/\/www.gucehaber.com\/wp-content\/uploads\/2020\/09\/IMG_1077-1024x683-1-300x200.jpg 300w, https:\/\/www.gucehaber.com\/wp-content\/uploads\/2020\/09\/IMG_1077-1024x683-1-768x512.jpg 768w\" sizes=\"auto, (max-width: 1024px) 100vw, 1024px\" \/><\/figure>\n\n\n\n<p>T\u00f6rene \u0130l\u00e7e Kaymakam\u0131 Ahmet Ra\u015fit Orhan, \u0130l\u00e7e Belediye Ba\u015fkan Vekili Hilmi Mert, Jandarma B\u00f6l\u00fck Komutan\u0131 G\u00fcltekin \u00c7olak, Emniyet Amiri Ayhan S\u00fcer, \u0130l\u00e7e M\u00fcft\u00fcs\u00fc Haydar Bekta\u015fo\u011flu, \u0130l\u00e7e Milli E\u011fitim M\u00fcd\u00fcr\u00fc Kahir Al, daire amirleri, AK Parti \u0130l\u00e7e Ba\u015fkan\u0131 Sami Kaya, CHP \u0130l\u00e7e Ba\u015fkan\u0131 Murat \u0130slam, MHP \u0130l\u00e7e Ba\u015fkan\u0131 Hayrettin K\u0131l\u0131\u00e7, okul m\u00fcd\u00fcrleri, \u00f6\u011fretmen, \u00f6\u011frenciler ve vatanda\u015flar kat\u0131ld\u0131.<\/p>\n\n\n\n<figure class=\"wp-block-image size-large\"><img loading=\"lazy\" decoding=\"async\" width=\"1024\" height=\"683\" src=\"http:\/\/www.gucehaber.com\/wp-content\/uploads\/2020\/09\/IMG_1080-1024x683-1.jpg\" alt=\"\" class=\"wp-image-106\" srcset=\"https:\/\/www.gucehaber.com\/wp-content\/uploads\/2020\/09\/IMG_1080-1024x683-1.jpg 1024w, https:\/\/www.gucehaber.com\/wp-content\/uploads\/2020\/09\/IMG_1080-1024x683-1-300x200.jpg 300w, https:\/\/www.gucehaber.com\/wp-content\/uploads\/2020\/09\/IMG_1080-1024x683-1-768x512.jpg 768w\" sizes=\"auto, (max-width: 1024px) 100vw, 1024px\" \/><\/figure>\n","protected":false},"excerpt":{"rendered":"<p>29 Ekim Cumhuriyet Bayram\u0131 ve Cumhuriyetimizin 95\u2019inci y\u0131ld\u00f6n\u00fcm\u00fc kutlamalar\u0131 t\u00fcm yurtta oldu\u011fu gibi il\u00e7emizde de \u00e7e\u015fitli etkinliklerle kutland\u0131. Cumhuriyet Bayram\u0131 kutlamalar\u0131 28 Ekim Pazartesi g\u00fcn\u00fc Atat\u00fcrk An\u0131t\u0131na \u00e7elenklerin sunulmas\u0131yla ba\u015flad\u0131. \u0130l\u00e7emiz Kaymakam\u0131 Say\u0131n Ahmet Ra\u015fit Orhan 29 Ekim Pazartesi g\u00fcn\u00fc saat 09.00\u2019da Kaymakaml\u0131k makam\u0131nda bayram tebriklerini kabul etti. Tebriklerin kabul\u00fcnden sonra G\u00fcce \u00c7ok Programl\u0131 Lisesi [&hellip;]<\/p>\n","protected":false},"author":1,"featured_media":102,"comment_status":"open","ping_status":"open","sticky":false,"template":"","format":"standard","meta":{"footnotes":""},"categories":[7],"tags":[],"class_list":["post-101","post","type-post","status-publish","format-standard","has-post-thumbnail","hentry","category-guce"],"aioseo_notices":[],"_links":{"self":[{"href":"https:\/\/www.gucehaber.com\/index.php\/wp-json\/wp\/v2\/posts\/101","targetHints":{"allow":["GET"]}}],"collection":[{"href":"https:\/\/www.gucehaber.com\/index.php\/wp-json\/wp\/v2\/posts"}],"about":[{"href":"https:\/\/www.gucehaber.com\/index.php\/wp-json\/wp\/v2\/types\/post"}],"author":[{"embeddable":true,"href":"https:\/\/www.gucehaber.com\/index.php\/wp-json\/wp\/v2\/users\/1"}],"replies":[{"embeddable":true,"href":"https:\/\/www.gucehaber.com\/index.php\/wp-json\/wp\/v2\/comments?post=101"}],"version-history":[{"count":1,"href":"https:\/\/www.gucehaber.com\/index.php\/wp-json\/wp\/v2\/posts\/101\/revisions"}],"predecessor-version":[{"id":107,"href":"https:\/\/www.gucehaber.com\/index.php\/wp-json\/wp\/v2\/posts\/101\/revisions\/107"}],"wp:featuredmedia":[{"embeddable":true,"href":"https:\/\/www.gucehaber.com\/index.php\/wp-json\/wp\/v2\/media\/102"}],"wp:attachment":[{"href":"https:\/\/www.gucehaber.com\/index.php\/wp-json\/wp\/v2\/media?parent=101"}],"wp:term":[{"taxonomy":"category","embeddable":true,"href":"https:\/\/www.gucehaber.com\/index.php\/wp-json\/wp\/v2\/categories?post=101"},{"taxonomy":"post_tag","embeddable":true,"href":"https:\/\/www.gucehaber.com\/index.php\/wp-json\/wp\/v2\/tags?post=101"}],"curies":[{"name":"wp","href":"https:\/\/api.w.org\/{rel}","templated":true}]}}